{"id":127039,"date":"2021-03-26T12:12:00","date_gmt":"2021-03-26T15:12:00","guid":{"rendered":"https:\/\/www.hoymercedes.com.ar\/principal\/?p=127039"},"modified":"2021-03-25T20:52:00","modified_gmt":"2021-03-25T23:52:00","slug":"ustarroz-recibio-a-representantes-de-la-superintendencia-de-riesgos-del-trabajo","status":"publish","type":"post","link":"https:\/\/www.hoymercedes.com.ar\/principal\/2021\/03\/26\/ustarroz-recibio-a-representantes-de-la-superintendencia-de-riesgos-del-trabajo\/","title":{"rendered":"Ustarroz recibi\u00f3 a representantes de la Superintendencia de Riesgos del Trabajo"},"content":{"rendered":"\n<figure class=\"wp-block-image size-large\"><img loading=\"lazy\" decoding=\"async\" width=\"1006\" height=\"542\" data-attachment-id=\"127040\" data-permalink=\"https:\/\/www.hoymercedes.com.ar\/principal\/2021\/03\/26\/ustarroz-recibio-a-representantes-de-la-superintendencia-de-riesgos-del-trabajo\/img_5097\/#main\" data-orig-file=\"https:\/\/www.hoymercedes.com.ar\/principal\/wp-content\/uploads\/2021\/03\/IMG_5097.jpg\" data-orig-size=\"1006,542\" data-comments-opened=\"0\" data-image-meta=\"{&quot;aperture&quot;:&quot;0&quot;,&quot;credit&quot;:&quot;&quot;,&quot;camera&quot;:&quot;&quot;,&quot;caption&quot;:&quot;&quot;,&quot;created_timestamp&quot;:&quot;0&quot;,&quot;copyright&quot;:&quot;&quot;,&quot;focal_length&quot;:&quot;0&quot;,&quot;iso&quot;:&quot;0&quot;,&quot;shutter_speed&quot;:&quot;0&quot;,&quot;title&quot;:&quot;&quot;,&quot;orientation&quot;:&quot;0&quot;}\" data-image-title=\"IMG_5097\" data-image-description=\"\" data-image-caption=\"\" data-large-file=\"https:\/\/www.hoymercedes.com.ar\/principal\/wp-content\/uploads\/2021\/03\/IMG_5097.jpg\" src=\"https:\/\/www.hoymercedes.com.ar\/principal\/wp-content\/uploads\/2021\/03\/IMG_5097.jpg\" alt=\"\" class=\"wp-image-127040\" srcset=\"https:\/\/www.hoymercedes.com.ar\/principal\/wp-content\/uploads\/2021\/03\/IMG_5097.jpg 1006w, https:\/\/www.hoymercedes.com.ar\/principal\/wp-content\/uploads\/2021\/03\/IMG_5097-630x339.jpg 630w, https:\/\/www.hoymercedes.com.ar\/principal\/wp-content\/uploads\/2021\/03\/IMG_5097-150x81.jpg 150w\" sizes=\"auto, (max-width: 1006px) 100vw, 1006px\" \/><\/figure>\n\n\n\n<p>El intendente Juan Ignacio Ustarroz junto a la secretaria de gobierno, Clara Zunino, se reunieron con Ronan Romero, qui\u00e9n est\u00e1 a cargo del \u00e1rea de apoyo y redes provinciales de la Superintendencia de Riesgos del Trabajo de la Naci\u00f3n, con el objetivo de continuar articulando dispositivos y herramientas destinadas a la capacitaci\u00f3n de los trabajadores municipales. &nbsp;<\/p>\n\n\n\n<p>La visita fue previa a la firma de un convenio para la asistencia t\u00e9cnica a los trabajadores municipales en todo lo referente a riesgos laborales. &nbsp;Por tal motivo tambi\u00e9n estuvo presente la subdirectora de Recursos Humanos de la Municipalidad de Mercedes, Agustina Bertera. &nbsp;<\/p>\n\n\n\n<p>La firma del convenio de capacitaci\u00f3n y prevenci\u00f3n beneficiar\u00e1 a los trabajadores comunales con el objetivo de brindar herramientas t\u00e9cnicas para mejorar las condiciones de seguridad y salud en el trabajo en los establecimientos p\u00fablicos de la intendencia.&nbsp;<\/p>\n\n\n\n<p>Clara Zunino, secretaria de gobierno, se\u00f1al\u00f3 \u201cesto no s\u00f3lo conllevar\u00e1 relevamientos internos para bajar la siniestralidad, sino principalmente en capacitaci\u00f3n a todas las \u00e1reas\u201d y agreg\u00f3 \u201cla superintendencia ser\u00e1 un fuerte apoyo en la formaci\u00f3n de las diferentes capacitaciones\u201d. &nbsp;<\/p>\n\n\n\n<p>\u201cEl objetivo es mejorar la calidad del empleo y garantizar ambientes de trabajo m\u00e1s seguros y saludables, en los distintos establecimientos y organismos p\u00fablicos\u201d manifestaron desde la Superintendente de Riesgos del Trabajo. &nbsp;<\/p>\n","protected":false},"excerpt":{"rendered":"<p>El intendente Juan Ignacio Ustarroz junto a la secretaria de gobierno, Clara Zunino, se reunieron con Ronan Romero, qui\u00e9n est\u00e1 &#8230; <a title=\"Ustarroz recibi\u00f3 a representantes de la Superintendencia de Riesgos del Trabajo\" class=\"read-more\" href=\"https:\/\/www.hoymercedes.com.ar\/principal\/2021\/03\/26\/ustarroz-recibio-a-representantes-de-la-superintendencia-de-riesgos-del-trabajo\/\" aria-label=\"Leer m\u00e1s sobre Ustarroz recibi\u00f3 a representantes de la Superintendencia de Riesgos del Trabajo\">Leer m\u00e1s<\/a><\/p>\n","protected":false},"author":1,"featured_media":127040,"comment_status":"closed","ping_status":"open","sticky":false,"template":"","format":"standard","meta":{"_monsterinsights_skip_tracking":false,"_monsterinsights_sitenote_active":false,"_monsterinsights_sitenote_note":"","_monsterinsights_sitenote_category":0,"jetpack_post_was_ever_published":false,"_jetpack_newsletter_access":"","_jetpack_dont_email_post_to_subs":false,"_jetpack_newsletter_tier_id":0,"_jetpack_memberships_contains_paywalled_content":false,"_jetpack_memberships_contains_paid_content":false,"footnotes":"","jetpack_publicize_message":"","jetpack_publicize_feature_enabled":true,"jetpack_social_post_already_shared":true,"jetpack_social_options":{"image_generator_settings":{"template":"highway","default_image_id":0,"font":"","enabled":false},"version":2},"_wpas_customize_per_network":false},"categories":[30],"tags":[424,14348],"class_list":["post-127039","post","type-post","status-publish","format-standard","has-post-thumbnail","hentry","category-municipio","tag-ustarroz","tag-zunino","generate-columns","tablet-grid-50","mobile-grid-100","grid-parent","grid-50"],"jetpack_publicize_connections":[],"jetpack_featured_media_url":"https:\/\/www.hoymercedes.com.ar\/principal\/wp-content\/uploads\/2021\/03\/IMG_5097.jpg","wps_subtitle":"Gestiones nacionales ","jetpack_sharing_enabled":true,"jetpack-related-posts":[{"id":154434,"url":"https:\/\/www.hoymercedes.com.ar\/principal\/2022\/10\/21\/unidad-y-alegria-tras-cierre-paritario-para-municipales\/","url_meta":{"origin":127039,"position":0},"title":"Unidad y alegr\u00eda tras cierre paritario para municipales","author":"hoymercedes","date":"21 octubre, 2022","format":false,"excerpt":"Tras varias reuniones y un fuerte trabajo en unidad se logr\u00f3 cerrar una nueva ronda paritaria municipal. Hubo c\u00e1nticos de alegr\u00eda de los trabajadores a la salida del Palacio Municipal al ratificar un 94.6% de aumento salarial y una revisi\u00f3n en diciembre. Adem\u00e1s de bonos del d\u00eda del municipal, de\u2026","rel":"","context":"En \u00abMunicipio\u00bb","block_context":{"text":"Municipio","link":"https:\/\/www.hoymercedes.com.ar\/principal\/category\/municipio\/"},"img":{"alt_text":"","src":"https:\/\/i0.wp.com\/www.hoymercedes.com.ar\/principal\/wp-content\/uploads\/2022\/10\/DSC05125.jpg?resize=350%2C200&ssl=1","width":350,"height":200,"srcset":"https:\/\/i0.wp.com\/www.hoymercedes.com.ar\/principal\/wp-content\/uploads\/2022\/10\/DSC05125.jpg?resize=350%2C200&ssl=1 1x, https:\/\/i0.wp.com\/www.hoymercedes.com.ar\/principal\/wp-content\/uploads\/2022\/10\/DSC05125.jpg?resize=525%2C300&ssl=1 1.5x, https:\/\/i0.wp.com\/www.hoymercedes.com.ar\/principal\/wp-content\/uploads\/2022\/10\/DSC05125.jpg?resize=700%2C400&ssl=1 2x, https:\/\/i0.wp.com\/www.hoymercedes.com.ar\/principal\/wp-content\/uploads\/2022\/10\/DSC05125.jpg?resize=1050%2C600&ssl=1 3x"},"classes":[]},{"id":156038,"url":"https:\/\/www.hoymercedes.com.ar\/principal\/2022\/11\/30\/municipales-recibieron-categorias-y-reconocimientos\/","url_meta":{"origin":127039,"position":1},"title":"Municipales recibieron categor\u00edas y reconocimientos\u00a0","author":"hoymercedes","date":"30 noviembre, 2022","format":false,"excerpt":"El Municipio de Mercedes realiz\u00f3 el acto de entrega de categor\u00edas y reconocimientos a municipales. M\u00e1s de 270 trabajadores recibieron sus distinciones en el encuentro con las autoridades comunales.","rel":"","context":"En \u00abMunicipio\u00bb","block_context":{"text":"Municipio","link":"https:\/\/www.hoymercedes.com.ar\/principal\/category\/municipio\/"},"img":{"alt_text":"","src":"https:\/\/i0.wp.com\/www.hoymercedes.com.ar\/principal\/wp-content\/uploads\/2022\/11\/FiuxF1RX0AAhiPh.jpg?resize=350%2C200&ssl=1","width":350,"height":200,"srcset":"https:\/\/i0.wp.com\/www.hoymercedes.com.ar\/principal\/wp-content\/uploads\/2022\/11\/FiuxF1RX0AAhiPh.jpg?resize=350%2C200&ssl=1 1x, https:\/\/i0.wp.com\/www.hoymercedes.com.ar\/principal\/wp-content\/uploads\/2022\/11\/FiuxF1RX0AAhiPh.jpg?resize=525%2C300&ssl=1 1.5x, https:\/\/i0.wp.com\/www.hoymercedes.com.ar\/principal\/wp-content\/uploads\/2022\/11\/FiuxF1RX0AAhiPh.jpg?resize=700%2C400&ssl=1 2x"},"classes":[]},{"id":179452,"url":"https:\/\/www.hoymercedes.com.ar\/principal\/2024\/10\/09\/ajb-con-presencias-provinciales-e-invitados-asumieron-las-autoridades-locales\/","url_meta":{"origin":127039,"position":2},"title":"AJB: con presencias provinciales e invitados asumieron las autoridades locales","author":"hoymercedes","date":"9 octubre, 2024","format":false,"excerpt":"Tras la asunci\u00f3n de autoridades en el acto central de La Plata en nuestra ciudad tambi\u00e9n se vivi\u00f3 un encuentro para que Ignacio Cassiani y Eduardo Zunino tomen posesi\u00f3n del gremio junto a un amplio y reconocido equipo de trabajo. Estuvo presente el intendente Ustarroz. \u201cSe realiz\u00f3 un congreso provincial\u2026","rel":"","context":"En \u00abSociedad\u00bb","block_context":{"text":"Sociedad","link":"https:\/\/www.hoymercedes.com.ar\/principal\/category\/sociedad\/"},"img":{"alt_text":"","src":"https:\/\/i0.wp.com\/www.hoymercedes.com.ar\/principal\/wp-content\/uploads\/2024\/10\/AsuncionAJB-2024.jpg?resize=350%2C200&ssl=1","width":350,"height":200,"srcset":"https:\/\/i0.wp.com\/www.hoymercedes.com.ar\/principal\/wp-content\/uploads\/2024\/10\/AsuncionAJB-2024.jpg?resize=350%2C200&ssl=1 1x, https:\/\/i0.wp.com\/www.hoymercedes.com.ar\/principal\/wp-content\/uploads\/2024\/10\/AsuncionAJB-2024.jpg?resize=525%2C300&ssl=1 1.5x, https:\/\/i0.wp.com\/www.hoymercedes.com.ar\/principal\/wp-content\/uploads\/2024\/10\/AsuncionAJB-2024.jpg?resize=700%2C400&ssl=1 2x, https:\/\/i0.wp.com\/www.hoymercedes.com.ar\/principal\/wp-content\/uploads\/2024\/10\/AsuncionAJB-2024.jpg?resize=1050%2C600&ssl=1 3x"},"classes":[]},{"id":158395,"url":"https:\/\/www.hoymercedes.com.ar\/principal\/2023\/02\/15\/municipales-cierre-de-paritarias-en-el-69\/","url_meta":{"origin":127039,"position":3},"title":"Municipales: cierre de paritarias en el 69%","author":"hoymercedes","date":"15 febrero, 2023","format":false,"excerpt":"Por unanimidad el Ejecutivo y todas las representaciones sindicales cerraron paritarias 2023 de las y los trabajadores municipales. Fue tras varias jornadas de gesti\u00f3n en Mesa Paritaria. El acuerdo implica m\u00faltiples beneficios, entre ellos un aumento del 69%, salario m\u00ednimo b\u00e1sico asegurado, presentismo, bonos por temas puntuales y revisi\u00f3n del\u2026","rel":"","context":"En \u00abMunicipio\u00bb","block_context":{"text":"Municipio","link":"https:\/\/www.hoymercedes.com.ar\/principal\/category\/municipio\/"},"img":{"alt_text":"","src":"https:\/\/i0.wp.com\/www.hoymercedes.com.ar\/principal\/wp-content\/uploads\/2023\/02\/Paritarias-23.jpg?resize=350%2C200&ssl=1","width":350,"height":200,"srcset":"https:\/\/i0.wp.com\/www.hoymercedes.com.ar\/principal\/wp-content\/uploads\/2023\/02\/Paritarias-23.jpg?resize=350%2C200&ssl=1 1x, https:\/\/i0.wp.com\/www.hoymercedes.com.ar\/principal\/wp-content\/uploads\/2023\/02\/Paritarias-23.jpg?resize=525%2C300&ssl=1 1.5x, https:\/\/i0.wp.com\/www.hoymercedes.com.ar\/principal\/wp-content\/uploads\/2023\/02\/Paritarias-23.jpg?resize=700%2C400&ssl=1 2x, https:\/\/i0.wp.com\/www.hoymercedes.com.ar\/principal\/wp-content\/uploads\/2023\/02\/Paritarias-23.jpg?resize=1050%2C600&ssl=1 3x"},"classes":[]},{"id":114928,"url":"https:\/\/www.hoymercedes.com.ar\/principal\/2020\/08\/11\/trabajadores-municipales-recibieron-la-categoria-13\/","url_meta":{"origin":127039,"position":4},"title":"Trabajadores municipales recibieron la categor\u00eda 13","author":"hoymercedes","date":"11 agosto, 2020","format":false,"excerpt":"El intendente Juan Ignacio Ustarroz notific\u00f3 a trabajadores municipales su traspaso a la categor\u00eda 13 y reconoci\u00f3 en ellos la labor que vienen efectuando todos los empleados comunales en el mantenimiento y progreso de la ciudad. De manera simb\u00f3lica se le entreg\u00f3 a un reducido n\u00famero de trabajadores mientras que,\u2026","rel":"","context":"En \u00abMunicipio\u00bb","block_context":{"text":"Municipio","link":"https:\/\/www.hoymercedes.com.ar\/principal\/category\/municipio\/"},"img":{"alt_text":"","src":"https:\/\/i0.wp.com\/www.hoymercedes.com.ar\/principal\/wp-content\/uploads\/2020\/08\/DSC05856.jpg?resize=350%2C200&ssl=1","width":350,"height":200,"srcset":"https:\/\/i0.wp.com\/www.hoymercedes.com.ar\/principal\/wp-content\/uploads\/2020\/08\/DSC05856.jpg?resize=350%2C200&ssl=1 1x, https:\/\/i0.wp.com\/www.hoymercedes.com.ar\/principal\/wp-content\/uploads\/2020\/08\/DSC05856.jpg?resize=525%2C300&ssl=1 1.5x, https:\/\/i0.wp.com\/www.hoymercedes.com.ar\/principal\/wp-content\/uploads\/2020\/08\/DSC05856.jpg?resize=700%2C400&ssl=1 2x"},"classes":[]},{"id":185300,"url":"https:\/\/www.hoymercedes.com.ar\/principal\/2025\/06\/13\/abogados-iniciaron-accion-de-amparo-contra-la-superintendencia-de-riesgos-del-trabajo\/","url_meta":{"origin":127039,"position":5},"title":"Abogados iniciaron acci\u00f3n de amparo contra la Superintendencia de Riesgos del Trabajo","author":"hoymercedes","date":"13 junio, 2025","format":false,"excerpt":"El Colegio de Abogados del Departamento Judicial de Mercedes inici\u00f3 acci\u00f3n de amparo contra la Superintendencia de Riesgos del Trabajo. Es por la problem\u00e1tica de las Comisiones M\u00e9dicas de Mercedes y Luj\u00e1n. El Colegio de Abogados del Departamento Judicial de Mercedes ha promovido, en el d\u00eda de la fecha (12\/06\/2025),\u2026","rel":"","context":"En \u00abSociedad\u00bb","block_context":{"text":"Sociedad","link":"https:\/\/www.hoymercedes.com.ar\/principal\/category\/sociedad\/"},"img":{"alt_text":"","src":"https:\/\/i0.wp.com\/www.hoymercedes.com.ar\/principal\/wp-content\/uploads\/2024\/06\/sede-abogados.jpg?resize=350%2C200&ssl=1","width":350,"height":200,"srcset":"https:\/\/i0.wp.com\/www.hoymercedes.com.ar\/principal\/wp-content\/uploads\/2024\/06\/sede-abogados.jpg?resize=350%2C200&ssl=1 1x, https:\/\/i0.wp.com\/www.hoymercedes.com.ar\/principal\/wp-content\/uploads\/2024\/06\/sede-abogados.jpg?resize=525%2C300&ssl=1 1.5x, https:\/\/i0.wp.com\/www.hoymercedes.com.ar\/principal\/wp-content\/uploads\/2024\/06\/sede-abogados.jpg?resize=700%2C400&ssl=1 2x"},"classes":[]}],"_links":{"self":[{"href":"https:\/\/www.hoymercedes.com.ar\/principal\/wp-json\/wp\/v2\/posts\/127039","targetHints":{"allow":["GET"]}}],"collection":[{"href":"https:\/\/www.hoymercedes.com.ar\/principal\/wp-json\/wp\/v2\/posts"}],"about":[{"href":"https:\/\/www.hoymercedes.com.ar\/principal\/wp-json\/wp\/v2\/types\/post"}],"author":[{"embeddable":true,"href":"https:\/\/www.hoymercedes.com.ar\/principal\/wp-json\/wp\/v2\/users\/1"}],"replies":[{"embeddable":true,"href":"https:\/\/www.hoymercedes.com.ar\/principal\/wp-json\/wp\/v2\/comments?post=127039"}],"version-history":[{"count":0,"href":"https:\/\/www.hoymercedes.com.ar\/principal\/wp-json\/wp\/v2\/posts\/127039\/revisions"}],"wp:featuredmedia":[{"embeddable":true,"href":"https:\/\/www.hoymercedes.com.ar\/principal\/wp-json\/wp\/v2\/media\/127040"}],"wp:attachment":[{"href":"https:\/\/www.hoymercedes.com.ar\/principal\/wp-json\/wp\/v2\/media?parent=127039"}],"wp:term":[{"taxonomy":"category","embeddable":true,"href":"https:\/\/www.hoymercedes.com.ar\/principal\/wp-json\/wp\/v2\/categories?post=127039"},{"taxonomy":"post_tag","embeddable":true,"href":"https:\/\/www.hoymercedes.com.ar\/principal\/wp-json\/wp\/v2\/tags?post=127039"}],"curies":[{"name":"wp","href":"https:\/\/api.w.org\/{rel}","templated":true}]}}