{"id":127071,"date":"2021-03-26T21:13:22","date_gmt":"2021-03-27T00:13:22","guid":{"rendered":"https:\/\/www.hoymercedes.com.ar\/principal\/?p=127071"},"modified":"2021-03-26T21:13:28","modified_gmt":"2021-03-27T00:13:28","slug":"mercedes-sera-parte-del-foro-internacional-por-el-deporte-y-la-paz","status":"publish","type":"post","link":"https:\/\/www.hoymercedes.com.ar\/principal\/2021\/03\/26\/mercedes-sera-parte-del-foro-internacional-por-el-deporte-y-la-paz\/","title":{"rendered":"Mercedes ser\u00e1 parte del Foro Internacional por el Deporte y la Paz"},"content":{"rendered":"\n<p><\/p>\n\n\n\n<p>El pr\u00f3ximo 10 de abril, en el marco del d\u00eda Internacional del Deporte para el Desarrollo y la Paz, se llevar\u00e1 a cabo un Foro internacional el que se desarrollar\u00e1 en el Gran Hotel Mercedes y llevar\u00e1 como consigna, \u00abEl rol de los clubes en tiempo de pandemia\u00bb.<\/p>\n\n\n\n<p>La actividad es organizada por el All Boys Solidario y la Asociaci\u00f3n Civil Acercando Naciones, quienes se proponen a trav\u00e9s de este encuentro, compartir experiencias de acciones concretas de solidaridad por parte de los clubes y organizaciones sociales, en tiempos de pandemia y crisis. El evento contar\u00e1 con la participaci\u00f3n de representantes de organizaciones de la sociedad civil, deportistas, empresas, embajadas, clubes y asociaciones deportivas. Quienes ya confirmaron su participaci\u00f3n son: V\u00e9lez Sarsfield Social, Racing Solidario, Gimnasia y Esgrima, Arsenal, Platense, Banfield, Argentinos Juniors, CA Hurac\u00e1n, AFA (F\u00fatbol Femenino), Ferro carril Oeste, Club Luj\u00e1n, Club los Andes, Defensa y Justicia, CAI de Chivilcoy, CAD (Confederaci\u00f3n Argentina del Deporte), Rugby sin Fronteras, Asociaci\u00f3n Argentina de Muay Tai, Akamasoa Argentina, Ex Jugadores \u201cLa Candela\u201d Boca Juniors, Principitos de Retiro y Facundo Diz Club de F\u00fatbol. Adem\u00e1s estar\u00e1n presentes Lud, Solidarizarse, Fundaci\u00f3n Dejando Huellas de Salta, Merendero\u201cLa Dignidad\u201d, Asociaci\u00f3n Civil Cebollitas, El Front\u00f3n Club Social, Fadesir (Federaci\u00f3n Argentina de Deportes sobre silla de ruedas) y el Comit\u00e9 Paralimpico Argentino (Copar).puentes Solidarios.Club Quilmes de Mercedes<\/p>\n\n\n\n<p>\u00bfQu\u00e9 es la diplomacia deportiva?<\/p>\n\n\n\n<p>La Asociaci\u00f3n Civil Acercando Naciones se propuso impulsar desde el a\u00f1o 2019 el El pr\u00f3ximo 10 de abril, en el marco del d\u00eda Internacional del Deporte para el Desarrollo y la Paz, se llevar\u00e1 a cabo un Foro internacional el que se desarrollar\u00e1 en el Gran Hotel Mercedes y llevar\u00e1 como consigna, \u00abEl rol de los clubes en tiempo de pandemia\u00bb. La actividad es organizada por el All Boys Solidario y la Asociaci\u00f3n Civil Acercando Naciones, quienes se proponen a trav\u00e9s de este encuentro, compartir experiencias de acciones concretas de solidaridad por parte de los clubes y organizaciones sociales, en tiempos de pandemia y crisis. El evento contar\u00e1 con la participaci\u00f3n de representantes de organizaciones de la sociedad civil, deportistas, empresas, embajadas, clubes y asociaciones deportivas. Quienes ya confirmaron su participaci\u00f3n son: V\u00e9lez Sarsfield Social, Racing Solidario, Gimnasia y Esgrima, Arsenal, Platense, Banfield, Argentinos Juniors, CA Hurac\u00e1n, AFA (F\u00fatbol Femenino), Ferrocarril Oeste, Club Luj\u00e1n, Club los Andes, Defensa y Justicia, CAI de Chivilcoy, CAD (Confederaci\u00f3n Argentina del Deporte), Rugby sin Fronteras, Asociaci\u00f3n Argentina de Muay Tai, Akamasoa Argentina, Ex Jugadores \u201cLa Candela\u201d Boca Juniors, Principitos de Retiro y Facundo Diz Club de F\u00fatbol. Adem\u00e1s estar\u00e1n presentes Lud, Solidarizarse, Fundaci\u00f3n Dejando Huellas de Salta, Merendero\u201cLa Dignidad\u201d, Asociaci\u00f3n Civil Cebollitas, El Front\u00f3n Club Social, Fadesir (Federaci\u00f3n Argentina de Deportes sobre silla de ruedas) y el Comit\u00e9 Paralimpico Argentino (Copar).puentes Solidarios. Club Quilmes de Mercedes<\/p>\n","protected":false},"excerpt":{"rendered":"<p>El pr\u00f3ximo 10 de abril, en el marco del d\u00eda Internacional del Deporte para el Desarrollo y la Paz, se &#8230; <a title=\"Mercedes ser\u00e1 parte del Foro Internacional por el Deporte y la Paz\" class=\"read-more\" href=\"https:\/\/www.hoymercedes.com.ar\/principal\/2021\/03\/26\/mercedes-sera-parte-del-foro-internacional-por-el-deporte-y-la-paz\/\" aria-label=\"Leer m\u00e1s sobre Mercedes ser\u00e1 parte del Foro Internacional por el Deporte y la Paz\">Leer m\u00e1s<\/a><\/p>\n","protected":false},"author":1,"featured_media":120029,"comment_status":"closed","ping_status":"open","sticky":false,"template":"","format":"standard","meta":{"_monsterinsights_skip_tracking":false,"_monsterinsights_sitenote_active":false,"_monsterinsights_sitenote_note":"","_monsterinsights_sitenote_category":0,"jetpack_post_was_ever_published":false,"_jetpack_newsletter_access":"","_jetpack_dont_email_post_to_subs":false,"_jetpack_newsletter_tier_id":0,"_jetpack_memberships_contains_paywalled_content":false,"_jetpack_memberships_contains_paid_content":false,"footnotes":"","jetpack_publicize_message":"","jetpack_publicize_feature_enabled":true,"jetpack_social_post_already_shared":true,"jetpack_social_options":{"image_generator_settings":{"template":"highway","default_image_id":0,"font":"","enabled":false},"version":2},"_wpas_customize_per_network":false},"categories":[21],"tags":[10506],"class_list":["post-127071","post","type-post","status-publish","format-standard","has-post-thumbnail","hentry","category-deportes","tag-all-boys-solidario","generate-columns","tablet-grid-50","mobile-grid-100","grid-parent","grid-50"],"jetpack_publicize_connections":[],"jetpack_featured_media_url":"https:\/\/www.hoymercedes.com.ar\/principal\/wp-content\/uploads\/2020\/11\/12-allboys-navidad.jpeg","wps_subtitle":"Solidaridad y gesti\u00f3n","jetpack_sharing_enabled":true,"jetpack-related-posts":[{"id":110828,"url":"https:\/\/www.hoymercedes.com.ar\/principal\/2020\/05\/18\/all-boys-solidario-organiza-locro-para-el-25-de-mayo\/","url_meta":{"origin":127071,"position":0},"title":"All Boys Solidario organiza locro para el 25 de mayo","author":"hoymercedes","date":"18 mayo, 2020","format":false,"excerpt":"\"Un locro de locos\" es el nombre de la campa\u00f1a que llevan adelante clubes sociales y deportivos, entre ellos All Boys. El locro del 25 de mayo se repartir\u00e1n 1000 platos entre los vecinos de distintos barrios. Luego se repartir\u00e1n pasteles y chocolate caliente por diferentes merenderos, Divina Providencia, Lowe\u2026","rel":"","context":"En \u00abComunidad\u00bb","block_context":{"text":"Comunidad","link":"https:\/\/www.hoymercedes.com.ar\/principal\/category\/comunidad\/"},"img":{"alt_text":"","src":"https:\/\/i0.wp.com\/www.hoymercedes.com.ar\/principal\/wp-content\/uploads\/2020\/05\/18-locro-all-boys.jpg?resize=350%2C200&ssl=1","width":350,"height":200,"srcset":"https:\/\/i0.wp.com\/www.hoymercedes.com.ar\/principal\/wp-content\/uploads\/2020\/05\/18-locro-all-boys.jpg?resize=350%2C200&ssl=1 1x, https:\/\/i0.wp.com\/www.hoymercedes.com.ar\/principal\/wp-content\/uploads\/2020\/05\/18-locro-all-boys.jpg?resize=525%2C300&ssl=1 1.5x, https:\/\/i0.wp.com\/www.hoymercedes.com.ar\/principal\/wp-content\/uploads\/2020\/05\/18-locro-all-boys.jpg?resize=700%2C400&ssl=1 2x"},"classes":[]},{"id":191286,"url":"https:\/\/www.hoymercedes.com.ar\/principal\/2026\/01\/29\/clubes-y-organizaciones-se-unieron-en-mercedes-para-enviar-ayuda-solidaria-a-la-patagonia\/","url_meta":{"origin":127071,"position":1},"title":"Clubes y organizaciones se unieron en Mercedes para enviar ayuda solidaria a la Patagonia","author":"hoymercedes","date":"29 enero, 2026","format":false,"excerpt":"Una campa\u00f1a solidaria liderada por All Boys Solidario, bajo la coordinaci\u00f3n de Omar \u201cPelusa\u201d Gonz\u00e1lez, logr\u00f3 reunir a diversas instituciones deportivas y sociales para env\u00edar asistencia humanitaria a las familias afectadas por los incendios forestales en la Patagonia. Esta iniciativa, denominada \u201cJuntos por la Patagonia\u201d, se convirti\u00f3 en un s\u00edmbolo\u2026","rel":"","context":"En \u00abSociedad\u00bb","block_context":{"text":"Sociedad","link":"https:\/\/www.hoymercedes.com.ar\/principal\/category\/sociedad\/"},"img":{"alt_text":"","src":"https:\/\/i0.wp.com\/www.hoymercedes.com.ar\/principal\/wp-content\/uploads\/2026\/01\/WhatsApp-Image-2026-01-26-at-23.35.28.jpeg?resize=350%2C200&ssl=1","width":350,"height":200,"srcset":"https:\/\/i0.wp.com\/www.hoymercedes.com.ar\/principal\/wp-content\/uploads\/2026\/01\/WhatsApp-Image-2026-01-26-at-23.35.28.jpeg?resize=350%2C200&ssl=1 1x, https:\/\/i0.wp.com\/www.hoymercedes.com.ar\/principal\/wp-content\/uploads\/2026\/01\/WhatsApp-Image-2026-01-26-at-23.35.28.jpeg?resize=525%2C300&ssl=1 1.5x"},"classes":[]},{"id":137524,"url":"https:\/\/www.hoymercedes.com.ar\/principal\/2021\/09\/19\/all-boys-solidario-en-mendoza\/","url_meta":{"origin":127071,"position":2},"title":"All Boys Solidario en Mendoza","author":"hoymercedes","date":"19 septiembre, 2021","format":false,"excerpt":"La titular de All Boys Solidario, Malena Del Giudice, visit\u00f3 Santa Rosa, en la provincia de Mendoza. All\u00ed se llev\u00f3 a cabo el lanzamiento de un proyecto social y deportivo destinado a j\u00f3venes desde los 11 a los 18 a\u00f1os y a mujeres sin l\u00edmite de edad, una iniciativa organizada\u2026","rel":"","context":"En \u00abSociedad\u00bb","block_context":{"text":"Sociedad","link":"https:\/\/www.hoymercedes.com.ar\/principal\/category\/sociedad\/"},"img":{"alt_text":"","src":"https:\/\/i0.wp.com\/www.hoymercedes.com.ar\/principal\/wp-content\/uploads\/2021\/09\/WhatsApp-Image-2021-09-19-at-16.13.26.jpeg?resize=350%2C200&ssl=1","width":350,"height":200,"srcset":"https:\/\/i0.wp.com\/www.hoymercedes.com.ar\/principal\/wp-content\/uploads\/2021\/09\/WhatsApp-Image-2021-09-19-at-16.13.26.jpeg?resize=350%2C200&ssl=1 1x, https:\/\/i0.wp.com\/www.hoymercedes.com.ar\/principal\/wp-content\/uploads\/2021\/09\/WhatsApp-Image-2021-09-19-at-16.13.26.jpeg?resize=525%2C300&ssl=1 1.5x, https:\/\/i0.wp.com\/www.hoymercedes.com.ar\/principal\/wp-content\/uploads\/2021\/09\/WhatsApp-Image-2021-09-19-at-16.13.26.jpeg?resize=700%2C400&ssl=1 2x"},"classes":[]},{"id":112491,"url":"https:\/\/www.hoymercedes.com.ar\/principal\/2020\/06\/22\/jornada-solidaria-de-all-boys-solidario\/","url_meta":{"origin":127071,"position":3},"title":"Jornada solidaria de All Boys Solidario","author":"hoymercedes","date":"22 junio, 2020","format":false,"excerpt":"All Boys Solidario llev\u00f3 adelante una jornada solidaria con la entrega viandas de guiso que fueron distribuidas por los clubes y comedores del pa\u00eds. En Mercedes se entregaron m\u00e1s de 1700 viandas en total. Adem\u00e1s de entregar para los merenderos tortas elaboradas por vecinas que integran instituciones como Lalcec y\u2026","rel":"","context":"En \u00abSociedad\u00bb","block_context":{"text":"Sociedad","link":"https:\/\/www.hoymercedes.com.ar\/principal\/category\/sociedad\/"},"img":{"alt_text":"","src":"https:\/\/i0.wp.com\/www.hoymercedes.com.ar\/principal\/wp-content\/uploads\/2020\/06\/22-all-boys.jpeg?resize=350%2C200&ssl=1","width":350,"height":200,"srcset":"https:\/\/i0.wp.com\/www.hoymercedes.com.ar\/principal\/wp-content\/uploads\/2020\/06\/22-all-boys.jpeg?resize=350%2C200&ssl=1 1x, https:\/\/i0.wp.com\/www.hoymercedes.com.ar\/principal\/wp-content\/uploads\/2020\/06\/22-all-boys.jpeg?resize=525%2C300&ssl=1 1.5x, https:\/\/i0.wp.com\/www.hoymercedes.com.ar\/principal\/wp-content\/uploads\/2020\/06\/22-all-boys.jpeg?resize=700%2C400&ssl=1 2x"},"classes":[]},{"id":190712,"url":"https:\/\/www.hoymercedes.com.ar\/principal\/2026\/01\/07\/mercedes-podria-ser-sede-de-un-congreso-federal-de-clubes-de-la-afa-centrado-en-responsabilidad-social\/","url_meta":{"origin":127071,"position":4},"title":"Mercedes podr\u00eda ser sede de un Congreso Federal de Clubes de la AFA centrado en responsabilidad social","author":"hoymercedes","date":"7 enero, 2026","format":false,"excerpt":"La ciudad de Mercedes avanz\u00f3 en gestiones para convertirse en sede de un importante encuentro federal de clubes afiliados a la Asociaci\u00f3n del F\u00fatbol Argentino (AFA), con el objetivo de debatir el **rol social del deporte y promover acciones solidarias desde las instituciones deportivas. El proyecto fue analizado durante una\u2026","rel":"","context":"En \u00abSociedad\u00bb","block_context":{"text":"Sociedad","link":"https:\/\/www.hoymercedes.com.ar\/principal\/category\/sociedad\/"},"img":{"alt_text":"","src":"https:\/\/i0.wp.com\/www.hoymercedes.com.ar\/principal\/wp-content\/uploads\/2026\/01\/WhatsApp-Image-2026-01-06-at-20.42.38.jpeg?resize=350%2C200&ssl=1","width":350,"height":200},"classes":[]},{"id":190939,"url":"https:\/\/www.hoymercedes.com.ar\/principal\/2026\/01\/13\/all-boys-solidario-se-moviliza-para-ayudar-a-quienes-perdieron-todo-en-los-incendios-de-la-patagonia\/","url_meta":{"origin":127071,"position":5},"title":"All Boys Solidario se moviliza para ayudar a quienes perdieron todo en los incendios de la Patagonia","author":"hoymercedes","date":"13 enero, 2026","format":false,"excerpt":"Diversas instituciones de f\u00fatbol de nuestro pa\u00eds lanzaron una campa\u00f1a solidaria con el objetivo de brindar asistencia a quienes sufrieron las consecuencias de los recientes incendios forestales en la Patagonia. La iniciativa re\u00fane a varias organizaciones deportivas que buscan colaborar con insumos y apoyo log\u00edstico. Las entidades que encabezan esta\u2026","rel":"","context":"En \u00abSociedad\u00bb","block_context":{"text":"Sociedad","link":"https:\/\/www.hoymercedes.com.ar\/principal\/category\/sociedad\/"},"img":{"alt_text":"","src":"https:\/\/i0.wp.com\/www.hoymercedes.com.ar\/principal\/wp-content\/uploads\/2019\/05\/17-pelusa-gonzalez.jpg?resize=350%2C200&ssl=1","width":350,"height":200,"srcset":"https:\/\/i0.wp.com\/www.hoymercedes.com.ar\/principal\/wp-content\/uploads\/2019\/05\/17-pelusa-gonzalez.jpg?resize=350%2C200&ssl=1 1x, https:\/\/i0.wp.com\/www.hoymercedes.com.ar\/principal\/wp-content\/uploads\/2019\/05\/17-pelusa-gonzalez.jpg?resize=525%2C300&ssl=1 1.5x, https:\/\/i0.wp.com\/www.hoymercedes.com.ar\/principal\/wp-content\/uploads\/2019\/05\/17-pelusa-gonzalez.jpg?resize=700%2C400&ssl=1 2x"},"classes":[]}],"_links":{"self":[{"href":"https:\/\/www.hoymercedes.com.ar\/principal\/wp-json\/wp\/v2\/posts\/127071","targetHints":{"allow":["GET"]}}],"collection":[{"href":"https:\/\/www.hoymercedes.com.ar\/principal\/wp-json\/wp\/v2\/posts"}],"about":[{"href":"https:\/\/www.hoymercedes.com.ar\/principal\/wp-json\/wp\/v2\/types\/post"}],"author":[{"embeddable":true,"href":"https:\/\/www.hoymercedes.com.ar\/principal\/wp-json\/wp\/v2\/users\/1"}],"replies":[{"embeddable":true,"href":"https:\/\/www.hoymercedes.com.ar\/principal\/wp-json\/wp\/v2\/comments?post=127071"}],"version-history":[{"count":0,"href":"https:\/\/www.hoymercedes.com.ar\/principal\/wp-json\/wp\/v2\/posts\/127071\/revisions"}],"wp:featuredmedia":[{"embeddable":true,"href":"https:\/\/www.hoymercedes.com.ar\/principal\/wp-json\/wp\/v2\/media\/120029"}],"wp:attachment":[{"href":"https:\/\/www.hoymercedes.com.ar\/principal\/wp-json\/wp\/v2\/media?parent=127071"}],"wp:term":[{"taxonomy":"category","embeddable":true,"href":"https:\/\/www.hoymercedes.com.ar\/principal\/wp-json\/wp\/v2\/categories?post=127071"},{"taxonomy":"post_tag","embeddable":true,"href":"https:\/\/www.hoymercedes.com.ar\/principal\/wp-json\/wp\/v2\/tags?post=127071"}],"curies":[{"name":"wp","href":"https:\/\/api.w.org\/{rel}","templated":true}]}}