{"id":127100,"date":"2021-03-27T17:03:48","date_gmt":"2021-03-27T20:03:48","guid":{"rendered":"https:\/\/www.hoymercedes.com.ar\/principal\/?p=127100"},"modified":"2021-03-27T17:03:55","modified_gmt":"2021-03-27T20:03:55","slug":"bicis-kayak-y-canotaje-en-abril-en-el-parque-municipal","status":"publish","type":"post","link":"https:\/\/www.hoymercedes.com.ar\/principal\/2021\/03\/27\/bicis-kayak-y-canotaje-en-abril-en-el-parque-municipal\/","title":{"rendered":"Bicis, Kayak y Canotaje en abril en el parque municipal"},"content":{"rendered":"\n<figure class=\"wp-block-image size-large\"><img loading=\"lazy\" decoding=\"async\" width=\"1024\" height=\"768\" data-attachment-id=\"127101\" data-permalink=\"https:\/\/www.hoymercedes.com.ar\/principal\/2021\/03\/27\/bicis-kayak-y-canotaje-en-abril-en-el-parque-municipal\/kayak2\/#main\" data-orig-file=\"https:\/\/www.hoymercedes.com.ar\/principal\/wp-content\/uploads\/2021\/03\/Kayak2.jpeg\" data-orig-size=\"1280,960\" data-comments-opened=\"0\" data-image-meta=\"{&quot;aperture&quot;:&quot;0&quot;,&quot;credit&quot;:&quot;&quot;,&quot;camera&quot;:&quot;&quot;,&quot;caption&quot;:&quot;&quot;,&quot;created_timestamp&quot;:&quot;0&quot;,&quot;copyright&quot;:&quot;&quot;,&quot;focal_length&quot;:&quot;0&quot;,&quot;iso&quot;:&quot;0&quot;,&quot;shutter_speed&quot;:&quot;0&quot;,&quot;title&quot;:&quot;&quot;,&quot;orientation&quot;:&quot;0&quot;}\" data-image-title=\"Kayak2\" data-image-description=\"\" data-image-caption=\"\" data-large-file=\"https:\/\/www.hoymercedes.com.ar\/principal\/wp-content\/uploads\/2021\/03\/Kayak2-1024x768.jpeg\" src=\"https:\/\/www.hoymercedes.com.ar\/principal\/wp-content\/uploads\/2021\/03\/Kayak2-1024x768.jpeg\" alt=\"\" class=\"wp-image-127101\" srcset=\"https:\/\/www.hoymercedes.com.ar\/principal\/wp-content\/uploads\/2021\/03\/Kayak2-1024x768.jpeg 1024w, https:\/\/www.hoymercedes.com.ar\/principal\/wp-content\/uploads\/2021\/03\/Kayak2-630x473.jpeg 630w, https:\/\/www.hoymercedes.com.ar\/principal\/wp-content\/uploads\/2021\/03\/Kayak2-150x113.jpeg 150w, https:\/\/www.hoymercedes.com.ar\/principal\/wp-content\/uploads\/2021\/03\/Kayak2.jpeg 1280w\" sizes=\"auto, (max-width: 1024px) 100vw, 1024px\" \/><\/figure>\n\n\n\n<p>Desde la Direcci\u00f3n de Deportes de la ciudad, se notificaron cambios para el mes entrante en las salidas recreativas de bicis y kayaks. Asimismo, se confirm\u00f3 el inicio de la Escuela de Canotaje Municipal.<\/p>\n\n\n\n<p>A partir del mes de abril, los paseos recreativos en bicicleta se trasladar\u00e1n a los d\u00edas lunes y mi\u00e9rcoles en el horario de 15hs a 17.3hs.<\/p>\n\n\n\n<p>Mientras que, las salidas recreativas en kayaks, har\u00e1n lo propio el primer y tercer s\u00e1bado de cada mes desde las 14hs hasta las 17.30hs.<\/p>\n\n\n\n<p>Otra de las novedades en cuanto a la actividad n\u00e1utica pasa por la creaci\u00f3n de la propia Escuela de Canotaje Municipal. Esta tendr\u00e1 su actividad los d\u00edas martes y jueves de 14hs a 17hs.<\/p>\n\n\n\n<p>Todas estas actividades, a realizar de forma libre y gratuita, ser\u00e1n con salidas desde el Parque Nuevo -sector pasarela-, con previa explicaci\u00f3n y recomendaciones para un paseo seguro. Las mismas estar\u00e1n guiadas por profesores de Educaci\u00f3n F\u00edsica o Guardavidas, dependiendo la disciplina que decida practicar<\/p>\n\n\n\n<p>Vale recordar que todos los paseos son con turnos. Para ello, se deber\u00e1 contactar v\u00eda mensaje de Whatssap al tel\u00e9fono celular 2324 \u2013 514413 o dirigirse previamente a la oficina del Parque.<\/p>\n","protected":false},"excerpt":{"rendered":"<p>Desde la Direcci\u00f3n de Deportes de la ciudad, se notificaron cambios para el mes entrante en las salidas recreativas de &#8230; <a title=\"Bicis, Kayak y Canotaje en abril en el parque municipal\" class=\"read-more\" href=\"https:\/\/www.hoymercedes.com.ar\/principal\/2021\/03\/27\/bicis-kayak-y-canotaje-en-abril-en-el-parque-municipal\/\" aria-label=\"Leer m\u00e1s sobre Bicis, Kayak y Canotaje en abril en el parque municipal\">Leer m\u00e1s<\/a><\/p>\n","protected":false},"author":1,"featured_media":127101,"comment_status":"closed","ping_status":"open","sticky":false,"template":"","format":"standard","meta":{"_monsterinsights_skip_tracking":false,"_monsterinsights_sitenote_active":false,"_monsterinsights_sitenote_note":"","_monsterinsights_sitenote_category":0,"jetpack_post_was_ever_published":false,"_jetpack_newsletter_access":"","_jetpack_dont_email_post_to_subs":false,"_jetpack_newsletter_tier_id":0,"_jetpack_memberships_contains_paywalled_content":false,"_jetpack_memberships_contains_paid_content":false,"footnotes":"","jetpack_publicize_message":"","jetpack_publicize_feature_enabled":true,"jetpack_social_post_already_shared":true,"jetpack_social_options":{"image_generator_settings":{"template":"highway","default_image_id":0,"font":"","enabled":false},"version":2},"_wpas_customize_per_network":false},"categories":[21],"tags":[14313],"class_list":["post-127100","post","type-post","status-publish","format-standard","has-post-thumbnail","hentry","category-deportes","tag-direccion-de-deportes-2","generate-columns","tablet-grid-50","mobile-grid-100","grid-parent","grid-50"],"jetpack_publicize_connections":[],"jetpack_featured_media_url":"https:\/\/www.hoymercedes.com.ar\/principal\/wp-content\/uploads\/2021\/03\/Kayak2.jpeg","wps_subtitle":"Recreaci\u00f3n al Aire Libre","jetpack_sharing_enabled":true,"jetpack-related-posts":[{"id":136026,"url":"https:\/\/www.hoymercedes.com.ar\/principal\/2021\/08\/27\/propuestas-deportivas-al-aire-libre-para-el-fin-de-semana\/","url_meta":{"origin":127100,"position":0},"title":"Propuestas deportivas al aire libre para el fin de semana","author":"hoymercedes","date":"27 agosto, 2021","format":false,"excerpt":"Desde la Direcci\u00f3n de Deportes informaron cambios para el mes entrante en las salidas recreativas de kayaks. A partir del mes de septiembre, los paseos en kayak se trasladar\u00e1n a los s\u00e1bados en la franja horaria de 14 a 17 horas. \u00a0 Asimismo, dentro de la actividad n\u00e1utica brindada por\u2026","rel":"","context":"En \u00abSociedad\u00bb","block_context":{"text":"Sociedad","link":"https:\/\/www.hoymercedes.com.ar\/principal\/category\/sociedad\/"},"img":{"alt_text":"","src":"https:\/\/i0.wp.com\/www.hoymercedes.com.ar\/principal\/wp-content\/uploads\/2021\/08\/DSC08985.jpg?resize=350%2C200&ssl=1","width":350,"height":200,"srcset":"https:\/\/i0.wp.com\/www.hoymercedes.com.ar\/principal\/wp-content\/uploads\/2021\/08\/DSC08985.jpg?resize=350%2C200&ssl=1 1x, https:\/\/i0.wp.com\/www.hoymercedes.com.ar\/principal\/wp-content\/uploads\/2021\/08\/DSC08985.jpg?resize=525%2C300&ssl=1 1.5x, https:\/\/i0.wp.com\/www.hoymercedes.com.ar\/principal\/wp-content\/uploads\/2021\/08\/DSC08985.jpg?resize=700%2C400&ssl=1 2x"},"classes":[]},{"id":126013,"url":"https:\/\/www.hoymercedes.com.ar\/principal\/2021\/03\/09\/deportes-realiza-paseos-y-cursos-de-kayak-gratis-en-el-parque\/","url_meta":{"origin":127100,"position":1},"title":"Deportes  realiza paseos y cursos de kayak gratis en el Parque","author":"hoymercedes","date":"9 marzo, 2021","format":false,"excerpt":"Desde hace unas semanas, el \u00e1rea de Deportes del Municipio comenz\u00f3 con actividades abiertas al p\u00fablico en el Parque Municipal. Con el r\u00edo a un costado, una de las actividades que m\u00e1s llaman la atenci\u00f3n son los paseos en kayak. Las familias pueden solicitar el paseo a los profesores e\u2026","rel":"","context":"En \u00abDeportes\u00bb","block_context":{"text":"Deportes","link":"https:\/\/www.hoymercedes.com.ar\/principal\/category\/deportes\/"},"img":{"alt_text":"","src":"https:\/\/i0.wp.com\/www.hoymercedes.com.ar\/principal\/wp-content\/uploads\/2021\/03\/Kayaks-2.jpeg?resize=350%2C200&ssl=1","width":350,"height":200,"srcset":"https:\/\/i0.wp.com\/www.hoymercedes.com.ar\/principal\/wp-content\/uploads\/2021\/03\/Kayaks-2.jpeg?resize=350%2C200&ssl=1 1x, https:\/\/i0.wp.com\/www.hoymercedes.com.ar\/principal\/wp-content\/uploads\/2021\/03\/Kayaks-2.jpeg?resize=525%2C300&ssl=1 1.5x, https:\/\/i0.wp.com\/www.hoymercedes.com.ar\/principal\/wp-content\/uploads\/2021\/03\/Kayaks-2.jpeg?resize=700%2C400&ssl=1 2x"},"classes":[]},{"id":133732,"url":"https:\/\/www.hoymercedes.com.ar\/principal\/2021\/07\/21\/arranco-la-oferta-de-actividades-en-las-vaciones-de-invierno\/","url_meta":{"origin":127100,"position":2},"title":"Arranc\u00f3 la oferta de actividades en las vaciones de invierno","author":"hoymercedes","date":"21 julio, 2021","format":false,"excerpt":"En los primeros d\u00edas del receso escolar, los m\u00e1s peque\u00f1os y familias tienen m\u00faltiples opciones en centros culturales para realizar durante el d\u00eda, al aire libre, juegos y propuestas recreativas. En conjunto trabajaron las \u00e1rea de salud, educaci\u00f3n, servicios p\u00fablicos, deporte y cultura del municipio de Mercedes. Es as\u00ed que,\u2026","rel":"","context":"En \u00abMunicipio\u00bb","block_context":{"text":"Municipio","link":"https:\/\/www.hoymercedes.com.ar\/principal\/category\/municipio\/"},"img":{"alt_text":"","src":"https:\/\/i0.wp.com\/www.hoymercedes.com.ar\/principal\/wp-content\/uploads\/2021\/07\/DSC08892.jpg?resize=350%2C200&ssl=1","width":350,"height":200,"srcset":"https:\/\/i0.wp.com\/www.hoymercedes.com.ar\/principal\/wp-content\/uploads\/2021\/07\/DSC08892.jpg?resize=350%2C200&ssl=1 1x, https:\/\/i0.wp.com\/www.hoymercedes.com.ar\/principal\/wp-content\/uploads\/2021\/07\/DSC08892.jpg?resize=525%2C300&ssl=1 1.5x, https:\/\/i0.wp.com\/www.hoymercedes.com.ar\/principal\/wp-content\/uploads\/2021\/07\/DSC08892.jpg?resize=700%2C400&ssl=1 2x"},"classes":[]},{"id":136084,"url":"https:\/\/www.hoymercedes.com.ar\/principal\/2021\/08\/28\/en-el-parque-habra-actividades-recreativas-para-toda-la-familia\/","url_meta":{"origin":127100,"position":3},"title":"En el Parque habr\u00e1 actividades recreativas para toda la familia","author":"hoymercedes","date":"28 agosto, 2021","format":false,"excerpt":"Este s\u00e1bado y domingo, a partir de la hora 14 y hasta las 18, el Parque Municipal ofrecer\u00e1 destintas propuestas recreativas, culturales y deportivas para todos los vecinos. El eje central es una Jornada de Acciones por el Cambio Clim\u00e1tico. Por lo tanto, habr\u00e1 espect\u00e1culos en vivo con m\u00fasica y\u2026","rel":"","context":"En \u00abMunicipio\u00bb","block_context":{"text":"Municipio","link":"https:\/\/www.hoymercedes.com.ar\/principal\/category\/municipio\/"},"img":{"alt_text":"","src":"https:\/\/i0.wp.com\/www.hoymercedes.com.ar\/principal\/wp-content\/uploads\/2021\/08\/2-1.jpeg?resize=350%2C200&ssl=1","width":350,"height":200,"srcset":"https:\/\/i0.wp.com\/www.hoymercedes.com.ar\/principal\/wp-content\/uploads\/2021\/08\/2-1.jpeg?resize=350%2C200&ssl=1 1x, https:\/\/i0.wp.com\/www.hoymercedes.com.ar\/principal\/wp-content\/uploads\/2021\/08\/2-1.jpeg?resize=525%2C300&ssl=1 1.5x, https:\/\/i0.wp.com\/www.hoymercedes.com.ar\/principal\/wp-content\/uploads\/2021\/08\/2-1.jpeg?resize=700%2C400&ssl=1 2x, https:\/\/i0.wp.com\/www.hoymercedes.com.ar\/principal\/wp-content\/uploads\/2021\/08\/2-1.jpeg?resize=1050%2C600&ssl=1 3x, https:\/\/i0.wp.com\/www.hoymercedes.com.ar\/principal\/wp-content\/uploads\/2021\/08\/2-1.jpeg?resize=1400%2C800&ssl=1 4x"},"classes":[]},{"id":129835,"url":"https:\/\/www.hoymercedes.com.ar\/principal\/2021\/05\/09\/instalaron-en-el-parque-un-campamento-recreativo-deportivo-y-pedagogico\/","url_meta":{"origin":127100,"position":4},"title":"Instalaron en el Parque un \u00abcampamento recreativo, deportivo y pedag\u00f3gico\u00bb","author":"hoymercedes","date":"9 mayo, 2021","format":false,"excerpt":"Por Prensa Municipal - El intendente de Mercedes Juan Ignacio Ustarroz recorri\u00f3 las obras del nuevo \u201ccampamento\u201d en polideportivo a cielo abierto que la direcci\u00f3n de deportes contin\u00faa construyendo en el Parque Municipal. All\u00ed mismo ya se inauguraron las canchas de tenis profesionales \u00fanicas en la zona, la escuela de\u2026","rel":"","context":"En \u00abDeportes\u00bb","block_context":{"text":"Deportes","link":"https:\/\/www.hoymercedes.com.ar\/principal\/category\/deportes\/"},"img":{"alt_text":"","src":"https:\/\/i0.wp.com\/www.hoymercedes.com.ar\/principal\/wp-content\/uploads\/2021\/05\/DSC06653-e1620597149240.jpg?resize=350%2C200&ssl=1","width":350,"height":200,"srcset":"https:\/\/i0.wp.com\/www.hoymercedes.com.ar\/principal\/wp-content\/uploads\/2021\/05\/DSC06653-e1620597149240.jpg?resize=350%2C200&ssl=1 1x, https:\/\/i0.wp.com\/www.hoymercedes.com.ar\/principal\/wp-content\/uploads\/2021\/05\/DSC06653-e1620597149240.jpg?resize=525%2C300&ssl=1 1.5x, https:\/\/i0.wp.com\/www.hoymercedes.com.ar\/principal\/wp-content\/uploads\/2021\/05\/DSC06653-e1620597149240.jpg?resize=700%2C400&ssl=1 2x"},"classes":[]},{"id":118696,"url":"https:\/\/www.hoymercedes.com.ar\/principal\/2020\/10\/19\/municipio-realiza-obras-de-mejoras-que-favorecen-al-deporte\/","url_meta":{"origin":127100,"position":5},"title":"Municipio realiza obras de mejoras que favorecen al deporte","author":"hoymercedes","date":"19 octubre, 2020","format":false,"excerpt":"Durante el mes de octubre se sigui\u00f3 avanzando con las cancha de tenis en el Parque Independencia y se comenz\u00f3 a trabajar en la cancha de pelota paleta del predio Mart\u00edn Rodr\u00edguez. Adem\u00e1s, sigue la obra de la cancha de c\u00e9sped sint\u00e9tico de hockey en el predio de Ateneo de\u2026","rel":"","context":"En \u00abDeportes\u00bb","block_context":{"text":"Deportes","link":"https:\/\/www.hoymercedes.com.ar\/principal\/category\/deportes\/"},"img":{"alt_text":"","src":"https:\/\/i0.wp.com\/www.hoymercedes.com.ar\/principal\/wp-content\/uploads\/2020\/10\/Cancha-pelota-paleta-martin-rodriguez.jpg?resize=350%2C200&ssl=1","width":350,"height":200,"srcset":"https:\/\/i0.wp.com\/www.hoymercedes.com.ar\/principal\/wp-content\/uploads\/2020\/10\/Cancha-pelota-paleta-martin-rodriguez.jpg?resize=350%2C200&ssl=1 1x, https:\/\/i0.wp.com\/www.hoymercedes.com.ar\/principal\/wp-content\/uploads\/2020\/10\/Cancha-pelota-paleta-martin-rodriguez.jpg?resize=525%2C300&ssl=1 1.5x, https:\/\/i0.wp.com\/www.hoymercedes.com.ar\/principal\/wp-content\/uploads\/2020\/10\/Cancha-pelota-paleta-martin-rodriguez.jpg?resize=700%2C400&ssl=1 2x"},"classes":[]}],"_links":{"self":[{"href":"https:\/\/www.hoymercedes.com.ar\/principal\/wp-json\/wp\/v2\/posts\/127100","targetHints":{"allow":["GET"]}}],"collection":[{"href":"https:\/\/www.hoymercedes.com.ar\/principal\/wp-json\/wp\/v2\/posts"}],"about":[{"href":"https:\/\/www.hoymercedes.com.ar\/principal\/wp-json\/wp\/v2\/types\/post"}],"author":[{"embeddable":true,"href":"https:\/\/www.hoymercedes.com.ar\/principal\/wp-json\/wp\/v2\/users\/1"}],"replies":[{"embeddable":true,"href":"https:\/\/www.hoymercedes.com.ar\/principal\/wp-json\/wp\/v2\/comments?post=127100"}],"version-history":[{"count":0,"href":"https:\/\/www.hoymercedes.com.ar\/principal\/wp-json\/wp\/v2\/posts\/127100\/revisions"}],"wp:featuredmedia":[{"embeddable":true,"href":"https:\/\/www.hoymercedes.com.ar\/principal\/wp-json\/wp\/v2\/media\/127101"}],"wp:attachment":[{"href":"https:\/\/www.hoymercedes.com.ar\/principal\/wp-json\/wp\/v2\/media?parent=127100"}],"wp:term":[{"taxonomy":"category","embeddable":true,"href":"https:\/\/www.hoymercedes.com.ar\/principal\/wp-json\/wp\/v2\/categories?post=127100"},{"taxonomy":"post_tag","embeddable":true,"href":"https:\/\/www.hoymercedes.com.ar\/principal\/wp-json\/wp\/v2\/tags?post=127100"}],"curies":[{"name":"wp","href":"https:\/\/api.w.org\/{rel}","templated":true}]}}