{"id":127118,"date":"2021-03-27T20:38:00","date_gmt":"2021-03-27T23:38:00","guid":{"rendered":"https:\/\/www.hoymercedes.com.ar\/principal\/?p=127118"},"modified":"2021-03-27T19:59:21","modified_gmt":"2021-03-27T22:59:21","slug":"covid-133-nuevas-muertes-y-10-338-casos-en-las-ultimas-24-horas","status":"publish","type":"post","link":"https:\/\/www.hoymercedes.com.ar\/principal\/2021\/03\/27\/covid-133-nuevas-muertes-y-10-338-casos-en-las-ultimas-24-horas\/","title":{"rendered":"Covid: 133 nuevas muertes y 10.338 casos en las \u00faltimas 24 horas"},"content":{"rendered":"\n<p><\/p>\n\n\n\n<p>En nuestro pa\u00eds en las \u00faltimas 24hs se registraron n\u00fameros que dan vista a una posible segunda ola. Ante ello se recuerda la importancia de no bajar la guardia en los cuidados. El Ministerio de Salud de la Naci\u00f3n inform\u00f3 este s\u00e1bado en las \u00faltimas 24 horas se registraron 133 muertes y 10.338 nuevos contagios de covid-19. De esta manera, el total de infectados desde que comenz\u00f3 la pandemia alcanz\u00f3 a 2.301.389 y las v\u00edctimas fatales son 55.368.<\/p>\n\n\n\n<p>Del total de muertes, 76 son y 56 mujeres. Por otro lado, hay 3.506 personas con coronavirus internadas en terapia intensiva.<\/p>\n","protected":false},"excerpt":{"rendered":"<p>En nuestro pa\u00eds en las \u00faltimas 24hs se registraron n\u00fameros que dan vista a una posible segunda ola. Ante ello &#8230; <a title=\"Covid: 133 nuevas muertes y 10.338 casos en las \u00faltimas 24 horas\" class=\"read-more\" href=\"https:\/\/www.hoymercedes.com.ar\/principal\/2021\/03\/27\/covid-133-nuevas-muertes-y-10-338-casos-en-las-ultimas-24-horas\/\" aria-label=\"Leer m\u00e1s sobre Covid: 133 nuevas muertes y 10.338 casos en las \u00faltimas 24 horas\">Leer m\u00e1s<\/a><\/p>\n","protected":false},"author":1,"featured_media":127119,"comment_status":"closed","ping_status":"open","sticky":false,"template":"","format":"standard","meta":{"_monsterinsights_skip_tracking":false,"_monsterinsights_sitenote_active":false,"_monsterinsights_sitenote_note":"","_monsterinsights_sitenote_category":0,"jetpack_post_was_ever_published":false,"_jetpack_newsletter_access":"","_jetpack_dont_email_post_to_subs":false,"_jetpack_newsletter_tier_id":0,"_jetpack_memberships_contains_paywalled_content":false,"_jetpack_memberships_contains_paid_content":false,"footnotes":"","jetpack_publicize_message":"","jetpack_publicize_feature_enabled":true,"jetpack_social_post_already_shared":true,"jetpack_social_options":{"image_generator_settings":{"template":"highway","default_image_id":0,"font":"","enabled":false},"version":2},"_wpas_customize_per_network":false},"categories":[8],"tags":[16313],"class_list":["post-127118","post","type-post","status-publish","format-standard","has-post-thumbnail","hentry","category-sociedad","tag-covid-19","generate-columns","tablet-grid-50","mobile-grid-100","grid-parent","grid-50"],"jetpack_publicize_connections":[],"jetpack_featured_media_url":"https:\/\/www.hoymercedes.com.ar\/principal\/wp-content\/uploads\/2021\/03\/pexels-polina-tankilevitch-3735747-scaled.jpg","wps_subtitle":"Coronavirus","jetpack_sharing_enabled":true,"jetpack-related-posts":[{"id":142726,"url":"https:\/\/www.hoymercedes.com.ar\/principal\/2022\/01\/15\/confirmaron-88-muertes-y-96-652-contagios-en-las-ultimas-24-horas\/","url_meta":{"origin":127118,"position":0},"title":"Confirmaron 88 muertes y 96.652 contagios en las \u00faltimas 24 horas","author":"hoymercedes","date":"15 enero, 2022","format":false,"excerpt":"El Ministerio de Salud de la Naci\u00f3n inform\u00f3 este s\u00e1bado 15 de enero que, en las \u00faltimas 24 horas, se registraron 88 muertes y 96.652 contagios de coronavirus. El total de infectados desde el inicio de la pandemia asciende a 7.029.624 y son 117.989 las v\u00edctimas fatales. Por otro lado,\u2026","rel":"","context":"En \u00abNaci\u00f3n\u00bb","block_context":{"text":"Naci\u00f3n","link":"https:\/\/www.hoymercedes.com.ar\/principal\/category\/nacion\/"},"img":{"alt_text":"","src":"https:\/\/i0.wp.com\/www.hoymercedes.com.ar\/principal\/wp-content\/uploads\/2022\/01\/IMG_20220115_171501.jpg?resize=350%2C200&ssl=1","width":350,"height":200,"srcset":"https:\/\/i0.wp.com\/www.hoymercedes.com.ar\/principal\/wp-content\/uploads\/2022\/01\/IMG_20220115_171501.jpg?resize=350%2C200&ssl=1 1x, https:\/\/i0.wp.com\/www.hoymercedes.com.ar\/principal\/wp-content\/uploads\/2022\/01\/IMG_20220115_171501.jpg?resize=525%2C300&ssl=1 1.5x, https:\/\/i0.wp.com\/www.hoymercedes.com.ar\/principal\/wp-content\/uploads\/2022\/01\/IMG_20220115_171501.jpg?resize=700%2C400&ssl=1 2x, https:\/\/i0.wp.com\/www.hoymercedes.com.ar\/principal\/wp-content\/uploads\/2022\/01\/IMG_20220115_171501.jpg?resize=1050%2C600&ssl=1 3x, https:\/\/i0.wp.com\/www.hoymercedes.com.ar\/principal\/wp-content\/uploads\/2022\/01\/IMG_20220115_171501.jpg?resize=1400%2C800&ssl=1 4x"},"classes":[]},{"id":142976,"url":"https:\/\/www.hoymercedes.com.ar\/principal\/2022\/01\/21\/covid-en-el-pais-confirmaron-161-muertes-y-118-171-contagios\/","url_meta":{"origin":127118,"position":1},"title":"Covid en el pa\u00eds: confirmaron 161 muertes y 118.171 contagios","author":"hoymercedes","date":"21 enero, 2022","format":false,"excerpt":"El Ministerio de Salud de la Naci\u00f3n inform\u00f3 este viernes 21 de enero que, en las \u00faltimas 24 horas, se registraron 161 muertes y 118.171 contagios de coronavirus. El total de infectados desde la llegada del virus al pa\u00eds se elev\u00f3 a 7.694.506, mientras que los fallecimientos suman 118.969.","rel":"","context":"En \u00abNaci\u00f3n\u00bb","block_context":{"text":"Naci\u00f3n","link":"https:\/\/www.hoymercedes.com.ar\/principal\/category\/nacion\/"},"img":{"alt_text":"","src":"https:\/\/i0.wp.com\/www.hoymercedes.com.ar\/principal\/wp-content\/uploads\/2022\/01\/IMG_20220121_171846.jpg?resize=350%2C200&ssl=1","width":350,"height":200,"srcset":"https:\/\/i0.wp.com\/www.hoymercedes.com.ar\/principal\/wp-content\/uploads\/2022\/01\/IMG_20220121_171846.jpg?resize=350%2C200&ssl=1 1x, https:\/\/i0.wp.com\/www.hoymercedes.com.ar\/principal\/wp-content\/uploads\/2022\/01\/IMG_20220121_171846.jpg?resize=525%2C300&ssl=1 1.5x, https:\/\/i0.wp.com\/www.hoymercedes.com.ar\/principal\/wp-content\/uploads\/2022\/01\/IMG_20220121_171846.jpg?resize=700%2C400&ssl=1 2x, https:\/\/i0.wp.com\/www.hoymercedes.com.ar\/principal\/wp-content\/uploads\/2022\/01\/IMG_20220121_171846.jpg?resize=1050%2C600&ssl=1 3x"},"classes":[]},{"id":142823,"url":"https:\/\/www.hoymercedes.com.ar\/principal\/2022\/01\/18\/covid-en-el-pais-189-muertos-y-120-982-nuevos-contagios\/","url_meta":{"origin":127118,"position":2},"title":"Covid en el pa\u00eds: 189 muertos y 120.982 nuevos contagios","author":"hoymercedes","date":"18 enero, 2022","format":false,"excerpt":"El Ministerio de Salud de la Naci\u00f3n inform\u00f3 este martes 18 de enero que, en las \u00faltimas 24 horas, se registraron 189 muertes y 120.982 contagios de coronavirus: el quinto registro m\u00e1s alto de toda la pandemia. El total de infectados desde el inicio de la pandemia asciende a 7.318.305\u2026","rel":"","context":"En \u00abNaci\u00f3n\u00bb","block_context":{"text":"Naci\u00f3n","link":"https:\/\/www.hoymercedes.com.ar\/principal\/category\/nacion\/"},"img":{"alt_text":"","src":"https:\/\/i0.wp.com\/www.hoymercedes.com.ar\/principal\/wp-content\/uploads\/2022\/01\/IMG_20220118_172222.jpg?resize=350%2C200&ssl=1","width":350,"height":200,"srcset":"https:\/\/i0.wp.com\/www.hoymercedes.com.ar\/principal\/wp-content\/uploads\/2022\/01\/IMG_20220118_172222.jpg?resize=350%2C200&ssl=1 1x, https:\/\/i0.wp.com\/www.hoymercedes.com.ar\/principal\/wp-content\/uploads\/2022\/01\/IMG_20220118_172222.jpg?resize=525%2C300&ssl=1 1.5x, https:\/\/i0.wp.com\/www.hoymercedes.com.ar\/principal\/wp-content\/uploads\/2022\/01\/IMG_20220118_172222.jpg?resize=700%2C400&ssl=1 2x, https:\/\/i0.wp.com\/www.hoymercedes.com.ar\/principal\/wp-content\/uploads\/2022\/01\/IMG_20220118_172222.jpg?resize=1050%2C600&ssl=1 3x, https:\/\/i0.wp.com\/www.hoymercedes.com.ar\/principal\/wp-content\/uploads\/2022\/01\/IMG_20220118_172222.jpg?resize=1400%2C800&ssl=1 4x"},"classes":[]},{"id":123784,"url":"https:\/\/www.hoymercedes.com.ar\/principal\/2021\/01\/24\/en-el-pais-registraron-90-muertes-y-5-031-contagios-de-covid\/","url_meta":{"origin":127118,"position":3},"title":"En el pa\u00eds registraron 90 muertes y 5.031 contagios de covid","author":"hoymercedes","date":"24 enero, 2021","format":false,"excerpt":"El ministerio de Salud de la Naci\u00f3n inform\u00f3 este domingo que, en las \u00faltimas 24 horas, se registraron 90 muertes y 5.031 nuevos casos positivos de coronavirus. Con estos datos, el n\u00famero de v\u00edctimas fatales es de 46.827, mientras que el total de infectados desde que comenz\u00f3 la pandemia ascendi\u00f3\u2026","rel":"","context":"En \u00abNaci\u00f3n\u00bb","block_context":{"text":"Naci\u00f3n","link":"https:\/\/www.hoymercedes.com.ar\/principal\/category\/nacion\/"},"img":{"alt_text":"","src":"https:\/\/i0.wp.com\/www.hoymercedes.com.ar\/principal\/wp-content\/uploads\/2020\/03\/2020-covid-coronavirus.jpg?resize=350%2C200&ssl=1","width":350,"height":200,"srcset":"https:\/\/i0.wp.com\/www.hoymercedes.com.ar\/principal\/wp-content\/uploads\/2020\/03\/2020-covid-coronavirus.jpg?resize=350%2C200&ssl=1 1x, https:\/\/i0.wp.com\/www.hoymercedes.com.ar\/principal\/wp-content\/uploads\/2020\/03\/2020-covid-coronavirus.jpg?resize=525%2C300&ssl=1 1.5x, https:\/\/i0.wp.com\/www.hoymercedes.com.ar\/principal\/wp-content\/uploads\/2020\/03\/2020-covid-coronavirus.jpg?resize=700%2C400&ssl=1 2x"},"classes":[]},{"id":126151,"url":"https:\/\/www.hoymercedes.com.ar\/principal\/2021\/03\/11\/confirman-134-muertes-y-8-204-nuevos-contagios-de-covid-en-el-pais\/","url_meta":{"origin":127118,"position":4},"title":"Confirman 134 muertes y 8.204 nuevos contagios de covid en el pa\u00eds","author":"hoymercedes","date":"11 marzo, 2021","format":false,"excerpt":"Fallecieron 134 personas y 8.204 fueron diagnosticadas con coronavirus en el pa\u00eds. Con el reporte del Ministerio de Salud de las \u00faltimas 24 horas, el n\u00famero total fallecidos desde que comenz\u00f3 la pandemia asciende a 53.493. Mientras que el total de infectados en este a\u00f1o es de 2.177.898. El Ministerio\u2026","rel":"","context":"En \u00abNaci\u00f3n\u00bb","block_context":{"text":"Naci\u00f3n","link":"https:\/\/www.hoymercedes.com.ar\/principal\/category\/nacion\/"},"img":{"alt_text":"","src":"https:\/\/i0.wp.com\/www.hoymercedes.com.ar\/principal\/wp-content\/uploads\/2020\/08\/Coronavirus-Estudios-696x429-1.jpg?resize=350%2C200&ssl=1","width":350,"height":200,"srcset":"https:\/\/i0.wp.com\/www.hoymercedes.com.ar\/principal\/wp-content\/uploads\/2020\/08\/Coronavirus-Estudios-696x429-1.jpg?resize=350%2C200&ssl=1 1x, https:\/\/i0.wp.com\/www.hoymercedes.com.ar\/principal\/wp-content\/uploads\/2020\/08\/Coronavirus-Estudios-696x429-1.jpg?resize=525%2C300&ssl=1 1.5x"},"classes":[]},{"id":122692,"url":"https:\/\/www.hoymercedes.com.ar\/principal\/2020\/12\/30\/son-197-casos-activos-luego-de-la-confirmacion-de-31-nuevos-positivos-de-covid-19\/","url_meta":{"origin":127118,"position":5},"title":"Son 197 casos activos luego de la confirmaci\u00f3n de 31 nuevos positivos de covid-19","author":"hoymercedes","date":"30 diciembre, 2020","format":false,"excerpt":"La informaci\u00f3n epidemiol\u00f3gica de Mercedes da cuenta de 31 casos positivos nuevos confirmados entre los 139 an\u00e1lisis realizados por el Laboratorio de Virolog\u00eda. Asimismo, informan que 15 pacienes fueron dados de alta en el d\u00eda de la fecha. Desde Naci\u00f3n informaron este mi\u00e9rcoles que durante las \u00faltimas 24 horas se\u2026","rel":"","context":"En \u00abSalud\u00bb","block_context":{"text":"Salud","link":"https:\/\/www.hoymercedes.com.ar\/principal\/category\/salud\/"},"img":{"alt_text":"","src":"https:\/\/i0.wp.com\/www.hoymercedes.com.ar\/principal\/wp-content\/uploads\/2020\/12\/WhatsApp-Image-2020-12-30-at-22.18.45.jpeg?resize=350%2C200&ssl=1","width":350,"height":200,"srcset":"https:\/\/i0.wp.com\/www.hoymercedes.com.ar\/principal\/wp-content\/uploads\/2020\/12\/WhatsApp-Image-2020-12-30-at-22.18.45.jpeg?resize=350%2C200&ssl=1 1x, https:\/\/i0.wp.com\/www.hoymercedes.com.ar\/principal\/wp-content\/uploads\/2020\/12\/WhatsApp-Image-2020-12-30-at-22.18.45.jpeg?resize=525%2C300&ssl=1 1.5x, https:\/\/i0.wp.com\/www.hoymercedes.com.ar\/principal\/wp-content\/uploads\/2020\/12\/WhatsApp-Image-2020-12-30-at-22.18.45.jpeg?resize=700%2C400&ssl=1 2x"},"classes":[]}],"_links":{"self":[{"href":"https:\/\/www.hoymercedes.com.ar\/principal\/wp-json\/wp\/v2\/posts\/127118","targetHints":{"allow":["GET"]}}],"collection":[{"href":"https:\/\/www.hoymercedes.com.ar\/principal\/wp-json\/wp\/v2\/posts"}],"about":[{"href":"https:\/\/www.hoymercedes.com.ar\/principal\/wp-json\/wp\/v2\/types\/post"}],"author":[{"embeddable":true,"href":"https:\/\/www.hoymercedes.com.ar\/principal\/wp-json\/wp\/v2\/users\/1"}],"replies":[{"embeddable":true,"href":"https:\/\/www.hoymercedes.com.ar\/principal\/wp-json\/wp\/v2\/comments?post=127118"}],"version-history":[{"count":0,"href":"https:\/\/www.hoymercedes.com.ar\/principal\/wp-json\/wp\/v2\/posts\/127118\/revisions"}],"wp:featuredmedia":[{"embeddable":true,"href":"https:\/\/www.hoymercedes.com.ar\/principal\/wp-json\/wp\/v2\/media\/127119"}],"wp:attachment":[{"href":"https:\/\/www.hoymercedes.com.ar\/principal\/wp-json\/wp\/v2\/media?parent=127118"}],"wp:term":[{"taxonomy":"category","embeddable":true,"href":"https:\/\/www.hoymercedes.com.ar\/principal\/wp-json\/wp\/v2\/categories?post=127118"},{"taxonomy":"post_tag","embeddable":true,"href":"https:\/\/www.hoymercedes.com.ar\/principal\/wp-json\/wp\/v2\/tags?post=127118"}],"curies":[{"name":"wp","href":"https:\/\/api.w.org\/{rel}","templated":true}]}}