{"id":12713,"date":"2012-05-07T15:55:16","date_gmt":"2012-05-07T15:55:16","guid":{"rendered":"http:\/\/www.hoymercedes.com.ar\/principal\/?p=12713"},"modified":"2012-05-07T15:55:16","modified_gmt":"2012-05-07T15:55:16","slug":"se-presento-la-mision-en-el-teatro-j-c-gioscio","status":"publish","type":"post","link":"https:\/\/www.hoymercedes.com.ar\/principal\/2012\/05\/07\/se-presento-la-mision-en-el-teatro-j-c-gioscio\/","title":{"rendered":"Se present\u00f3 \u00abLa misi\u00f3n\u00bb en el teatro J.C Gioscio"},"content":{"rendered":"<p><a href=\"https:\/\/www.hoymercedes.com.ar\/principal\/wp-content\/uploads\/2012\/05\/LaMision-Tgioscio-I.jpg\"><img loading=\"lazy\" decoding=\"async\" data-attachment-id=\"12715\" data-permalink=\"https:\/\/www.hoymercedes.com.ar\/principal\/2012\/05\/07\/se-presento-la-mision-en-el-teatro-j-c-gioscio\/lamision-tgioscio-i\/#main\" data-orig-file=\"https:\/\/www.hoymercedes.com.ar\/principal\/wp-content\/uploads\/2012\/05\/LaMision-Tgioscio-I.jpg\" data-orig-size=\"612,408\" data-comments-opened=\"1\" data-image-meta=\"{&quot;aperture&quot;:&quot;3.4&quot;,&quot;credit&quot;:&quot;&quot;,&quot;camera&quot;:&quot;KODAK EASYSHARE V1003 ZOOM DIGITAL CAMERA&quot;,&quot;caption&quot;:&quot;&quot;,&quot;created_timestamp&quot;:&quot;1289309146&quot;,&quot;copyright&quot;:&quot;&quot;,&quot;focal_length&quot;:&quot;11.7&quot;,&quot;iso&quot;:&quot;80&quot;,&quot;shutter_speed&quot;:&quot;0.016666666666667&quot;,&quot;title&quot;:&quot;&quot;}\" data-image-title=\"LaMision-Tgioscio-I\" data-image-description=\"\" data-image-caption=\"\" data-large-file=\"https:\/\/www.hoymercedes.com.ar\/principal\/wp-content\/uploads\/2012\/05\/LaMision-Tgioscio-I.jpg\" class=\"aligncenter size-full wp-image-12715\" title=\"LaMision-Tgioscio-I\" src=\"https:\/\/www.hoymercedes.com.ar\/principal\/wp-content\/uploads\/2012\/05\/LaMision-Tgioscio-I.jpg\" alt=\"\" width=\"612\" height=\"408\" \/><\/a><\/p>\n<p>El viernes a las 19.30 horas, se present\u00f3 \u201cLa Misi\u00f3n\u201d por el grupo de Representaci\u00f3n religiosa \u201cBeato Ceferino Namuncura\u201d integrado por internos de la Unidad 5 de Mercedes y dirigido por los catequistas Hugo y Susana Salvo y Marta Varela acompa\u00f1ados por integrantes de la Pastoral Penitenciaria, el Capell\u00e1n de la Unidad y los Directivos y personal de la misma.<\/p>\n<p>Esta vez la obra referencio a la vida de Jes\u00fas y su Misi\u00f3n entre los pobres, los enfermos y los pecadores, y su don de perdonar y salvar a las personas, adem\u00e1s hubo testimonios constantes de los internos \u2013 actores. La obra termina con la crucificaci\u00f2n de Jes\u00fas y la canci\u00f3n Color esperanza de Diego Torres, que le da un manto esperanzador a todos los presentes.<\/p>\n<p><a href=\"https:\/\/www.hoymercedes.com.ar\/principal\/wp-content\/uploads\/2012\/05\/LaMision-Tgioscio-II1.jpg\"><img loading=\"lazy\" decoding=\"async\" data-attachment-id=\"12717\" data-permalink=\"https:\/\/www.hoymercedes.com.ar\/principal\/2012\/05\/07\/se-presento-la-mision-en-el-teatro-j-c-gioscio\/lamision-tgioscio-ii-2\/#main\" data-orig-file=\"https:\/\/www.hoymercedes.com.ar\/principal\/wp-content\/uploads\/2012\/05\/LaMision-Tgioscio-II1.jpg\" data-orig-size=\"612,408\" data-comments-opened=\"1\" data-image-meta=\"{&quot;aperture&quot;:&quot;2.8&quot;,&quot;credit&quot;:&quot;&quot;,&quot;camera&quot;:&quot;KODAK EASYSHARE V1003 ZOOM DIGITAL CAMERA&quot;,&quot;caption&quot;:&quot;&quot;,&quot;created_timestamp&quot;:&quot;1289309316&quot;,&quot;copyright&quot;:&quot;&quot;,&quot;focal_length&quot;:&quot;8.9&quot;,&quot;iso&quot;:&quot;80&quot;,&quot;shutter_speed&quot;:&quot;0.016666666666667&quot;,&quot;title&quot;:&quot;&quot;}\" data-image-title=\"LaMision-Tgioscio-II\" data-image-description=\"\" data-image-caption=\"\" data-large-file=\"https:\/\/www.hoymercedes.com.ar\/principal\/wp-content\/uploads\/2012\/05\/LaMision-Tgioscio-II1.jpg\" class=\"aligncenter size-full wp-image-12717\" title=\"LaMision-Tgioscio-II\" src=\"https:\/\/www.hoymercedes.com.ar\/principal\/wp-content\/uploads\/2012\/05\/LaMision-Tgioscio-II1.jpg\" alt=\"\" width=\"612\" height=\"408\" srcset=\"https:\/\/www.hoymercedes.com.ar\/principal\/wp-content\/uploads\/2012\/05\/LaMision-Tgioscio-II1.jpg 612w, https:\/\/www.hoymercedes.com.ar\/principal\/wp-content\/uploads\/2012\/05\/LaMision-Tgioscio-II1-300x200.jpg 300w\" sizes=\"auto, (max-width: 612px) 100vw, 612px\" \/><\/a><\/p>\n<p>En su tercera presentaci\u00f3n en el Teatro Municipal, el publico acompa\u00f1o una vez m\u00e1s este tipo de actividades culturales y religiosas que se hacen desde la Unidad, para lograr mostrar el trabajo que realizan durante todo el a\u00f1o los internos cat\u00f3licos junto a sus orientadores espirituales, y desde el personal y la Direcci\u00f3n de la Unidad acompa\u00f1ando, trabajando y fomentando este tipo de actividades.<\/p>\n<p>Los temas que representa este grupo son siempre relacionadas a la vida Cristiana, pasajes de la Biblia, la vida de Mar\u00eda, de los Ap\u00f3stoles, entre otras. En esta oportunidad la obra fue muy emotiva, y hubo emoci\u00f3n entre los presentes. Recordemos que ninguna de estas 17 personas tiene experiencia previa.<\/p>\n<p>&nbsp;<\/p>\n<p>Una vez m\u00e1s, como sucedi\u00f3 en la anterior presentaci\u00f3n, uno de los internos obtuvo la libertad y gozando sus primeras horas de su libertad decidi\u00f3 venir y actuar junto a los dem\u00e1s, siendo un gesto solidario y de gran responsabilidad.<\/p>\n<p>Estuvieron presentes, el Juez de Ejecuci\u00f3n N\u00b0 2 Dr. Ricardo Oliveira Bucarini, la jueza del Correccional N\u00b0 4 Dra. Teresa Bomagio, el Director de la Unidad 5 Inspector Mayor Meliton Gines, el Subdirector de Asistencia y Tratamiento Prefecto Javier Diaz, el Director de Cultura Municipal Victor Stabile, Directivos y profesores de los establecimientos educativos que funcionan dentro de la Unidad, la Hermana Estela Buet, Seminaristas, integrantes de la Pastoral Penitenciaria, personal de la Unidad 5, familiares de los actores, representantes de Caritas y p\u00fablico en general.<\/p>\n<p>La entrada era libre y gratuita, pero se solicitaba un alimento no perecedero, que fue destinado para Caritas de la Parroquia San Jos\u00e9.<\/p>\n","protected":false},"excerpt":{"rendered":"<p>El viernes a las 19.30 horas, se present\u00f3 \u201cLa Misi\u00f3n\u201d por el grupo de Representaci\u00f3n religiosa \u201cBeato Ceferino Namuncura\u201d integrado &#8230; <a title=\"Se present\u00f3 \u00abLa misi\u00f3n\u00bb en el teatro J.C Gioscio\" class=\"read-more\" href=\"https:\/\/www.hoymercedes.com.ar\/principal\/2012\/05\/07\/se-presento-la-mision-en-el-teatro-j-c-gioscio\/\" aria-label=\"Leer m\u00e1s sobre Se present\u00f3 \u00abLa misi\u00f3n\u00bb en el teatro J.C Gioscio\">Leer m\u00e1s<\/a><\/p>\n","protected":false},"author":1,"featured_media":0,"comment_status":"open","ping_status":"open","sticky":false,"template":"","format":"standard","meta":{"_monsterinsights_skip_tracking":false,"_monsterinsights_sitenote_active":false,"_monsterinsights_sitenote_note":"","_monsterinsights_sitenote_category":0,"jetpack_post_was_ever_published":false,"_jetpack_newsletter_access":"","_jetpack_dont_email_post_to_subs":false,"_jetpack_newsletter_tier_id":0,"_jetpack_memberships_contains_paywalled_content":false,"_jetpack_memberships_contains_paid_content":false,"footnotes":"","jetpack_publicize_message":"","jetpack_publicize_feature_enabled":true,"jetpack_social_post_already_shared":false,"jetpack_social_options":{"image_generator_settings":{"template":"highway","default_image_id":0,"font":"","enabled":false},"version":2},"_wpas_customize_per_network":false},"categories":[1],"tags":[2156,2106,113],"class_list":["post-12713","post","type-post","status-publish","format-standard","hentry","category-opinion","tag-internos-teatro-unidad-5","tag-la-mision","tag-unidad-5","generate-columns","tablet-grid-50","mobile-grid-100","grid-parent","grid-50"],"jetpack_publicize_connections":[],"jetpack_featured_media_url":"","wps_subtitle":"","jetpack_sharing_enabled":true,"_links":{"self":[{"href":"https:\/\/www.hoymercedes.com.ar\/principal\/wp-json\/wp\/v2\/posts\/12713","targetHints":{"allow":["GET"]}}],"collection":[{"href":"https:\/\/www.hoymercedes.com.ar\/principal\/wp-json\/wp\/v2\/posts"}],"about":[{"href":"https:\/\/www.hoymercedes.com.ar\/principal\/wp-json\/wp\/v2\/types\/post"}],"author":[{"embeddable":true,"href":"https:\/\/www.hoymercedes.com.ar\/principal\/wp-json\/wp\/v2\/users\/1"}],"replies":[{"embeddable":true,"href":"https:\/\/www.hoymercedes.com.ar\/principal\/wp-json\/wp\/v2\/comments?post=12713"}],"version-history":[{"count":0,"href":"https:\/\/www.hoymercedes.com.ar\/principal\/wp-json\/wp\/v2\/posts\/12713\/revisions"}],"wp:attachment":[{"href":"https:\/\/www.hoymercedes.com.ar\/principal\/wp-json\/wp\/v2\/media?parent=12713"}],"wp:term":[{"taxonomy":"category","embeddable":true,"href":"https:\/\/www.hoymercedes.com.ar\/principal\/wp-json\/wp\/v2\/categories?post=12713"},{"taxonomy":"post_tag","embeddable":true,"href":"https:\/\/www.hoymercedes.com.ar\/principal\/wp-json\/wp\/v2\/tags?post=12713"}],"curies":[{"name":"wp","href":"https:\/\/api.w.org\/{rel}","templated":true}]}}