{"id":127162,"date":"2021-03-29T10:24:00","date_gmt":"2021-03-29T13:24:00","guid":{"rendered":"https:\/\/www.hoymercedes.com.ar\/principal\/?p=127162"},"modified":"2021-03-29T09:26:01","modified_gmt":"2021-03-29T12:26:01","slug":"kicillof-firmo-obras-para-ruta-no42-y-asi-jerarquizar-acceso-a-tomas-jofre-y-la-verde","status":"publish","type":"post","link":"https:\/\/www.hoymercedes.com.ar\/principal\/2021\/03\/29\/kicillof-firmo-obras-para-ruta-no42-y-asi-jerarquizar-acceso-a-tomas-jofre-y-la-verde\/","title":{"rendered":"Kicillof firm\u00f3 obras para Ruta N\u00ba42 y as\u00ed jerarquizar acceso a Tom\u00e1s Jofr\u00e9 y La Verde"},"content":{"rendered":"\n<p><\/p>\n\n\n\n<figure class=\"wp-block-image size-large\"><img loading=\"lazy\" decoding=\"async\" width=\"1024\" height=\"682\" data-attachment-id=\"127163\" data-permalink=\"https:\/\/www.hoymercedes.com.ar\/principal\/2021\/03\/29\/kicillof-firmo-obras-para-ruta-no42-y-asi-jerarquizar-acceso-a-tomas-jofre-y-la-verde\/exa7debwebeltq2\/#main\" data-orig-file=\"https:\/\/www.hoymercedes.com.ar\/principal\/wp-content\/uploads\/2021\/03\/Exa7debWEBElTq2.jpg\" data-orig-size=\"1280,852\" data-comments-opened=\"0\" data-image-meta=\"{&quot;aperture&quot;:&quot;0&quot;,&quot;credit&quot;:&quot;&quot;,&quot;camera&quot;:&quot;&quot;,&quot;caption&quot;:&quot;&quot;,&quot;created_timestamp&quot;:&quot;0&quot;,&quot;copyright&quot;:&quot;&quot;,&quot;focal_length&quot;:&quot;0&quot;,&quot;iso&quot;:&quot;0&quot;,&quot;shutter_speed&quot;:&quot;0&quot;,&quot;title&quot;:&quot;&quot;,&quot;orientation&quot;:&quot;0&quot;}\" data-image-title=\"Exa7debWEBElTq2\" data-image-description=\"\" data-image-caption=\"\" data-large-file=\"https:\/\/www.hoymercedes.com.ar\/principal\/wp-content\/uploads\/2021\/03\/Exa7debWEBElTq2-1024x682.jpg\" src=\"https:\/\/www.hoymercedes.com.ar\/principal\/wp-content\/uploads\/2021\/03\/Exa7debWEBElTq2-1024x682.jpg\" alt=\"\" class=\"wp-image-127163\" srcset=\"https:\/\/www.hoymercedes.com.ar\/principal\/wp-content\/uploads\/2021\/03\/Exa7debWEBElTq2-1024x682.jpg 1024w, https:\/\/www.hoymercedes.com.ar\/principal\/wp-content\/uploads\/2021\/03\/Exa7debWEBElTq2-630x419.jpg 630w, https:\/\/www.hoymercedes.com.ar\/principal\/wp-content\/uploads\/2021\/03\/Exa7debWEBElTq2-150x100.jpg 150w, https:\/\/www.hoymercedes.com.ar\/principal\/wp-content\/uploads\/2021\/03\/Exa7debWEBElTq2-700x465.jpg 700w, https:\/\/www.hoymercedes.com.ar\/principal\/wp-content\/uploads\/2021\/03\/Exa7debWEBElTq2.jpg 1280w\" sizes=\"auto, (max-width: 1024px) 100vw, 1024px\" \/><\/figure>\n\n\n\n<p>El gobernador Kicillof firm\u00f3 contrato para realizar obras de jerarquizaci\u00f3n de caminos rurales que incluyen a Mercedes. Se trata de la reparaci\u00f3n del acceso a Tom\u00e1s Jofr\u00e9 y La Verdad. La obra cont\u00f3 con m\u00faltiples gestiones previas por parte del municipio. V\u00eda teleconferencia nuestra comuna particip\u00f3 de la importante confirmaci\u00f3n y r\u00fabrica. El ministro Agust\u00edn Simone estuvo en la presentaci\u00f3n y su cartera es la unidad ejecutora.<\/p>\n\n\n\n<p>En el marco del Plan \u201cProvincia En Marcha\u201d, el gobernador de la provincia de Buenos Aires, Axel Kicillof, firm\u00f3 18 convenios junto al ministro de Infraestructura y Servicios P\u00fablicos, Agust\u00edn Simone; el subsecretario de Obras P\u00fablicas, Ernesto Selzer; e intendentes e intendentas bonaerenses, con el objetivo de invertir 4.266 millones de pesos para obras viales en 50 municipios.<\/p>\n\n\n\n<p>El intendente Ustarroz refiri\u00f3 que \u201ces una noticia sumamente valiosa. El acceso a Tom\u00e1s Jofr\u00e9 y La Verde es muy importante para los vecinos y vecinas, para la producci\u00f3n, el turismo, la educaci\u00f3n, es parte de nuestros caminos rurales y uno de los m\u00e1s utilizados\u201d coment\u00f3 y dijo que \u201cestamos muy agradecidos al gobernador Kicillof, al ministro Simone y sus equipos de trabajo por continuar incluyendo a nuestro pueblo, al igual que lo hace Naci\u00f3n, en los distintos programas de obra p\u00fablica y reactivaci\u00f3n econ\u00f3mica, mejorando la infraestructura, la seguridad vial y aportando a la calidad de vida de las y los mercedinos y mercedinas\u201d, refiri\u00f3 entre otros conceptos el jefe comunal.<\/p>\n\n\n\n<p>En ese marco, Kicillof destac\u00f3 que \u201cestamos celebrando estos 18 contratos que ya est\u00e1n en marcha para mejorar la calidad de vida de los vecinos y las vecinas\u201d. \u201cEstas obras salvan vidas y generan la conectividad necesaria para promover el trabajo, la producci\u00f3n y el comercio\u201d, agreg\u00f3.<\/p>\n\n\n\n<p>En Mercedes se trata del acceso a Tom\u00e1s Jofr\u00e9 y La Verde. Por su parte, desde la teleconferencia, qui\u00e9n sigui\u00f3 las distintas alternativas del acto, fue la secretaria de gobierno Clara Zunino, tras la convocatoria provincial.<\/p>\n\n\n\n<p>Por \u00faltimo, el gobernador bonaerense, destac\u00f3 que \u201ccontamos con un Estado presente que se ocupa de la salud, pero tambi\u00e9n de encender la chispa de la reactivaci\u00f3n econ\u00f3mica\u201d, sostuvo Kicillof<\/p>\n\n\n\n<p>Las obras se realizar\u00e1n en rutas ubicadas en los partidos de Tres de Febrero, Hurlingham, Tres Arroyos, San Pedro, Ramallo, San Nicol\u00e1s, General Alvarado, General Pueyrredon, Benito Ju\u00e1rez, Necochea, Avellaneda, Berazategui, Ca\u00f1uelas, La Plata, Berisso, Ensenada, Lan\u00fas, Lomas de Zamora, Quilmes, Presidente Per\u00f3n, Almirante Brown, Guamin\u00ed, Rauch, Azul, General La Madrid, Carmen de Areco, Navarro, Jun\u00edn, General Viamonte, Lincoln, Leandro N. Alem, General Pinto, 9 de Julio, Bol\u00edvar, General Paz, Campana, Escobar, Luj\u00e1n, Moreno, Malvinas Argentinas, Mercedes, San Andr\u00e9s de Giles, San Mart\u00edn, Mor\u00f3n, San Vicente, Coronel Pringles, General Rodr\u00edguez, Jos\u00e9 C. Paz, La Matanza e Ituzaing\u00f3<\/p>\n","protected":false},"excerpt":{"rendered":"<p>El gobernador Kicillof firm\u00f3 contrato para realizar obras de jerarquizaci\u00f3n de caminos rurales que incluyen a Mercedes. Se trata de &#8230; <a title=\"Kicillof firm\u00f3 obras para Ruta N\u00ba42 y as\u00ed jerarquizar acceso a Tom\u00e1s Jofr\u00e9 y La Verde\" class=\"read-more\" href=\"https:\/\/www.hoymercedes.com.ar\/principal\/2021\/03\/29\/kicillof-firmo-obras-para-ruta-no42-y-asi-jerarquizar-acceso-a-tomas-jofre-y-la-verde\/\" aria-label=\"Leer m\u00e1s sobre Kicillof firm\u00f3 obras para Ruta N\u00ba42 y as\u00ed jerarquizar acceso a Tom\u00e1s Jofr\u00e9 y La Verde\">Leer m\u00e1s<\/a><\/p>\n","protected":false},"author":1,"featured_media":127163,"comment_status":"closed","ping_status":"open","sticky":false,"template":"","format":"standard","meta":{"_monsterinsights_skip_tracking":false,"_monsterinsights_sitenote_active":false,"_monsterinsights_sitenote_note":"","_monsterinsights_sitenote_category":0,"jetpack_post_was_ever_published":false,"_jetpack_newsletter_access":"","_jetpack_dont_email_post_to_subs":false,"_jetpack_newsletter_tier_id":0,"_jetpack_memberships_contains_paywalled_content":false,"_jetpack_memberships_contains_paid_content":false,"footnotes":"","jetpack_publicize_message":"","jetpack_publicize_feature_enabled":true,"jetpack_social_post_already_shared":true,"jetpack_social_options":{"image_generator_settings":{"template":"highway","default_image_id":0,"font":"","enabled":false},"version":2},"_wpas_customize_per_network":false},"categories":[8881],"tags":[17618,16581],"class_list":["post-127162","post","type-post","status-publish","format-standard","has-post-thumbnail","hentry","category-provincia","tag-acceso-jofre","tag-kicillof","generate-columns","tablet-grid-50","mobile-grid-100","grid-parent","grid-50"],"jetpack_publicize_connections":[],"jetpack_featured_media_url":"https:\/\/www.hoymercedes.com.ar\/principal\/wp-content\/uploads\/2021\/03\/Exa7debWEBElTq2.jpg","wps_subtitle":"Obra p\u00fablica provincia","jetpack_sharing_enabled":true,"_links":{"self":[{"href":"https:\/\/www.hoymercedes.com.ar\/principal\/wp-json\/wp\/v2\/posts\/127162","targetHints":{"allow":["GET"]}}],"collection":[{"href":"https:\/\/www.hoymercedes.com.ar\/principal\/wp-json\/wp\/v2\/posts"}],"about":[{"href":"https:\/\/www.hoymercedes.com.ar\/principal\/wp-json\/wp\/v2\/types\/post"}],"author":[{"embeddable":true,"href":"https:\/\/www.hoymercedes.com.ar\/principal\/wp-json\/wp\/v2\/users\/1"}],"replies":[{"embeddable":true,"href":"https:\/\/www.hoymercedes.com.ar\/principal\/wp-json\/wp\/v2\/comments?post=127162"}],"version-history":[{"count":0,"href":"https:\/\/www.hoymercedes.com.ar\/principal\/wp-json\/wp\/v2\/posts\/127162\/revisions"}],"wp:featuredmedia":[{"embeddable":true,"href":"https:\/\/www.hoymercedes.com.ar\/principal\/wp-json\/wp\/v2\/media\/127163"}],"wp:attachment":[{"href":"https:\/\/www.hoymercedes.com.ar\/principal\/wp-json\/wp\/v2\/media?parent=127162"}],"wp:term":[{"taxonomy":"category","embeddable":true,"href":"https:\/\/www.hoymercedes.com.ar\/principal\/wp-json\/wp\/v2\/categories?post=127162"},{"taxonomy":"post_tag","embeddable":true,"href":"https:\/\/www.hoymercedes.com.ar\/principal\/wp-json\/wp\/v2\/tags?post=127162"}],"curies":[{"name":"wp","href":"https:\/\/api.w.org\/{rel}","templated":true}]}}