{"id":127166,"date":"2021-03-29T13:26:00","date_gmt":"2021-03-29T16:26:00","guid":{"rendered":"https:\/\/www.hoymercedes.com.ar\/principal\/?p=127166"},"modified":"2021-03-29T09:28:49","modified_gmt":"2021-03-29T12:28:49","slug":"kicillof-encabezaria-importante-entrega-de-escrituras-en-mercedes","status":"publish","type":"post","link":"https:\/\/www.hoymercedes.com.ar\/principal\/2021\/03\/29\/kicillof-encabezaria-importante-entrega-de-escrituras-en-mercedes\/","title":{"rendered":"Kicillof encabezar\u00eda importante entrega de escrituras en Mercedes"},"content":{"rendered":"\n<p><\/p>\n\n\n\n<figure class=\"wp-block-image size-large\"><img loading=\"lazy\" decoding=\"async\" width=\"939\" height=\"626\" data-attachment-id=\"127167\" data-permalink=\"https:\/\/www.hoymercedes.com.ar\/principal\/2021\/03\/29\/kicillof-encabezaria-importante-entrega-de-escrituras-en-mercedes\/whatsapp-image-2021-03-28-at-18-49-44\/#main\" data-orig-file=\"https:\/\/www.hoymercedes.com.ar\/principal\/wp-content\/uploads\/2021\/03\/WhatsApp-Image-2021-03-28-at-18.49.44.jpeg\" data-orig-size=\"939,626\" data-comments-opened=\"0\" data-image-meta=\"{&quot;aperture&quot;:&quot;0&quot;,&quot;credit&quot;:&quot;&quot;,&quot;camera&quot;:&quot;&quot;,&quot;caption&quot;:&quot;&quot;,&quot;created_timestamp&quot;:&quot;0&quot;,&quot;copyright&quot;:&quot;&quot;,&quot;focal_length&quot;:&quot;0&quot;,&quot;iso&quot;:&quot;0&quot;,&quot;shutter_speed&quot;:&quot;0&quot;,&quot;title&quot;:&quot;&quot;,&quot;orientation&quot;:&quot;0&quot;}\" data-image-title=\"WhatsApp-Image-2021-03-28-at-18.49.44\" data-image-description=\"\" data-image-caption=\"\" data-large-file=\"https:\/\/www.hoymercedes.com.ar\/principal\/wp-content\/uploads\/2021\/03\/WhatsApp-Image-2021-03-28-at-18.49.44.jpeg\" src=\"https:\/\/www.hoymercedes.com.ar\/principal\/wp-content\/uploads\/2021\/03\/WhatsApp-Image-2021-03-28-at-18.49.44.jpeg\" alt=\"\" class=\"wp-image-127167\" srcset=\"https:\/\/www.hoymercedes.com.ar\/principal\/wp-content\/uploads\/2021\/03\/WhatsApp-Image-2021-03-28-at-18.49.44.jpeg 939w, https:\/\/www.hoymercedes.com.ar\/principal\/wp-content\/uploads\/2021\/03\/WhatsApp-Image-2021-03-28-at-18.49.44-630x420.jpeg 630w, https:\/\/www.hoymercedes.com.ar\/principal\/wp-content\/uploads\/2021\/03\/WhatsApp-Image-2021-03-28-at-18.49.44-150x100.jpeg 150w\" sizes=\"auto, (max-width: 939px) 100vw, 939px\" \/><\/figure>\n\n\n\n<p>Tras amplias gestiones se realizar\u00e1 el mi\u00e9rcoles en Mercedes una importante entrega de escrituras a vecinos de la ciudad. El acto podr\u00eda contar con la presencia del gobernador Axel Kicillof y el Ministro de Justicia Julio Alak. En la oportunidad se entregar\u00e1n m\u00e1s de 170 escrituras de distintos programas de regularizaciones dominiales que ha implementado el municipio. Vale destacar que desde el a\u00f1o 2018 que no llegaban escrituras a la ciudad debido a un cambio en el sistema de entrega que impidi\u00f3 que vecinos de esta ciudad tengan acceso a la misma.<\/p>\n\n\n\n<p>Ya el a\u00f1o pasado el jefe comunal hab\u00eda comenzado a gestionar la entrega de las mismas, y todo se frustr\u00f3 tras el ASPO. Las gestiones se reanudaron hace algunos meses y se obtuvo esta fecha.<\/p>\n\n\n\n<p>Seg\u00fan se supo extra oficialmente durante la semana vinieron funcionarios provinciales a ultimar detalles del arribo del gobernador y el ministro mientras desde la Direcci\u00f3n de Tierras se encuentran en pleno proceso de notificaci\u00f3n a quienes recibir\u00e1n las escrituras despu\u00e9s de tantos a\u00f1os de espera.<\/p>\n\n\n\n<p>Ser\u00e1 la reuni\u00f3n protocolizada y con los cuidados correspondientes, no s\u00f3lo porque es la habitual forma de trabajo de la Comuna sino tambi\u00e9n porque la Escriban\u00eda General de Gobierno ha implementado uno propio para volver a materializar estos actos.<\/p>\n\n\n\n<p>Por el momento se supo que la intenci\u00f3n es sea al aire libre y se est\u00e1n analizando dos locaciones distintas.<\/p>\n\n\n\n<p>Terrenos municipales<br>Adem\u00e1s de las escrituras para quienes oportunamente la gestionaron, el municipio recibir\u00e1 380 escrituras traslativas de dominio de prescripciones administrativas, la mayor\u00eda de ellas pertenecen a terrenos que el municipio ha estado ejerciendo la posesi\u00f3n y ahora se logra sanear el dominio. Todos esos terrenos se sumar\u00e1n al Banco Municipal de Tierras que se destinan al Programa Mi Terreno que tras su jerarquizaci\u00f3n se sortean ante escribano p\u00fablico en beneficio de todos los inscriptos que ya superan los 4 mil. En un gran aporte para continuar con este reconocido programa de acceso a la vivienda y la tierra para residentes en la ciudad que puso en marcha el intendente en el a\u00f1o 2018.<\/p>\n\n\n\n<p>Mi Terreno<br>El Banco Municipal de Tierras fue creado por ordenanza en el a\u00f1o 2017 pero se comenz\u00f3 a materializar en el a\u00f1o 2018 con una ejecuci\u00f3n transparente e incluso contemplando cupos especiales para trabajadores de distintos sectores y recientemente se concret\u00f3 el cupo especial para discapacitados. Ya lleva m\u00e1s de 400 familias beneficiadas y todos los sorteos se realizan ante escribano p\u00fablico. Los \u00faltimos dos \u2013y como consecuencia de la pandemia- no fueron p\u00fablicos, pero se transmitieron en vivo llegando a tener m\u00e1s de mil seguidores en los momentos picos.<\/p>\n\n\n\n<p>Articulaci\u00f3n<br>Esta realidad tambi\u00e9n acompa\u00f1a las distintas articulaciones y planificaciones que se vienen efectuando con distintos organismos nacionales y provinciales con el objetivo de obtener m\u00e1s posesiones de tierras, efectuar obras de infraestructuras en lotes futuros barrios, obtener dinero para inversi\u00f3n y mejorar, siempre, la calidad de vida de la poblaci\u00f3n.<\/p>\n\n\n\n<p>Si bien no hubo declaraciones oficiales hasta el momento, se supo que diversas \u00e1reas de la municipalidad, se encuentran trabajando para llevar adelante esta importante entrega, m\u00e1xime teniendo en cuenta la posible presencia de la m\u00e1xima autoridad provincial.<\/p>\n","protected":false},"excerpt":{"rendered":"<p>Tras amplias gestiones se realizar\u00e1 el mi\u00e9rcoles en Mercedes una importante entrega de escrituras a vecinos de la ciudad. El &#8230; <a title=\"Kicillof encabezar\u00eda importante entrega de escrituras en Mercedes\" class=\"read-more\" href=\"https:\/\/www.hoymercedes.com.ar\/principal\/2021\/03\/29\/kicillof-encabezaria-importante-entrega-de-escrituras-en-mercedes\/\" aria-label=\"Leer m\u00e1s sobre Kicillof encabezar\u00eda importante entrega de escrituras en Mercedes\">Leer m\u00e1s<\/a><\/p>\n","protected":false},"author":1,"featured_media":127167,"comment_status":"closed","ping_status":"open","sticky":false,"template":"","format":"standard","meta":{"_monsterinsights_skip_tracking":false,"_monsterinsights_sitenote_active":false,"_monsterinsights_sitenote_note":"","_monsterinsights_sitenote_category":0,"jetpack_post_was_ever_published":false,"_jetpack_newsletter_access":"","_jetpack_dont_email_post_to_subs":false,"_jetpack_newsletter_tier_id":0,"_jetpack_memberships_contains_paywalled_content":false,"_jetpack_memberships_contains_paid_content":false,"footnotes":"","jetpack_publicize_message":"","jetpack_publicize_feature_enabled":true,"jetpack_social_post_already_shared":true,"jetpack_social_options":{"image_generator_settings":{"template":"highway","default_image_id":0,"font":"","enabled":false},"version":2},"_wpas_customize_per_network":false},"categories":[8881],"tags":[424],"class_list":["post-127166","post","type-post","status-publish","format-standard","has-post-thumbnail","hentry","category-provincia","tag-ustarroz","generate-columns","tablet-grid-50","mobile-grid-100","grid-parent","grid-50"],"jetpack_publicize_connections":[],"jetpack_featured_media_url":"https:\/\/www.hoymercedes.com.ar\/principal\/wp-content\/uploads\/2021\/03\/WhatsApp-Image-2021-03-28-at-18.49.44.jpeg","wps_subtitle":"Beneficio a vecinos y vecinas ","jetpack_sharing_enabled":true,"jetpack-related-posts":[{"id":74245,"url":"https:\/\/www.hoymercedes.com.ar\/principal\/2018\/04\/03\/ustarroz-junto-a-la-escribania-general-de-la-provincia-entregaron-escrituras-a-vecinos\/","url_meta":{"origin":127166,"position":0},"title":"Ustarroz junto a la escriban\u00eda general de la provincia entregaron escrituras a vecinos\u00a0","author":"hoymercedes","date":"3 abril, 2018","format":false,"excerpt":"El Municipio de Mercedes logr\u00f3 \u00a0entregar, tras numerosas gestiones ante la Escriban\u00eda General de la Provincia, cerca de 300 escrituras de propiedad a los vecinos de Mercedes. El intendente de nuestra ciudad, el Dr. Juan Ignacio Ustarroz, encabez\u00f3 el acto de firma y entrega de t\u00edtulos de propiedad, junto al\u2026","rel":"","context":"En \u00abSociedad\u00bb","block_context":{"text":"Sociedad","link":"https:\/\/www.hoymercedes.com.ar\/principal\/category\/sociedad\/"},"img":{"alt_text":"","src":"https:\/\/i0.wp.com\/www.hoymercedes.com.ar\/principal\/wp-content\/uploads\/2018\/04\/ustarroz-2.jpg?resize=350%2C200&ssl=1","width":350,"height":200,"srcset":"https:\/\/i0.wp.com\/www.hoymercedes.com.ar\/principal\/wp-content\/uploads\/2018\/04\/ustarroz-2.jpg?resize=350%2C200&ssl=1 1x, https:\/\/i0.wp.com\/www.hoymercedes.com.ar\/principal\/wp-content\/uploads\/2018\/04\/ustarroz-2.jpg?resize=525%2C300&ssl=1 1.5x, https:\/\/i0.wp.com\/www.hoymercedes.com.ar\/principal\/wp-content\/uploads\/2018\/04\/ustarroz-2.jpg?resize=700%2C400&ssl=1 2x"},"classes":[]},{"id":177170,"url":"https:\/\/www.hoymercedes.com.ar\/principal\/2024\/07\/12\/ustarroz-destaco-el-valor-de-la-solidaridad-en-la-entrega-de-240-escrituras-a-vecinos-de-la-ciudad\/","url_meta":{"origin":127166,"position":1},"title":"Ustarroz destac\u00f3 el valor de la solidaridad en la entrega de 240 escrituras a vecinos de la ciudad","author":"hoymercedes","date":"12 julio, 2024","format":false,"excerpt":"El intendente Juan Ignacio Ustarroz celebr\u00f3 hoy la entrega de m\u00e1s de 200 escrituras de viviendas a vecinos de Mercedes junto con el ministro de Justicia y Derechos Humanos de la Provincia de Buenos Aires, Juan Mart\u00edn Mena, y pidi\u00f3 seguir \u201ctrabajando juntos, en comunidad, para dar siempre una mano\u2026","rel":"","context":"En \u00abMunicipio\u00bb","block_context":{"text":"Municipio","link":"https:\/\/www.hoymercedes.com.ar\/principal\/category\/municipio\/"},"img":{"alt_text":"Ustarroz destac\u00f3 el valor de la solidaridad en la entrega de 240 escrituras a vecinos de la ciudad","src":"https:\/\/i0.wp.com\/www.hoymercedes.com.ar\/principal\/wp-content\/uploads\/2024\/07\/Ustarroz-Mena.3.jpg?resize=350%2C200&ssl=1","width":350,"height":200,"srcset":"https:\/\/i0.wp.com\/www.hoymercedes.com.ar\/principal\/wp-content\/uploads\/2024\/07\/Ustarroz-Mena.3.jpg?resize=350%2C200&ssl=1 1x, https:\/\/i0.wp.com\/www.hoymercedes.com.ar\/principal\/wp-content\/uploads\/2024\/07\/Ustarroz-Mena.3.jpg?resize=525%2C300&ssl=1 1.5x, https:\/\/i0.wp.com\/www.hoymercedes.com.ar\/principal\/wp-content\/uploads\/2024\/07\/Ustarroz-Mena.3.jpg?resize=700%2C400&ssl=1 2x, https:\/\/i0.wp.com\/www.hoymercedes.com.ar\/principal\/wp-content\/uploads\/2024\/07\/Ustarroz-Mena.3.jpg?resize=1050%2C600&ssl=1 3x"},"classes":[]},{"id":82851,"url":"https:\/\/www.hoymercedes.com.ar\/principal\/2018\/10\/22\/intendente-encabezo-acto-de-entrega-de-escrituras-y-titulos-de-propiedad\/","url_meta":{"origin":127166,"position":2},"title":"Entregaron escrituras y t\u00edtulos de propiedad","author":"hoymercedes","date":"22 octubre, 2018","format":false,"excerpt":"Durante la ma\u00f1ana de este lunes se llev\u00f3 a cabo la entrega de escrituras a vecinos de Mercedes, tras la gesti\u00f3n efectuada por el \u00e1rea de tierras de la Municipalidad ante la Provincia de Buenos Aires. El acto estuvo encabezado por el intendente Juan Ignacio Ustarroz y el\u00a0Secretario General de\u2026","rel":"","context":"En \u00abMunicipio\u00bb","block_context":{"text":"Municipio","link":"https:\/\/www.hoymercedes.com.ar\/principal\/category\/municipio\/"},"img":{"alt_text":"","src":"https:\/\/i0.wp.com\/www.hoymercedes.com.ar\/principal\/wp-content\/uploads\/2018\/10\/IMG_7854.jpg?resize=350%2C200&ssl=1","width":350,"height":200,"srcset":"https:\/\/i0.wp.com\/www.hoymercedes.com.ar\/principal\/wp-content\/uploads\/2018\/10\/IMG_7854.jpg?resize=350%2C200&ssl=1 1x, https:\/\/i0.wp.com\/www.hoymercedes.com.ar\/principal\/wp-content\/uploads\/2018\/10\/IMG_7854.jpg?resize=525%2C300&ssl=1 1.5x, https:\/\/i0.wp.com\/www.hoymercedes.com.ar\/principal\/wp-content\/uploads\/2018\/10\/IMG_7854.jpg?resize=700%2C400&ssl=1 2x, https:\/\/i0.wp.com\/www.hoymercedes.com.ar\/principal\/wp-content\/uploads\/2018\/10\/IMG_7854.jpg?resize=1050%2C600&ssl=1 3x, https:\/\/i0.wp.com\/www.hoymercedes.com.ar\/principal\/wp-content\/uploads\/2018\/10\/IMG_7854.jpg?resize=1400%2C800&ssl=1 4x"},"classes":[]},{"id":43218,"url":"https:\/\/www.hoymercedes.com.ar\/principal\/2015\/07\/20\/ministro-casal-entregara-escrituras-a-53-mercedinos\/","url_meta":{"origin":127166,"position":3},"title":"Ministro Casal entregar\u00e1 escrituras a 53 mercedinos","author":"hoymercedes","date":"20 julio, 2015","format":false,"excerpt":"El Ministro de Justicia de la Provincia de Buenos Aires, Ricardo Casal, estar\u00e1 \u00e9ste martes en Mercedes desde las 09.30hs en el espacio de la C\u00e1mara Econ\u00f3mica Mercedina haciendo entrega de escrituras a varias familias mercedinas sobre terrenos que ya ocupan.\u00a0 No es la primera vez que el Ministro efect\u00faa\u2026","rel":"","context":"En \u00abSociedad\u00bb","block_context":{"text":"Sociedad","link":"https:\/\/www.hoymercedes.com.ar\/principal\/category\/sociedad\/"},"img":{"alt_text":"","src":"https:\/\/i0.wp.com\/www.hoymercedes.com.ar\/principal\/wp-content\/uploads\/2015\/07\/casal.jpg?resize=350%2C200&ssl=1","width":350,"height":200,"srcset":"https:\/\/i0.wp.com\/www.hoymercedes.com.ar\/principal\/wp-content\/uploads\/2015\/07\/casal.jpg?resize=350%2C200&ssl=1 1x, https:\/\/i0.wp.com\/www.hoymercedes.com.ar\/principal\/wp-content\/uploads\/2015\/07\/casal.jpg?resize=525%2C300&ssl=1 1.5x"},"classes":[]},{"id":133617,"url":"https:\/\/www.hoymercedes.com.ar\/principal\/2021\/07\/19\/en-el-complejo-la-trocha-el-miercoles-se-entregan-mas-escrituras\/","url_meta":{"origin":127166,"position":4},"title":"En el complejo La Trocha el mi\u00e9rcoles se entregan m\u00e1s escrituras","author":"hoymercedes","date":"19 julio, 2021","format":false,"excerpt":"Con la presencia de Carlos Bianco se proceder\u00e1 a concretar un nuevo acto de la Escriban\u00eda General de Gobierno M\u00e1s de 50 vecinos mercedinos recibir\u00e1n la documentaci\u00f3n que acredita la titularidad. El jefe de gabinete de ministros de la provincia de Buenos Aires, Carlos Bianco junto con el intendente de\u2026","rel":"","context":"En \u00abProvincia\u00bb","block_context":{"text":"Provincia","link":"https:\/\/www.hoymercedes.com.ar\/principal\/category\/provincia\/"},"img":{"alt_text":"","src":"https:\/\/i0.wp.com\/www.hoymercedes.com.ar\/principal\/wp-content\/uploads\/2021\/07\/CarlosBianco.jpg?resize=350%2C200&ssl=1","width":350,"height":200,"srcset":"https:\/\/i0.wp.com\/www.hoymercedes.com.ar\/principal\/wp-content\/uploads\/2021\/07\/CarlosBianco.jpg?resize=350%2C200&ssl=1 1x, https:\/\/i0.wp.com\/www.hoymercedes.com.ar\/principal\/wp-content\/uploads\/2021\/07\/CarlosBianco.jpg?resize=525%2C300&ssl=1 1.5x, https:\/\/i0.wp.com\/www.hoymercedes.com.ar\/principal\/wp-content\/uploads\/2021\/07\/CarlosBianco.jpg?resize=700%2C400&ssl=1 2x"},"classes":[]},{"id":16726,"url":"https:\/\/www.hoymercedes.com.ar\/principal\/2012\/10\/07\/se-entregaron-escrituras-ligadas-a-tierras\/","url_meta":{"origin":127166,"position":5},"title":"Se entregaron escrituras ligadas a tierras","author":"hoymercedes","date":"7 octubre, 2012","format":false,"excerpt":"Durante la tarde del viernes en un acto que cont\u00f3 con la presencia de funcionarios y vecinos de nuestra ciduad se llev\u00f3 adelante la entrega de documentaci\u00f3n ligada a tierras de diversa \u00edndole. El Complejo Ameghino Mar\u00edn fue el espacio f\u00edsico donde se llev\u00f3 a cabo el acto en el\u2026","rel":"","context":"En \u00abMunicipio\u00bb","block_context":{"text":"Municipio","link":"https:\/\/www.hoymercedes.com.ar\/principal\/category\/municipio\/"},"img":{"alt_text":"","src":"https:\/\/i0.wp.com\/www.hoymercedes.com.ar\/principal\/wp-content\/uploads\/2012\/10\/Entrega-Escrituras.jpg?resize=350%2C200","width":350,"height":200,"srcset":"https:\/\/i0.wp.com\/www.hoymercedes.com.ar\/principal\/wp-content\/uploads\/2012\/10\/Entrega-Escrituras.jpg?resize=350%2C200 1x, https:\/\/i0.wp.com\/www.hoymercedes.com.ar\/principal\/wp-content\/uploads\/2012\/10\/Entrega-Escrituras.jpg?resize=525%2C300 1.5x"},"classes":[]}],"_links":{"self":[{"href":"https:\/\/www.hoymercedes.com.ar\/principal\/wp-json\/wp\/v2\/posts\/127166","targetHints":{"allow":["GET"]}}],"collection":[{"href":"https:\/\/www.hoymercedes.com.ar\/principal\/wp-json\/wp\/v2\/posts"}],"about":[{"href":"https:\/\/www.hoymercedes.com.ar\/principal\/wp-json\/wp\/v2\/types\/post"}],"author":[{"embeddable":true,"href":"https:\/\/www.hoymercedes.com.ar\/principal\/wp-json\/wp\/v2\/users\/1"}],"replies":[{"embeddable":true,"href":"https:\/\/www.hoymercedes.com.ar\/principal\/wp-json\/wp\/v2\/comments?post=127166"}],"version-history":[{"count":0,"href":"https:\/\/www.hoymercedes.com.ar\/principal\/wp-json\/wp\/v2\/posts\/127166\/revisions"}],"wp:featuredmedia":[{"embeddable":true,"href":"https:\/\/www.hoymercedes.com.ar\/principal\/wp-json\/wp\/v2\/media\/127167"}],"wp:attachment":[{"href":"https:\/\/www.hoymercedes.com.ar\/principal\/wp-json\/wp\/v2\/media?parent=127166"}],"wp:term":[{"taxonomy":"category","embeddable":true,"href":"https:\/\/www.hoymercedes.com.ar\/principal\/wp-json\/wp\/v2\/categories?post=127166"},{"taxonomy":"post_tag","embeddable":true,"href":"https:\/\/www.hoymercedes.com.ar\/principal\/wp-json\/wp\/v2\/tags?post=127166"}],"curies":[{"name":"wp","href":"https:\/\/api.w.org\/{rel}","templated":true}]}}