{"id":127177,"date":"2021-03-30T08:18:00","date_gmt":"2021-03-30T11:18:00","guid":{"rendered":"https:\/\/www.hoymercedes.com.ar\/principal\/?p=127177"},"modified":"2021-03-29T20:32:28","modified_gmt":"2021-03-29T23:32:28","slug":"juventud-continua-la-inscripcion-para-potencial-trabajo","status":"publish","type":"post","link":"https:\/\/www.hoymercedes.com.ar\/principal\/2021\/03\/30\/juventud-continua-la-inscripcion-para-potencial-trabajo\/","title":{"rendered":"Juventud contin\u00faa la inscripci\u00f3n para \u00abpotencial trabajo\u00bb"},"content":{"rendered":"\n<figure class=\"wp-block-image size-large\"><img loading=\"lazy\" decoding=\"async\" width=\"939\" height=\"626\" data-attachment-id=\"127178\" data-permalink=\"https:\/\/www.hoymercedes.com.ar\/principal\/2021\/03\/30\/juventud-continua-la-inscripcion-para-potencial-trabajo\/sja_5227\/#main\" data-orig-file=\"https:\/\/www.hoymercedes.com.ar\/principal\/wp-content\/uploads\/2021\/03\/SJA_5227.jpg\" data-orig-size=\"939,626\" data-comments-opened=\"0\" data-image-meta=\"{&quot;aperture&quot;:&quot;0&quot;,&quot;credit&quot;:&quot;SEBASTIANAMBROSSIO&quot;,&quot;camera&quot;:&quot;&quot;,&quot;caption&quot;:&quot;&quot;,&quot;created_timestamp&quot;:&quot;0&quot;,&quot;copyright&quot;:&quot;SebastianAmbrossio&quot;,&quot;focal_length&quot;:&quot;0&quot;,&quot;iso&quot;:&quot;0&quot;,&quot;shutter_speed&quot;:&quot;0&quot;,&quot;title&quot;:&quot;&quot;,&quot;orientation&quot;:&quot;0&quot;}\" data-image-title=\"SJA_5227\" data-image-description=\"\" data-image-caption=\"\" data-large-file=\"https:\/\/www.hoymercedes.com.ar\/principal\/wp-content\/uploads\/2021\/03\/SJA_5227.jpg\" src=\"https:\/\/www.hoymercedes.com.ar\/principal\/wp-content\/uploads\/2021\/03\/SJA_5227.jpg\" alt=\"\" class=\"wp-image-127178\" srcset=\"https:\/\/www.hoymercedes.com.ar\/principal\/wp-content\/uploads\/2021\/03\/SJA_5227.jpg 939w, https:\/\/www.hoymercedes.com.ar\/principal\/wp-content\/uploads\/2021\/03\/SJA_5227-630x420.jpg 630w, https:\/\/www.hoymercedes.com.ar\/principal\/wp-content\/uploads\/2021\/03\/SJA_5227-150x100.jpg 150w\" sizes=\"auto, (max-width: 939px) 100vw, 939px\" \/><\/figure>\n\n\n\n<p>\u00daltimos d\u00edas para la inscripci\u00f3n al Programa Potenciar para j\u00f3venes. Desde el \u00e1rea de Coordinaci\u00f3n de Pol\u00edticas Juveniles se recepcionan a los interesados.<\/p>\n\n\n\n<p>Hace dos semanas que se viene desarrollando la inscripci\u00f3n al Programa Potenciar, dirigido a j\u00f3venes entre 18 y 29 a\u00f1os de edad, inclusivo, y desde el \u00e1rea de la Subdirecci\u00f3n de Pol\u00edticas Juveniles del municipio se habilit\u00f3 continuar hasta esta semana con la recepci\u00f3n: \u201ccomo la demanda de j\u00f3venes fue muy grande, vimos la necesidad de extender los d\u00edas\u201d comenta la responsable del \u00e1rea, Lucila Villoslada, responsable del \u00e1rea.<\/p>\n\n\n\n<p>\u201cEs un programa muy nuevo y reci\u00e9n en muy pocos municipios se est\u00e1 arrancando, gracias a la gesti\u00f3n del intendente Ustarroz\u201d se\u00f1ala la joven funcionaria, Lucila Villoslada quien est\u00e1 al frente de la misma hace poco m\u00e1s de un mes.<\/p>\n\n\n\n<p>\u201cEl programa Potenciar contempla una beca incentiva, durante 12 meses, de ocho mil quinientos pesos (8.500) para capacitarse en alg\u00fan oficio\u201d explica Villoslada que valora la posibilidad del acercamiento y la ayuda a los j\u00f3venes desde esta iniciativa del gobierno nacional para incluirlos: \u201cjustamente aprender y capacitarse en lo que es un oficio es important\u00edsimo\u201d.<\/p>\n\n\n\n<p>Los interesados deben concurrir al \u00e1rea de Juventud que funciona en el ex Instituto Unzu\u00e9 y el procedimiento de inscripci\u00f3n es r\u00e1pido y sencillo. Quienes se acerquen, hay dos turnos, de 9 a 12 hs y de 14 a 18 hs, tambi\u00e9n en el CDR (Centro de Referencia en la 11 y 2).<\/p>\n\n\n\n<p>Aquellos que quieran inscribirse deben acercar los datos personales, DNI, n\u00famero de CUIL y el n\u00famero de CBU, \u201clos j\u00f3venes tienen que tener una cuenta bancaria a su nombre para poder cobrar\u201d indica Villoslada que tambi\u00e9n explica que desde el \u00e1rea est\u00e1n ayudando \u201ca crear la Cuenta DNI para aquellos que no tienen CBU\u201d.<\/p>\n","protected":false},"excerpt":{"rendered":"<p>\u00daltimos d\u00edas para la inscripci\u00f3n al Programa Potenciar para j\u00f3venes. Desde el \u00e1rea de Coordinaci\u00f3n de Pol\u00edticas Juveniles se recepcionan &#8230; <a title=\"Juventud contin\u00faa la inscripci\u00f3n para \u00abpotencial trabajo\u00bb\" class=\"read-more\" href=\"https:\/\/www.hoymercedes.com.ar\/principal\/2021\/03\/30\/juventud-continua-la-inscripcion-para-potencial-trabajo\/\" aria-label=\"Leer m\u00e1s sobre Juventud contin\u00faa la inscripci\u00f3n para \u00abpotencial trabajo\u00bb\">Leer m\u00e1s<\/a><\/p>\n","protected":false},"author":1,"featured_media":127178,"comment_status":"closed","ping_status":"open","sticky":false,"template":"","format":"standard","meta":{"_monsterinsights_skip_tracking":false,"_monsterinsights_sitenote_active":false,"_monsterinsights_sitenote_note":"","_monsterinsights_sitenote_category":0,"jetpack_post_was_ever_published":false,"_jetpack_newsletter_access":"","_jetpack_dont_email_post_to_subs":false,"_jetpack_newsletter_tier_id":0,"_jetpack_memberships_contains_paywalled_content":false,"_jetpack_memberships_contains_paid_content":false,"footnotes":"","jetpack_publicize_message":"","jetpack_publicize_feature_enabled":true,"jetpack_social_post_already_shared":true,"jetpack_social_options":{"image_generator_settings":{"template":"highway","default_image_id":0,"font":"","enabled":false},"version":2},"_wpas_customize_per_network":false},"categories":[30],"tags":[2184,17621],"class_list":["post-127177","post","type-post","status-publish","format-standard","has-post-thumbnail","hentry","category-municipio","tag-juventud-mercedes","tag-villoslaba","generate-columns","tablet-grid-50","mobile-grid-100","grid-parent","grid-50"],"jetpack_publicize_connections":[],"jetpack_featured_media_url":"https:\/\/www.hoymercedes.com.ar\/principal\/wp-content\/uploads\/2021\/03\/SJA_5227.jpg","wps_subtitle":"Beneficio social","jetpack_sharing_enabled":true,"_links":{"self":[{"href":"https:\/\/www.hoymercedes.com.ar\/principal\/wp-json\/wp\/v2\/posts\/127177","targetHints":{"allow":["GET"]}}],"collection":[{"href":"https:\/\/www.hoymercedes.com.ar\/principal\/wp-json\/wp\/v2\/posts"}],"about":[{"href":"https:\/\/www.hoymercedes.com.ar\/principal\/wp-json\/wp\/v2\/types\/post"}],"author":[{"embeddable":true,"href":"https:\/\/www.hoymercedes.com.ar\/principal\/wp-json\/wp\/v2\/users\/1"}],"replies":[{"embeddable":true,"href":"https:\/\/www.hoymercedes.com.ar\/principal\/wp-json\/wp\/v2\/comments?post=127177"}],"version-history":[{"count":0,"href":"https:\/\/www.hoymercedes.com.ar\/principal\/wp-json\/wp\/v2\/posts\/127177\/revisions"}],"wp:featuredmedia":[{"embeddable":true,"href":"https:\/\/www.hoymercedes.com.ar\/principal\/wp-json\/wp\/v2\/media\/127178"}],"wp:attachment":[{"href":"https:\/\/www.hoymercedes.com.ar\/principal\/wp-json\/wp\/v2\/media?parent=127177"}],"wp:term":[{"taxonomy":"category","embeddable":true,"href":"https:\/\/www.hoymercedes.com.ar\/principal\/wp-json\/wp\/v2\/categories?post=127177"},{"taxonomy":"post_tag","embeddable":true,"href":"https:\/\/www.hoymercedes.com.ar\/principal\/wp-json\/wp\/v2\/tags?post=127177"}],"curies":[{"name":"wp","href":"https:\/\/api.w.org\/{rel}","templated":true}]}}