{"id":127196,"date":"2021-03-29T21:39:40","date_gmt":"2021-03-30T00:39:40","guid":{"rendered":"https:\/\/www.hoymercedes.com.ar\/principal\/?p=127196"},"modified":"2021-03-29T21:44:40","modified_gmt":"2021-03-30T00:44:40","slug":"secretaria-de-salud-capacita-directivos-de-instituciones-educativas-en-protocolos-covid","status":"publish","type":"post","link":"https:\/\/www.hoymercedes.com.ar\/principal\/2021\/03\/29\/secretaria-de-salud-capacita-directivos-de-instituciones-educativas-en-protocolos-covid\/","title":{"rendered":"Secretar\u00eda de Salud capacita directivos de instituciones educativas en protocolos covid"},"content":{"rendered":"\n<figure class=\"wp-block-image size-large\"><img loading=\"lazy\" decoding=\"async\" width=\"939\" height=\"626\" data-attachment-id=\"127197\" data-permalink=\"https:\/\/www.hoymercedes.com.ar\/principal\/2021\/03\/29\/secretaria-de-salud-capacita-directivos-de-instituciones-educativas-en-protocolos-covid\/dsc05313\/#main\" data-orig-file=\"https:\/\/www.hoymercedes.com.ar\/principal\/wp-content\/uploads\/2021\/03\/DSC05313.jpg\" data-orig-size=\"939,626\" data-comments-opened=\"0\" data-image-meta=\"{&quot;aperture&quot;:&quot;0&quot;,&quot;credit&quot;:&quot;&quot;,&quot;camera&quot;:&quot;&quot;,&quot;caption&quot;:&quot;&quot;,&quot;created_timestamp&quot;:&quot;0&quot;,&quot;copyright&quot;:&quot;&quot;,&quot;focal_length&quot;:&quot;0&quot;,&quot;iso&quot;:&quot;0&quot;,&quot;shutter_speed&quot;:&quot;0&quot;,&quot;title&quot;:&quot;&quot;,&quot;orientation&quot;:&quot;0&quot;}\" data-image-title=\"DSC05313\" data-image-description=\"\" data-image-caption=\"\" data-large-file=\"https:\/\/www.hoymercedes.com.ar\/principal\/wp-content\/uploads\/2021\/03\/DSC05313.jpg\" src=\"https:\/\/www.hoymercedes.com.ar\/principal\/wp-content\/uploads\/2021\/03\/DSC05313.jpg\" alt=\"\" class=\"wp-image-127197\" srcset=\"https:\/\/www.hoymercedes.com.ar\/principal\/wp-content\/uploads\/2021\/03\/DSC05313.jpg 939w, https:\/\/www.hoymercedes.com.ar\/principal\/wp-content\/uploads\/2021\/03\/DSC05313-630x420.jpg 630w, https:\/\/www.hoymercedes.com.ar\/principal\/wp-content\/uploads\/2021\/03\/DSC05313-150x100.jpg 150w\" sizes=\"auto, (max-width: 939px) 100vw, 939px\" \/><\/figure>\n\n\n\n<p>Este lunes desde la Secretar\u00eda de Salud comenz\u00f3 con una capacitaci\u00f3n para instituciones educativas p\u00fablicas y privadas sobre protocolos y cuidados en las actividades del regreso a clases o c\u00f3mo actuar ante un eventual positivo. \u201cHoy con los directivos de escuelas p\u00fablicas tenemos la primera reuni\u00f3n lo que ayudar\u00e1 a que ellos se saquen algunas dudas con los referentes de salud de la ciudad, para que cuanto mejor apliquen el protocolo m\u00e1s y mejores resultados vamos a tener, es decir, menos casos de la enfermedad\u201d indic\u00f3 el Dr. Pisapia. \u00a0<\/p>\n\n\n\n<p>Adem\u00e1s, el secretario de salud municipal, el Dr. N\u00e9stor Pisapia manifest\u00f3 \u201chemos hecho un esquema de capacitaci\u00f3n donde reafirmamos todo lo antes informado, como, por ejemplo, cu\u00e1l es el protocolo, las medidas a tomar en cada una de las posibilidades que se puedan llegar a presentar en los diferentes casos\u201d y apunt\u00f3 \u201chemos decidido que salud intervenga en estos protocolos y que adem\u00e1s estemos para aclarar las dudas que haya. Hoy nos tocan las escuelas p\u00fablicas, ma\u00f1ana tenemos la reuni\u00f3n con las escuelas privadas con el objetivo de articular con todos ellos y despejar cualquier interrogante\u201d.<\/p>\n\n\n\n<p>\u201cAnte el aumento de casos que estamos viendo en todo el pa\u00eds se est\u00e1n tomando acciones a nivel nacional, por eso nosotros debemos acompa\u00f1ar desde el municipio y estamos trabajando para eso\u201d apunt\u00f3 Pisapia.<\/p>\n\n\n\n<figure class=\"wp-block-image size-large\"><img loading=\"lazy\" decoding=\"async\" width=\"939\" height=\"626\" data-attachment-id=\"127198\" data-permalink=\"https:\/\/www.hoymercedes.com.ar\/principal\/2021\/03\/29\/secretaria-de-salud-capacita-directivos-de-instituciones-educativas-en-protocolos-covid\/dsc05314\/#main\" data-orig-file=\"https:\/\/www.hoymercedes.com.ar\/principal\/wp-content\/uploads\/2021\/03\/DSC05314.jpg\" data-orig-size=\"939,626\" data-comments-opened=\"0\" data-image-meta=\"{&quot;aperture&quot;:&quot;0&quot;,&quot;credit&quot;:&quot;&quot;,&quot;camera&quot;:&quot;&quot;,&quot;caption&quot;:&quot;&quot;,&quot;created_timestamp&quot;:&quot;0&quot;,&quot;copyright&quot;:&quot;&quot;,&quot;focal_length&quot;:&quot;0&quot;,&quot;iso&quot;:&quot;0&quot;,&quot;shutter_speed&quot;:&quot;0&quot;,&quot;title&quot;:&quot;&quot;,&quot;orientation&quot;:&quot;0&quot;}\" data-image-title=\"DSC05314\" data-image-description=\"\" data-image-caption=\"\" data-large-file=\"https:\/\/www.hoymercedes.com.ar\/principal\/wp-content\/uploads\/2021\/03\/DSC05314.jpg\" src=\"https:\/\/www.hoymercedes.com.ar\/principal\/wp-content\/uploads\/2021\/03\/DSC05314.jpg\" alt=\"\" class=\"wp-image-127198\" srcset=\"https:\/\/www.hoymercedes.com.ar\/principal\/wp-content\/uploads\/2021\/03\/DSC05314.jpg 939w, https:\/\/www.hoymercedes.com.ar\/principal\/wp-content\/uploads\/2021\/03\/DSC05314-630x420.jpg 630w, https:\/\/www.hoymercedes.com.ar\/principal\/wp-content\/uploads\/2021\/03\/DSC05314-150x100.jpg 150w\" sizes=\"auto, (max-width: 939px) 100vw, 939px\" \/><\/figure>\n\n\n\n<p>Asimismo, el Dr. Pisapia expres\u00f3 \u201cque la gente sepa que estamos en pandemia, que la misma no pas\u00f3, y que,si bien el verano nos permiti\u00f3 cierta relajaci\u00f3n, ahora hay que ajustar y tomar conciencia. Por lo cual, estas capacitaciones permiten que la gente sepa cu\u00e1l es la situaci\u00f3n y c\u00f3mo tiene que proceder\u201d y agreg\u00f3 \u201cla idea es que lo \u00faltimo que se tenga que suspender sea la presencialidad, eso es lo que se habl\u00f3 desde el Ministerio de Educaci\u00f3n y salud de la Naci\u00f3n, estaremos viendo y evaluando el aumento de casos, donde cada jurisdicci\u00f3n tendr\u00e1 la potestad de decidir en qu\u00e9 momento suspende ciertas actividades o no\u201d.<\/p>\n\n\n\n<p>\u201cEn nuestro caso, nosotros nos manejamos de manera conjunta con el Comit\u00e9 de Crisis que viene funcionando muy bien en nuestra ciudad, y ese va a ser el \u00e1mbito donde vamos a discutir las diferentes medidas\u201d ratific\u00f3 el Secretario de Salud y subray\u00f3 \u201ccomo ha dicho siempre el intendente Ustarroz ese es el \u00e1mbito donde se escuchan todas las voces y a partir de ah\u00ed se toman las decisiones que nos involucran a todos\u201d.<\/p>\n\n\n\n<p>Christian Ponce, inspector Jefe Distrital de Mercedes se\u00f1al\u00f3 \u201cvenimos trabajando desde principio de a\u00f1o con la aplicaci\u00f3n de los planes jurisdiccionales, mismos que requieren una articulaci\u00f3n muy grande con el Municipio de Mercedes, con las \u00e1reas y sistemas de salud de la ciudad. Esta capacitaci\u00f3n es para continuar articulando y mejorar estos v\u00ednculos, cuidando de mejor manera a nuestros docentes y alumnos\u201d.<\/p>\n\n\n\n<p>\u201cLa realidad es que los protocolos est\u00e1n funcionando bien y eso sirve mucho para llevar tranquilidad a las familias\u201d destac\u00f3 Ponce y asegur\u00f3 \u201cla verdad que ha salido mejor que lo planificado en su momento\u201d.<\/p>\n","protected":false},"excerpt":{"rendered":"<p>Este lunes desde la Secretar\u00eda de Salud comenz\u00f3 con una capacitaci\u00f3n para instituciones educativas p\u00fablicas y privadas sobre protocolos y &#8230; <a title=\"Secretar\u00eda de Salud capacita directivos de instituciones educativas en protocolos covid\" class=\"read-more\" href=\"https:\/\/www.hoymercedes.com.ar\/principal\/2021\/03\/29\/secretaria-de-salud-capacita-directivos-de-instituciones-educativas-en-protocolos-covid\/\" aria-label=\"Leer m\u00e1s sobre Secretar\u00eda de Salud capacita directivos de instituciones educativas en protocolos covid\">Leer m\u00e1s<\/a><\/p>\n","protected":false},"author":1,"featured_media":127197,"comment_status":"closed","ping_status":"open","sticky":false,"template":"","format":"standard","meta":{"_monsterinsights_skip_tracking":false,"_monsterinsights_sitenote_active":false,"_monsterinsights_sitenote_note":"","_monsterinsights_sitenote_category":0,"jetpack_post_was_ever_published":false,"_jetpack_newsletter_access":"","_jetpack_dont_email_post_to_subs":false,"_jetpack_newsletter_tier_id":0,"_jetpack_memberships_contains_paywalled_content":false,"_jetpack_memberships_contains_paid_content":false,"footnotes":"","jetpack_publicize_message":"","jetpack_publicize_feature_enabled":true,"jetpack_social_post_already_shared":true,"jetpack_social_options":{"image_generator_settings":{"template":"highway","default_image_id":0,"font":"","enabled":false},"version":2},"_wpas_customize_per_network":false},"categories":[30],"tags":[3705,17140],"class_list":["post-127196","post","type-post","status-publish","format-standard","has-post-thumbnail","hentry","category-municipio","tag-marianela-arenillas","tag-nestor-pisapia","generate-columns","tablet-grid-50","mobile-grid-100","grid-parent","grid-50"],"jetpack_publicize_connections":[],"jetpack_featured_media_url":"https:\/\/www.hoymercedes.com.ar\/principal\/wp-content\/uploads\/2021\/03\/DSC05313.jpg","wps_subtitle":"","jetpack_sharing_enabled":true,"_links":{"self":[{"href":"https:\/\/www.hoymercedes.com.ar\/principal\/wp-json\/wp\/v2\/posts\/127196","targetHints":{"allow":["GET"]}}],"collection":[{"href":"https:\/\/www.hoymercedes.com.ar\/principal\/wp-json\/wp\/v2\/posts"}],"about":[{"href":"https:\/\/www.hoymercedes.com.ar\/principal\/wp-json\/wp\/v2\/types\/post"}],"author":[{"embeddable":true,"href":"https:\/\/www.hoymercedes.com.ar\/principal\/wp-json\/wp\/v2\/users\/1"}],"replies":[{"embeddable":true,"href":"https:\/\/www.hoymercedes.com.ar\/principal\/wp-json\/wp\/v2\/comments?post=127196"}],"version-history":[{"count":0,"href":"https:\/\/www.hoymercedes.com.ar\/principal\/wp-json\/wp\/v2\/posts\/127196\/revisions"}],"wp:featuredmedia":[{"embeddable":true,"href":"https:\/\/www.hoymercedes.com.ar\/principal\/wp-json\/wp\/v2\/media\/127197"}],"wp:attachment":[{"href":"https:\/\/www.hoymercedes.com.ar\/principal\/wp-json\/wp\/v2\/media?parent=127196"}],"wp:term":[{"taxonomy":"category","embeddable":true,"href":"https:\/\/www.hoymercedes.com.ar\/principal\/wp-json\/wp\/v2\/categories?post=127196"},{"taxonomy":"post_tag","embeddable":true,"href":"https:\/\/www.hoymercedes.com.ar\/principal\/wp-json\/wp\/v2\/tags?post=127196"}],"curies":[{"name":"wp","href":"https:\/\/api.w.org\/{rel}","templated":true}]}}