{"id":12720,"date":"2012-05-07T16:15:56","date_gmt":"2012-05-07T16:15:56","guid":{"rendered":"http:\/\/www.hoymercedes.com.ar\/principal\/?p=12720"},"modified":"2012-05-07T16:15:56","modified_gmt":"2012-05-07T16:15:56","slug":"selva-critico-a-la-campora-y-hablo-de-su-relacion-con-el-gobierno-nacional","status":"publish","type":"post","link":"https:\/\/www.hoymercedes.com.ar\/principal\/2012\/05\/07\/selva-critico-a-la-campora-y-hablo-de-su-relacion-con-el-gobierno-nacional\/","title":{"rendered":"Selva critic\u00f3 a La C\u00e1mpora y habl\u00f3 de su relaci\u00f3n con el Gobierno Nacional"},"content":{"rendered":"<p><a href=\"https:\/\/www.hoymercedes.com.ar\/principal\/wp-content\/uploads\/2012\/05\/Selva-LaTecla.jpg\"><img loading=\"lazy\" decoding=\"async\" data-attachment-id=\"12722\" data-permalink=\"https:\/\/www.hoymercedes.com.ar\/principal\/2012\/05\/07\/selva-critico-a-la-campora-y-hablo-de-su-relacion-con-el-gobierno-nacional\/selva-latecla\/#main\" data-orig-file=\"https:\/\/www.hoymercedes.com.ar\/principal\/wp-content\/uploads\/2012\/05\/Selva-LaTecla.jpg\" data-orig-size=\"612,385\" data-comments-opened=\"1\" data-image-meta=\"{&quot;aperture&quot;:&quot;0&quot;,&quot;credit&quot;:&quot;&quot;,&quot;camera&quot;:&quot;&quot;,&quot;caption&quot;:&quot;&quot;,&quot;created_timestamp&quot;:&quot;0&quot;,&quot;copyright&quot;:&quot;&quot;,&quot;focal_length&quot;:&quot;0&quot;,&quot;iso&quot;:&quot;0&quot;,&quot;shutter_speed&quot;:&quot;0&quot;,&quot;title&quot;:&quot;&quot;}\" data-image-title=\"Selva-LaTecla\" data-image-description=\"\" data-image-caption=\"\" data-large-file=\"https:\/\/www.hoymercedes.com.ar\/principal\/wp-content\/uploads\/2012\/05\/Selva-LaTecla.jpg\" class=\"aligncenter size-full wp-image-12722\" title=\"Selva-LaTecla\" src=\"https:\/\/www.hoymercedes.com.ar\/principal\/wp-content\/uploads\/2012\/05\/Selva-LaTecla.jpg\" alt=\"\" width=\"612\" height=\"385\" \/><\/a><\/p>\n<p>La cuesti\u00f3n de la construcci\u00f3n de las viviendas del barrio Favaloro est\u00e1 dando mucho que hablar en la ciudad, pero, tambi\u00e9n a diversos niveles nacionales y provinciales.<\/p>\n<p>En el medio gr\u00e1fico y digital dedicado a la pol\u00edtica provincial <a href=\"http:\/\/www.latecla.info\/2\/nota_52576.htm\" target=\"_blank\" rel=\"noopener\">\u00abLa Tecla\u00bb<\/a> toman declaraciones de Selva para armar un art\u00edculo en el que se aclaran algunas cuestiones del pensamiento del primer mandatario local.<\/p>\n<p>A continuaci\u00f3n reproducimos la nota publicada en La Tecla con las declaraciones del intendente:<\/p>\n<h3><strong>Selva dispar\u00f3 fuerte contra la aparici\u00f3n de La C\u00e1mpora<\/strong><\/h3>\n<p><em>El intendente de la Primera apunt\u00f3 contra la agrupaci\u00f3n juvenil liderada por el hijo de la Presidente. \u201cAntes de que apareciera La C\u00e1mpora en Mercedes nunca tuve problemas con el gobierno. Todas las obras se fueron concretando\u201d, dispar\u00f3. Seg\u00fan el alcalde, desde la irrupci\u00f3n de la agrupaci\u00f3n \u201cno pudimos lograr que se fueran aceitando los mecanismos\u201d. Adem\u00e1s, reivindic\u00f3 a Hugo Moyano<\/em><\/p>\n<p><em>El intendente de Mercedes, Carlos Selva, cuestion\u00f3 duramente a la agrupaci\u00f3n que lidera el hijo de la Presidente de la Naci\u00f3n, M\u00e1ximo Kirchner. \u201cAntes de que apareciera La C\u00e1mpora en Mercedes nunca tuve problemas con el gobierno. Todas las obras se fueron concretando\u201d.<\/em><\/p>\n<p><em>En este sentido, el alcalde dijo que \u201cdesde que aparecieron ellos, no pudimos lograr que se fueran aceitando los mecanismos. No estoy culpando a nadie, pero tengo el derecho de pensarlo porque as\u00ed me pas\u00f3 con el Acceso Sur, otras viviendas y otros programas que estaban comprometidos\u201d.<\/em><\/p>\n<p><em>Reiter\u00f3 que \u201cnunca hab\u00edamos tenido problemas con el gobierno nacional y hemos hecho mil cosas con ellos. Pero desde la aparici\u00f3n de esta nueva impronta pareciera que las cosas en Mercedes se han complicado. Lo real es que en el medio est\u00e1n los vecinos y esperamos que se terminen por las v\u00edas que corresponden\u201d.<\/em><\/p>\n<p><em>El dirigente habl\u00f3 sobre los motivos por los cuales cree que se enfri\u00f3 la relaci\u00f3n con un sector del gobierno nacional. \u201cHay una cosa muy c\u00f3mica: los dirigentes pol\u00edticos lo \u00fanico que no podemos hacer, salvo en el proceso de administrar, es no tener relaciones pol\u00edticas, conversar, debatir, discutir. Tuvimos el honor de tener en Mercedes a Omar Plaini, cercano a Moyano. De ah\u00ed en m\u00e1s, en el momento en que tenemos que tomar decisiones hay que tener en cuenta que nosotros somos peronistas, hemos defendido este modelo e ingresamos cuando nadie estaba\u201d.<\/em><\/p>\n<p><em>\u201cSomos dirigentes respaldados por el voto popular. Pareciera que los que tanto se llenan la boca hablando del voto popular no quieren reconocerlo si no lo favorece a ellos\u201d, se quej\u00f3.<\/em><\/p>\n<p><em>Sobre el encuentro del que particip\u00f3 junto a otros intendentes con Hugo Moyano asegur\u00f3 que \u201cfue m\u00e1s que interesante. \u00bfA qui\u00e9n no le gustar\u00eda tener un encuentro mano a mano para saber qu\u00e9 es lo que va a pasar?\u201d<\/em><\/p>\n<p><em>Sobre el Camionero, Selva opin\u00f3 que \u201cno s\u00e9 si va a estar cerca del gobierno o no. Es lo que me pasa muchas veces a m\u00ed cuando me preguntan porqu\u00e9 estoy tan lejos. Y no es que est\u00e9 lejos, es que hay un mont\u00f3n de vivos que quieren estar m\u00e1s cerca en base al detrimento de otros. Lo que uno no puede hacer es obsecuencia, s\u00ed lealtad\u201d.<\/em><\/p>\n<p><em>Por \u00faltimo, se\u00f1al\u00f3 que todo \u201cera distinto con N\u00e9stor. Por ah\u00ed hac\u00eda m\u00e1s f\u00e1cil estar en el di\u00e1logo de la pelea y en el arreglo de la misma. Era m\u00e1s directo el trato. Hoy la situaci\u00f3n es distinta. Para m\u00ed todo pasa porque la Argentina tiene que discutir las cosas. Tenemos problemas en el municipio, la provincia, la Naci\u00f3n\u201d.<\/em><\/p>\n<p><a href=\"http:\/\/www.latecla.info\/2\/nota_52576.htm\" target=\"_blank\" rel=\"noopener\">http:\/\/www.latecla.info\/2\/nota_52576.htm<\/a><\/p>\n","protected":false},"excerpt":{"rendered":"<p>La cuesti\u00f3n de la construcci\u00f3n de las viviendas del barrio Favaloro est\u00e1 dando mucho que hablar en la ciudad, pero, &#8230; <a title=\"Selva critic\u00f3 a La C\u00e1mpora y habl\u00f3 de su relaci\u00f3n con el Gobierno Nacional\" class=\"read-more\" href=\"https:\/\/www.hoymercedes.com.ar\/principal\/2012\/05\/07\/selva-critico-a-la-campora-y-hablo-de-su-relacion-con-el-gobierno-nacional\/\" aria-label=\"Leer m\u00e1s sobre Selva critic\u00f3 a La C\u00e1mpora y habl\u00f3 de su relaci\u00f3n con el Gobierno Nacional\">Leer m\u00e1s<\/a><\/p>\n","protected":false},"author":1,"featured_media":0,"comment_status":"open","ping_status":"open","sticky":false,"template":"","format":"standard","meta":{"_monsterinsights_skip_tracking":false,"_monsterinsights_sitenote_active":false,"_monsterinsights_sitenote_note":"","_monsterinsights_sitenote_category":0,"jetpack_post_was_ever_published":false,"_jetpack_newsletter_access":"","_jetpack_dont_email_post_to_subs":false,"_jetpack_newsletter_tier_id":0,"_jetpack_memberships_contains_paywalled_content":false,"_jetpack_memberships_contains_paid_content":false,"footnotes":"","jetpack_publicize_message":"","jetpack_publicize_feature_enabled":true,"jetpack_social_post_already_shared":false,"jetpack_social_options":{"image_generator_settings":{"template":"highway","default_image_id":0,"font":"","enabled":false},"version":2},"_wpas_customize_per_network":false},"categories":[1],"tags":[2063,542,18],"class_list":["post-12720","post","type-post","status-publish","format-standard","hentry","category-opinion","tag-barrio-favaloro","tag-la-campora-mercedes","tag-selva","generate-columns","tablet-grid-50","mobile-grid-100","grid-parent","grid-50"],"jetpack_publicize_connections":[],"jetpack_featured_media_url":"","wps_subtitle":"","jetpack_sharing_enabled":true,"_links":{"self":[{"href":"https:\/\/www.hoymercedes.com.ar\/principal\/wp-json\/wp\/v2\/posts\/12720","targetHints":{"allow":["GET"]}}],"collection":[{"href":"https:\/\/www.hoymercedes.com.ar\/principal\/wp-json\/wp\/v2\/posts"}],"about":[{"href":"https:\/\/www.hoymercedes.com.ar\/principal\/wp-json\/wp\/v2\/types\/post"}],"author":[{"embeddable":true,"href":"https:\/\/www.hoymercedes.com.ar\/principal\/wp-json\/wp\/v2\/users\/1"}],"replies":[{"embeddable":true,"href":"https:\/\/www.hoymercedes.com.ar\/principal\/wp-json\/wp\/v2\/comments?post=12720"}],"version-history":[{"count":0,"href":"https:\/\/www.hoymercedes.com.ar\/principal\/wp-json\/wp\/v2\/posts\/12720\/revisions"}],"wp:attachment":[{"href":"https:\/\/www.hoymercedes.com.ar\/principal\/wp-json\/wp\/v2\/media?parent=12720"}],"wp:term":[{"taxonomy":"category","embeddable":true,"href":"https:\/\/www.hoymercedes.com.ar\/principal\/wp-json\/wp\/v2\/categories?post=12720"},{"taxonomy":"post_tag","embeddable":true,"href":"https:\/\/www.hoymercedes.com.ar\/principal\/wp-json\/wp\/v2\/tags?post=12720"}],"curies":[{"name":"wp","href":"https:\/\/api.w.org\/{rel}","templated":true}]}}