{"id":127201,"date":"2021-03-29T23:00:00","date_gmt":"2021-03-30T02:00:00","guid":{"rendered":"https:\/\/www.hoymercedes.com.ar\/principal\/?p=127201"},"modified":"2021-03-29T21:47:29","modified_gmt":"2021-03-30T00:47:29","slug":"lujan-amenajan-a-joven-y-le-roban-12-millones-de-pesos","status":"publish","type":"post","link":"https:\/\/www.hoymercedes.com.ar\/principal\/2021\/03\/29\/lujan-amenajan-a-joven-y-le-roban-12-millones-de-pesos\/","title":{"rendered":"Luj\u00e1n: amenajan a  joven y le roban 12 millones de pesos"},"content":{"rendered":"\n<figure class=\"wp-block-image size-large\"><img loading=\"lazy\" decoding=\"async\" width=\"900\" height=\"675\" data-attachment-id=\"127202\" data-permalink=\"https:\/\/www.hoymercedes.com.ar\/principal\/2021\/03\/29\/lujan-amenajan-a-joven-y-le-roban-12-millones-de-pesos\/roboenlujan\/#main\" data-orig-file=\"https:\/\/www.hoymercedes.com.ar\/principal\/wp-content\/uploads\/2021\/03\/RoboEnLujan.jpg\" data-orig-size=\"900,675\" data-comments-opened=\"0\" data-image-meta=\"{&quot;aperture&quot;:&quot;0&quot;,&quot;credit&quot;:&quot;&quot;,&quot;camera&quot;:&quot;&quot;,&quot;caption&quot;:&quot;&quot;,&quot;created_timestamp&quot;:&quot;0&quot;,&quot;copyright&quot;:&quot;&quot;,&quot;focal_length&quot;:&quot;0&quot;,&quot;iso&quot;:&quot;0&quot;,&quot;shutter_speed&quot;:&quot;0&quot;,&quot;title&quot;:&quot;&quot;,&quot;orientation&quot;:&quot;0&quot;}\" data-image-title=\"RoboEnLujan\" data-image-description=\"\" data-image-caption=\"\" data-large-file=\"https:\/\/www.hoymercedes.com.ar\/principal\/wp-content\/uploads\/2021\/03\/RoboEnLujan.jpg\" src=\"https:\/\/www.hoymercedes.com.ar\/principal\/wp-content\/uploads\/2021\/03\/RoboEnLujan.jpg\" alt=\"\" class=\"wp-image-127202\" srcset=\"https:\/\/www.hoymercedes.com.ar\/principal\/wp-content\/uploads\/2021\/03\/RoboEnLujan.jpg 900w, https:\/\/www.hoymercedes.com.ar\/principal\/wp-content\/uploads\/2021\/03\/RoboEnLujan-630x473.jpg 630w, https:\/\/www.hoymercedes.com.ar\/principal\/wp-content\/uploads\/2021\/03\/RoboEnLujan-150x113.jpg 150w\" sizes=\"auto, (max-width: 900px) 100vw, 900px\" \/><\/figure>\n\n\n\n<p>En la vecina localidad una vecina fue v\u00edctima de un robo de importantes dimensiones. Le lograron sustraer 78.500 d\u00f3lares y 300.000 pesos. Se supo que actuaron tres delincuentes a mano armada. En el domicilio hab\u00eda una joven de 18 a\u00f1os de edad a la que tras amenazar pudieron sacarle esa enorme cantidad de dinero.<\/p>\n\n\n\n<p>Seg\u00fan se supo el pasado domingo la joven oy\u00f3 ruidos y detect\u00f3 que hab\u00eda tres desconocidos dentro de la propiedad.<\/p>\n\n\n\n<p>El sitio de noticias <a href=\"https:\/\/infocielo.com\/robo\/lujan-una-joven-18-anos-perdio-un-mas-12-millones-pesos-n706709\" data-type=\"URL\" data-id=\"https:\/\/infocielo.com\/robo\/lujan-una-joven-18-anos-perdio-un-mas-12-millones-pesos-n706709\" target=\"_blank\" rel=\"noopener\">\u201cInfocielo\u201d<\/a> expuso la situaci\u00f3n exponiendo que <em>\u201cLos ladrones enca\u00f1onaron a Paulina y al revisar el inmueble encontraron 78.500 d\u00f3lares y 300.000 pesos, lo que implica que con el cambio de la moneda extranjera en el mercado informal las p\u00e9rdidas de la v\u00edctima superaron los 12 millones de pesos. La joven radic\u00f3 la denuncia ni bien se sinti\u00f3 segura en la Estaci\u00f3n Policial Comunal y con la colaboraci\u00f3n de la DDI comenzaron con la pesquisa. El hecho fue caratulado como robo agravado y se investiga si hubo alg\u00fan entregador\u201d<\/em><\/p>\n","protected":false},"excerpt":{"rendered":"<p>En la vecina localidad una vecina fue v\u00edctima de un robo de importantes dimensiones. Le lograron sustraer 78.500 d\u00f3lares y &#8230; <a title=\"Luj\u00e1n: amenajan a  joven y le roban 12 millones de pesos\" class=\"read-more\" href=\"https:\/\/www.hoymercedes.com.ar\/principal\/2021\/03\/29\/lujan-amenajan-a-joven-y-le-roban-12-millones-de-pesos\/\" aria-label=\"Leer m\u00e1s sobre Luj\u00e1n: amenajan a  joven y le roban 12 millones de pesos\">Leer m\u00e1s<\/a><\/p>\n","protected":false},"author":1,"featured_media":127202,"comment_status":"closed","ping_status":"open","sticky":false,"template":"","format":"standard","meta":{"_monsterinsights_skip_tracking":false,"_monsterinsights_sitenote_active":false,"_monsterinsights_sitenote_note":"","_monsterinsights_sitenote_category":0,"jetpack_post_was_ever_published":false,"_jetpack_newsletter_access":"","_jetpack_dont_email_post_to_subs":false,"_jetpack_newsletter_tier_id":0,"_jetpack_memberships_contains_paywalled_content":false,"_jetpack_memberships_contains_paid_content":false,"footnotes":"","jetpack_publicize_message":"","jetpack_publicize_feature_enabled":true,"jetpack_social_post_already_shared":true,"jetpack_social_options":{"image_generator_settings":{"template":"highway","default_image_id":0,"font":"","enabled":false},"version":2},"_wpas_customize_per_network":false},"categories":[85],"tags":[11568],"class_list":["post-127201","post","type-post","status-publish","format-standard","has-post-thumbnail","hentry","category-policial","tag-robo-en-lujan","generate-columns","tablet-grid-50","mobile-grid-100","grid-parent","grid-50"],"jetpack_publicize_connections":[],"jetpack_featured_media_url":"https:\/\/www.hoymercedes.com.ar\/principal\/wp-content\/uploads\/2021\/03\/RoboEnLujan.jpg","wps_subtitle":"","jetpack_sharing_enabled":true,"_links":{"self":[{"href":"https:\/\/www.hoymercedes.com.ar\/principal\/wp-json\/wp\/v2\/posts\/127201","targetHints":{"allow":["GET"]}}],"collection":[{"href":"https:\/\/www.hoymercedes.com.ar\/principal\/wp-json\/wp\/v2\/posts"}],"about":[{"href":"https:\/\/www.hoymercedes.com.ar\/principal\/wp-json\/wp\/v2\/types\/post"}],"author":[{"embeddable":true,"href":"https:\/\/www.hoymercedes.com.ar\/principal\/wp-json\/wp\/v2\/users\/1"}],"replies":[{"embeddable":true,"href":"https:\/\/www.hoymercedes.com.ar\/principal\/wp-json\/wp\/v2\/comments?post=127201"}],"version-history":[{"count":0,"href":"https:\/\/www.hoymercedes.com.ar\/principal\/wp-json\/wp\/v2\/posts\/127201\/revisions"}],"wp:featuredmedia":[{"embeddable":true,"href":"https:\/\/www.hoymercedes.com.ar\/principal\/wp-json\/wp\/v2\/media\/127202"}],"wp:attachment":[{"href":"https:\/\/www.hoymercedes.com.ar\/principal\/wp-json\/wp\/v2\/media?parent=127201"}],"wp:term":[{"taxonomy":"category","embeddable":true,"href":"https:\/\/www.hoymercedes.com.ar\/principal\/wp-json\/wp\/v2\/categories?post=127201"},{"taxonomy":"post_tag","embeddable":true,"href":"https:\/\/www.hoymercedes.com.ar\/principal\/wp-json\/wp\/v2\/tags?post=127201"}],"curies":[{"name":"wp","href":"https:\/\/api.w.org\/{rel}","templated":true}]}}