{"id":127207,"date":"2021-03-30T14:43:07","date_gmt":"2021-03-30T17:43:07","guid":{"rendered":"https:\/\/www.hoymercedes.com.ar\/principal\/?p=127207"},"modified":"2021-03-30T14:44:07","modified_gmt":"2021-03-30T17:44:07","slug":"copa-ryder-y-medal-en-el-gcm","status":"publish","type":"post","link":"https:\/\/www.hoymercedes.com.ar\/principal\/2021\/03\/30\/copa-ryder-y-medal-en-el-gcm\/","title":{"rendered":"Copa Ryder y Medal en el GCM"},"content":{"rendered":"\n<p><strong><em>Se jugo en el GCM la Copa Ryder, en la cual se enfrentaron dos equipos que fueron denominados \u201cLos mas 50\u201d y el otro \u201cLa Sub 21\u201d. Adem\u00e1s se realiz\u00f3 un Medal Play con mucha concurrencia donde Graciela R\u00edos se qued\u00f3 con el primer puesto.<\/em><\/strong><\/p>\n\n\n\n<div class=\"wp-block-image\"><figure class=\"aligncenter size-large\"><img loading=\"lazy\" decoding=\"async\" width=\"1024\" height=\"683\" data-attachment-id=\"127208\" data-permalink=\"https:\/\/www.hoymercedes.com.ar\/principal\/2021\/03\/30\/copa-ryder-y-medal-en-el-gcm\/whatsapp-image-2021-03-30-at-13-41-39\/#main\" data-orig-file=\"https:\/\/www.hoymercedes.com.ar\/principal\/wp-content\/uploads\/2021\/03\/WhatsApp-Image-2021-03-30-at-13.41.39.jpeg\" data-orig-size=\"1140,760\" data-comments-opened=\"0\" data-image-meta=\"{&quot;aperture&quot;:&quot;0&quot;,&quot;credit&quot;:&quot;&quot;,&quot;camera&quot;:&quot;&quot;,&quot;caption&quot;:&quot;&quot;,&quot;created_timestamp&quot;:&quot;1617114768&quot;,&quot;copyright&quot;:&quot;&quot;,&quot;focal_length&quot;:&quot;0&quot;,&quot;iso&quot;:&quot;0&quot;,&quot;shutter_speed&quot;:&quot;0&quot;,&quot;title&quot;:&quot;&quot;,&quot;orientation&quot;:&quot;1&quot;}\" data-image-title=\"WhatsApp Image 2021-03-30 at 13.41.39\" data-image-description=\"\" data-image-caption=\"\" data-large-file=\"https:\/\/www.hoymercedes.com.ar\/principal\/wp-content\/uploads\/2021\/03\/WhatsApp-Image-2021-03-30-at-13.41.39-1024x683.jpeg\" src=\"https:\/\/www.hoymercedes.com.ar\/principal\/wp-content\/uploads\/2021\/03\/WhatsApp-Image-2021-03-30-at-13.41.39-1024x683.jpeg\" alt=\"\" class=\"wp-image-127208\" srcset=\"https:\/\/www.hoymercedes.com.ar\/principal\/wp-content\/uploads\/2021\/03\/WhatsApp-Image-2021-03-30-at-13.41.39-1024x683.jpeg 1024w, https:\/\/www.hoymercedes.com.ar\/principal\/wp-content\/uploads\/2021\/03\/WhatsApp-Image-2021-03-30-at-13.41.39-630x420.jpeg 630w, https:\/\/www.hoymercedes.com.ar\/principal\/wp-content\/uploads\/2021\/03\/WhatsApp-Image-2021-03-30-at-13.41.39-150x100.jpeg 150w, https:\/\/www.hoymercedes.com.ar\/principal\/wp-content\/uploads\/2021\/03\/WhatsApp-Image-2021-03-30-at-13.41.39.jpeg 1140w\" sizes=\"auto, (max-width: 1024px) 100vw, 1024px\" \/><\/figure><\/div>\n\n\n\n<p>Esta semana se jugo en el GCM la Copa Ryder, en la cual se enfrentaron dos equipos que fueron denominados \u201cLos mas 50\u201d y el otro \u201cLa Sub 21\u201d, en dos d\u00edas y con distintas&nbsp; modalidades.<\/p>\n\n\n\n<p>El domingo se jugo el primer enfrentamiento y la modalidad fue Fourball (en parejas), y tras quedar empatados y no sacarse diferencias, el mi\u00e9rcoles feriado se jugo el segundo enfrentamiento,&nbsp; modalidad Matchplay&nbsp; (individual). Despu\u00e9s de mucha competencia al final del d\u00eda llego la victoria para \u201cLa sub 21\u201d que se llevo el triunfo por 12,5 a 9,5.<\/p>\n\n\n\n<p>Asimismo, este s\u00e1bado se jugo un Medal Play con mucha concurrencia y&nbsp; a pesar de la lluvia ca\u00edda, se pudo jugar muy bien y ah\u00ed se lucio una dama; Graciela R\u00edos, quien presento una tarjeta 4 bajo par y se llevo todas las felicitaciones<\/p>\n\n\n\n<h3 class=\"wp-block-heading\">Los resultados fueron:<\/h3>\n\n\n\n<p>1) Graciela R\u00edos 66<br>2) Federico Brandoni 67<br>3) Ojea Manuel 68<br>4) Tipitto Guillermo 69<br>5) Ghirardelli Juan 69<\/p>\n\n\n\n<p>Colaboraci\u00f3n Mariano Oyarz\u00fa<\/p>\n\n\n\n<p><\/p>\n","protected":false},"excerpt":{"rendered":"<p>Se jugo en el GCM la Copa Ryder, en la cual se enfrentaron dos equipos que fueron denominados \u201cLos mas &#8230; <a title=\"Copa Ryder y Medal en el GCM\" class=\"read-more\" href=\"https:\/\/www.hoymercedes.com.ar\/principal\/2021\/03\/30\/copa-ryder-y-medal-en-el-gcm\/\" aria-label=\"Leer m\u00e1s sobre Copa Ryder y Medal en el GCM\">Leer m\u00e1s<\/a><\/p>\n","protected":false},"author":1,"featured_media":127208,"comment_status":"closed","ping_status":"open","sticky":false,"template":"","format":"standard","meta":{"_monsterinsights_skip_tracking":false,"_monsterinsights_sitenote_active":false,"_monsterinsights_sitenote_note":"","_monsterinsights_sitenote_category":0,"jetpack_post_was_ever_published":false,"_jetpack_newsletter_access":"","_jetpack_dont_email_post_to_subs":false,"_jetpack_newsletter_tier_id":0,"_jetpack_memberships_contains_paywalled_content":false,"_jetpack_memberships_contains_paid_content":false,"footnotes":"","jetpack_publicize_message":"","jetpack_publicize_feature_enabled":true,"jetpack_social_post_already_shared":true,"jetpack_social_options":{"image_generator_settings":{"template":"highway","default_image_id":0,"font":"","enabled":false},"version":2},"_wpas_customize_per_network":false},"categories":[21],"tags":[],"class_list":["post-127207","post","type-post","status-publish","format-standard","has-post-thumbnail","hentry","category-deportes","generate-columns","tablet-grid-50","mobile-grid-100","grid-parent","grid-50"],"jetpack_publicize_connections":[],"jetpack_featured_media_url":"https:\/\/www.hoymercedes.com.ar\/principal\/wp-content\/uploads\/2021\/03\/WhatsApp-Image-2021-03-30-at-13.41.39.jpeg","wps_subtitle":"Golf","jetpack_sharing_enabled":true,"jetpack-related-posts":[{"id":132885,"url":"https:\/\/www.hoymercedes.com.ar\/principal\/2021\/07\/06\/el-gcm-retomo-su-actividad\/","url_meta":{"origin":127207,"position":0},"title":"EL GCM retom\u00f3 su actividad","author":"hoymercedes","date":"6 julio, 2021","format":false,"excerpt":"Hubo final del Campeonato con Handicap donde Emilio Longeira se consagr\u00f3 campe\u00f3n en el \u00faltimo hoyo. Adem\u00e1s, se jug\u00f3 el tradicional Medal donde Mariano Depal\u00e1nques fue el mejor de la jornada. El campe\u00f3n Emilio Longueira y el finalista Daniel V\u00e1zquez. Este fin de semana, se jugo la final del Campeonato\u2026","rel":"","context":"En \u00abSociedad\u00bb","block_context":{"text":"Sociedad","link":"https:\/\/www.hoymercedes.com.ar\/principal\/category\/sociedad\/"},"img":{"alt_text":"","src":"https:\/\/i0.wp.com\/www.hoymercedes.com.ar\/principal\/wp-content\/uploads\/2021\/07\/05-dgolf.jpeg?resize=350%2C200&ssl=1","width":350,"height":200,"srcset":"https:\/\/i0.wp.com\/www.hoymercedes.com.ar\/principal\/wp-content\/uploads\/2021\/07\/05-dgolf.jpeg?resize=350%2C200&ssl=1 1x, https:\/\/i0.wp.com\/www.hoymercedes.com.ar\/principal\/wp-content\/uploads\/2021\/07\/05-dgolf.jpeg?resize=525%2C300&ssl=1 1.5x, https:\/\/i0.wp.com\/www.hoymercedes.com.ar\/principal\/wp-content\/uploads\/2021\/07\/05-dgolf.jpeg?resize=700%2C400&ssl=1 2x"},"classes":[]},{"id":129995,"url":"https:\/\/www.hoymercedes.com.ar\/principal\/2021\/05\/12\/badano-se-quedo-con-el-medal-del-sabado-pasado\/","url_meta":{"origin":127207,"position":1},"title":"Badano se qued\u00f3 con el Medal del s\u00e1bado pasado","author":"hoymercedes","date":"12 mayo, 2021","format":false,"excerpt":"El pasado fin de semana hubo mucho golf en las canchas del Golf Club Mercedes.\u00a0El s\u00e1bado se jugo un\u00a0Medal\u00a0Play que, si bien el d\u00eda estaba muy\u00a0 fresco lo que obligaba a\u00a0 pegarle\u00a0 un poco mas a la pelota, muchos jugadores se presentaron a intentar ganarle a la cancha. La jornada\u2026","rel":"","context":"En \u00abDeportes\u00bb","block_context":{"text":"Deportes","link":"https:\/\/www.hoymercedes.com.ar\/principal\/category\/deportes\/"},"img":{"alt_text":"","src":"https:\/\/i0.wp.com\/www.hoymercedes.com.ar\/principal\/wp-content\/uploads\/2021\/05\/WhatsApp-Image-2021-05-11-at-19.47.50.jpeg?resize=350%2C200&ssl=1","width":350,"height":200,"srcset":"https:\/\/i0.wp.com\/www.hoymercedes.com.ar\/principal\/wp-content\/uploads\/2021\/05\/WhatsApp-Image-2021-05-11-at-19.47.50.jpeg?resize=350%2C200&ssl=1 1x, https:\/\/i0.wp.com\/www.hoymercedes.com.ar\/principal\/wp-content\/uploads\/2021\/05\/WhatsApp-Image-2021-05-11-at-19.47.50.jpeg?resize=525%2C300&ssl=1 1.5x, https:\/\/i0.wp.com\/www.hoymercedes.com.ar\/principal\/wp-content\/uploads\/2021\/05\/WhatsApp-Image-2021-05-11-at-19.47.50.jpeg?resize=700%2C400&ssl=1 2x"},"classes":[]},{"id":139501,"url":"https:\/\/www.hoymercedes.com.ar\/principal\/2021\/11\/02\/graciela-rios-se-llevo-el-medal-del-gcm\/","url_meta":{"origin":127207,"position":2},"title":"Graciela R\u00edos se llev\u00f3 el Medal del GCM","author":"hoymercedes","date":"2 noviembre, 2021","format":false,"excerpt":"Se jug\u00f3 este s\u00e1bado un nuevo\u00a0Medal\u00a0a cuenta de la clasificaci\u00f3n del Torneo Gros por Categor\u00eda que determinara el Campe\u00f3n del Club 2021.\u00a0Con mucha concurrencia a pesar del calor reinante, todos con su sombrilla salieron a dar lo mejor de uno, y ah\u00ed sobresali\u00f3\u00a0 Graciela R\u00edos que con un rotundo 64,\u2026","rel":"","context":"En \u00abDeportes\u00bb","block_context":{"text":"Deportes","link":"https:\/\/www.hoymercedes.com.ar\/principal\/category\/deportes\/"},"img":{"alt_text":"","src":"https:\/\/i0.wp.com\/www.hoymercedes.com.ar\/principal\/wp-content\/uploads\/2021\/11\/golf02.jpeg?resize=350%2C200&ssl=1","width":350,"height":200,"srcset":"https:\/\/i0.wp.com\/www.hoymercedes.com.ar\/principal\/wp-content\/uploads\/2021\/11\/golf02.jpeg?resize=350%2C200&ssl=1 1x, https:\/\/i0.wp.com\/www.hoymercedes.com.ar\/principal\/wp-content\/uploads\/2021\/11\/golf02.jpeg?resize=525%2C300&ssl=1 1.5x, https:\/\/i0.wp.com\/www.hoymercedes.com.ar\/principal\/wp-content\/uploads\/2021\/11\/golf02.jpeg?resize=700%2C400&ssl=1 2x"},"classes":[]},{"id":174921,"url":"https:\/\/www.hoymercedes.com.ar\/principal\/2024\/04\/17\/golf-boragno-se-llevo-el-medal-del-gcm\/","url_meta":{"origin":127207,"position":3},"title":"Golf: Boragno se llev\u00f3 el Medal del GCM","author":"hoymercedes","date":"17 abril, 2024","format":false,"excerpt":"A pesar de la lluvia que ca\u00eda, este s\u00e1bado se jug\u00f3 en el Golf Club Mercedes un nuevo Medal Play. Si bien el clima parec\u00eda no acompa\u00f1ar para la pr\u00e1ctica deportiva,\u00a0 muchos golfistas se hicieron presente ya que fue la segunda fecha de tres,\u00a0 por las que se clasificar\u00e1n los\u2026","rel":"","context":"En \u00abDeportes\u00bb","block_context":{"text":"Deportes","link":"https:\/\/www.hoymercedes.com.ar\/principal\/category\/deportes\/"},"img":{"alt_text":"","src":"https:\/\/i0.wp.com\/www.hoymercedes.com.ar\/principal\/wp-content\/uploads\/2024\/04\/golf-15-04.jpg?resize=350%2C200&ssl=1","width":350,"height":200,"srcset":"https:\/\/i0.wp.com\/www.hoymercedes.com.ar\/principal\/wp-content\/uploads\/2024\/04\/golf-15-04.jpg?resize=350%2C200&ssl=1 1x, https:\/\/i0.wp.com\/www.hoymercedes.com.ar\/principal\/wp-content\/uploads\/2024\/04\/golf-15-04.jpg?resize=525%2C300&ssl=1 1.5x"},"classes":[]},{"id":164702,"url":"https:\/\/www.hoymercedes.com.ar\/principal\/2023\/07\/19\/golf-medal-y-campeonato-de-parejas-en-el-gcm\/","url_meta":{"origin":127207,"position":4},"title":"Golf: Medal y campeonato de parejas en el GCM","author":"hoymercedes","date":"19 julio, 2023","format":false,"excerpt":"Este s\u00e1bado se jug\u00f3 un nuevo Medal Play, en el Golf Club Mercedes, con la presencia de muchos golfistas. En ese sentido, todos salieron en busca de bajar el par a la cancha, que muchas veces no se puede, pero que siempre se intenta, los resultados fueron: Categor\u00eda hasta 18\u2026","rel":"","context":"En \u00abDeportes\u00bb","block_context":{"text":"Deportes","link":"https:\/\/www.hoymercedes.com.ar\/principal\/category\/deportes\/"},"img":{"alt_text":"","src":"https:\/\/i0.wp.com\/www.hoymercedes.com.ar\/principal\/wp-content\/uploads\/2023\/07\/golf-1707-2.jpg?resize=350%2C200&ssl=1","width":350,"height":200},"classes":[]},{"id":138820,"url":"https:\/\/www.hoymercedes.com.ar\/principal\/2021\/10\/19\/medal-play-en-el-gcm-torneo-a-18-hoyos\/","url_meta":{"origin":127207,"position":5},"title":"Medal Play en el GCM: torneo a 18 hoyos","author":"hoymercedes","date":"19 octubre, 2021","format":false,"excerpt":"Este s\u00e1bado se jug\u00f3 un Torneo Medal a 18 hoyos,\u00a0 auspiciado por Axion Energy. Como todos los a\u00f1os y va el agradamiento a la familia Niciforo Hnos; que colaboro con importantes premios. En el campo del Golf Club Mercedes\u00a0 m\u00e1s de 80 personas se hicieron presentes lo que gener\u00f3\u00a0 una\u2026","rel":"","context":"En \u00abDeportes\u00bb","block_context":{"text":"Deportes","link":"https:\/\/www.hoymercedes.com.ar\/principal\/category\/deportes\/"},"img":{"alt_text":"","src":"https:\/\/i0.wp.com\/www.hoymercedes.com.ar\/principal\/wp-content\/uploads\/2021\/10\/d-golf.jpeg?resize=350%2C200&ssl=1","width":350,"height":200,"srcset":"https:\/\/i0.wp.com\/www.hoymercedes.com.ar\/principal\/wp-content\/uploads\/2021\/10\/d-golf.jpeg?resize=350%2C200&ssl=1 1x, https:\/\/i0.wp.com\/www.hoymercedes.com.ar\/principal\/wp-content\/uploads\/2021\/10\/d-golf.jpeg?resize=525%2C300&ssl=1 1.5x, https:\/\/i0.wp.com\/www.hoymercedes.com.ar\/principal\/wp-content\/uploads\/2021\/10\/d-golf.jpeg?resize=700%2C400&ssl=1 2x"},"classes":[]}],"_links":{"self":[{"href":"https:\/\/www.hoymercedes.com.ar\/principal\/wp-json\/wp\/v2\/posts\/127207","targetHints":{"allow":["GET"]}}],"collection":[{"href":"https:\/\/www.hoymercedes.com.ar\/principal\/wp-json\/wp\/v2\/posts"}],"about":[{"href":"https:\/\/www.hoymercedes.com.ar\/principal\/wp-json\/wp\/v2\/types\/post"}],"author":[{"embeddable":true,"href":"https:\/\/www.hoymercedes.com.ar\/principal\/wp-json\/wp\/v2\/users\/1"}],"replies":[{"embeddable":true,"href":"https:\/\/www.hoymercedes.com.ar\/principal\/wp-json\/wp\/v2\/comments?post=127207"}],"version-history":[{"count":0,"href":"https:\/\/www.hoymercedes.com.ar\/principal\/wp-json\/wp\/v2\/posts\/127207\/revisions"}],"wp:featuredmedia":[{"embeddable":true,"href":"https:\/\/www.hoymercedes.com.ar\/principal\/wp-json\/wp\/v2\/media\/127208"}],"wp:attachment":[{"href":"https:\/\/www.hoymercedes.com.ar\/principal\/wp-json\/wp\/v2\/media?parent=127207"}],"wp:term":[{"taxonomy":"category","embeddable":true,"href":"https:\/\/www.hoymercedes.com.ar\/principal\/wp-json\/wp\/v2\/categories?post=127207"},{"taxonomy":"post_tag","embeddable":true,"href":"https:\/\/www.hoymercedes.com.ar\/principal\/wp-json\/wp\/v2\/tags?post=127207"}],"curies":[{"name":"wp","href":"https:\/\/api.w.org\/{rel}","templated":true}]}}