{"id":127238,"date":"2021-03-31T07:20:00","date_gmt":"2021-03-31T10:20:00","guid":{"rendered":"https:\/\/www.hoymercedes.com.ar\/principal\/?p=127238"},"modified":"2021-03-30T21:04:09","modified_gmt":"2021-03-31T00:04:09","slug":"firman-convenio-con-senasa-para-brindar-herramientas-a-productores","status":"publish","type":"post","link":"https:\/\/www.hoymercedes.com.ar\/principal\/2021\/03\/31\/firman-convenio-con-senasa-para-brindar-herramientas-a-productores\/","title":{"rendered":"Firman convenio con SENASA para brindar herramientas a productores"},"content":{"rendered":"\n<p>Fuente: Prensa Municipal &#8211; En el palacio municipal el intendente Juan Ignacio Ustarroz firm\u00f3 un convenio con el SENASA para el registro y mejoramiento en las condiciones de trabajo de productores de la ciudad. El objetivo es poder registrarlos en el RENSPA (Registro Nacional Sanitario de Productores Agropecuarios) del SENASA, y de esa manera, brindarles herramientas para el mejoramiento de la producci\u00f3n que consolide, no solo un mercado interno, sino regional en nuestra ciudad. \u00a0<\/p>\n\n\n\n<div class=\"wp-block-image\"><figure class=\"aligncenter size-large\"><img loading=\"lazy\" decoding=\"async\" width=\"800\" height=\"351\" data-attachment-id=\"127240\" data-permalink=\"https:\/\/www.hoymercedes.com.ar\/principal\/2021\/03\/31\/firman-convenio-con-senasa-para-brindar-herramientas-a-productores\/dsc05328\/#main\" data-orig-file=\"https:\/\/www.hoymercedes.com.ar\/principal\/wp-content\/uploads\/2021\/03\/DSC05328.jpg\" data-orig-size=\"800,351\" data-comments-opened=\"0\" data-image-meta=\"{&quot;aperture&quot;:&quot;0&quot;,&quot;credit&quot;:&quot;&quot;,&quot;camera&quot;:&quot;&quot;,&quot;caption&quot;:&quot;&quot;,&quot;created_timestamp&quot;:&quot;0&quot;,&quot;copyright&quot;:&quot;&quot;,&quot;focal_length&quot;:&quot;0&quot;,&quot;iso&quot;:&quot;0&quot;,&quot;shutter_speed&quot;:&quot;0&quot;,&quot;title&quot;:&quot;&quot;,&quot;orientation&quot;:&quot;0&quot;}\" data-image-title=\"DSC05328\" data-image-description=\"\" data-image-caption=\"\" data-large-file=\"https:\/\/www.hoymercedes.com.ar\/principal\/wp-content\/uploads\/2021\/03\/DSC05328.jpg\" src=\"https:\/\/www.hoymercedes.com.ar\/principal\/wp-content\/uploads\/2021\/03\/DSC05328.jpg\" alt=\"\" class=\"wp-image-127240\" srcset=\"https:\/\/www.hoymercedes.com.ar\/principal\/wp-content\/uploads\/2021\/03\/DSC05328.jpg 800w, https:\/\/www.hoymercedes.com.ar\/principal\/wp-content\/uploads\/2021\/03\/DSC05328-630x276.jpg 630w, https:\/\/www.hoymercedes.com.ar\/principal\/wp-content\/uploads\/2021\/03\/DSC05328-150x66.jpg 150w\" sizes=\"auto, (max-width: 800px) 100vw, 800px\" \/><\/figure><\/div>\n\n\n\n<p>Estuvieron presentes el intendente Juan Ignacio Ustarroz, Emilio Iglesias Berrondo, director del Centro Regional Buenos Aires Norte del SENASA y el director de Producci\u00f3n municipal Patricio Ballesty.&nbsp;&nbsp;&nbsp;<\/p>\n\n\n\n<p>El intendente Juan Ignacio Ustarroz manifest\u00f3 \u201cestamos revalidando un convenio en la casa de campo y por otro lado generando esta mesa de trabajo para llevar adelante una planificaci\u00f3n en uno de los temas esenciales que es la producci\u00f3n de alimentos\u201d. &nbsp;<\/p>\n\n\n\n<p>\u201cEsto es incentivar y potenciar a cada productor de nuestra ciudad con las distintas herramientas que se tienen del Estado, tanto Nacional, Provincial como Municipal\u201d destac\u00f3 el Dr. Ustarroz y se\u00f1al\u00f3 \u201cen ese sentido el primer punto siempre es un diagn\u00f3stico, lo m\u00e1s pormenorizado posible\u201d. &nbsp;<\/p>\n\n\n\n<p>En este sentido, el intendente Ustarroz cont\u00f3 \u201cIglesias Berrondo nos facilit\u00f3 much\u00edsima informaci\u00f3n, muy \u00fatil al momento de, y a la hora de planificar\u201d e indic\u00f3 \u201ccreemos mucho en esta sinergia, en primer lugar, entre todos los organismos del Estado, pero tambi\u00e9n entre el sector p\u00fablico y el privado. Y en ese sentido, junto a la Sociedad Rural y muchas instituciones poder ir avanzando en el perfil productivo de nuestra ciudad y generar las acciones conducentes para mejorar la realidad\u201d. &nbsp;<\/p>\n\n\n\n<p>El director de Producci\u00f3n municipal Patricio Ballesty expres\u00f3 \u201cestamos trabajando con el INTA y el Ministerio de Desarrollo Agrario a trav\u00e9s de una iniciativa de SENASA para hacer un relevamiento de los productores frutihort\u00edcolas del partido\u201d y agreg\u00f3 \u201cla idea es que se puedan ir registrando cada vez m\u00e1s con el RENSPA (Registro Nacional Sanitario de Productores Agropecuarios) del SENASA y a su vez ir acerc\u00e1ndoles tambi\u00e9n las otras herramientas que tenemos desde la direcci\u00f3n de producci\u00f3n como as\u00ed tambi\u00e9n del INTA para ayudarlos a mejorar su producci\u00f3n, estar dentro de un marco legal y d\u00e1ndole valor agregado a sus productos\u201d. &nbsp;<\/p>\n","protected":false},"excerpt":{"rendered":"<p>Fuente: Prensa Municipal &#8211; En el palacio municipal el intendente Juan Ignacio Ustarroz firm\u00f3 un convenio con el SENASA para &#8230; <a title=\"Firman convenio con SENASA para brindar herramientas a productores\" class=\"read-more\" href=\"https:\/\/www.hoymercedes.com.ar\/principal\/2021\/03\/31\/firman-convenio-con-senasa-para-brindar-herramientas-a-productores\/\" aria-label=\"Leer m\u00e1s sobre Firman convenio con SENASA para brindar herramientas a productores\">Leer m\u00e1s<\/a><\/p>\n","protected":false},"author":1,"featured_media":127240,"comment_status":"closed","ping_status":"open","sticky":false,"template":"","format":"standard","meta":{"_monsterinsights_skip_tracking":false,"_monsterinsights_sitenote_active":false,"_monsterinsights_sitenote_note":"","_monsterinsights_sitenote_category":0,"jetpack_post_was_ever_published":false,"_jetpack_newsletter_access":"","_jetpack_dont_email_post_to_subs":false,"_jetpack_newsletter_tier_id":0,"_jetpack_memberships_contains_paywalled_content":false,"_jetpack_memberships_contains_paid_content":false,"footnotes":"","jetpack_publicize_message":"","jetpack_publicize_feature_enabled":true,"jetpack_social_post_already_shared":true,"jetpack_social_options":{"image_generator_settings":{"template":"highway","default_image_id":0,"font":"","enabled":false},"version":2},"_wpas_customize_per_network":false},"categories":[30],"tags":[],"class_list":["post-127238","post","type-post","status-publish","format-standard","has-post-thumbnail","hentry","category-municipio","generate-columns","tablet-grid-50","mobile-grid-100","grid-parent","grid-50"],"jetpack_publicize_connections":[],"jetpack_featured_media_url":"https:\/\/www.hoymercedes.com.ar\/principal\/wp-content\/uploads\/2021\/03\/DSC05328.jpg","wps_subtitle":"","jetpack_sharing_enabled":true,"jetpack-related-posts":[{"id":147807,"url":"https:\/\/www.hoymercedes.com.ar\/principal\/2022\/05\/10\/senasa-y-municipalidad-de-mercedes-avanzan-en-el-plan-tambero\/","url_meta":{"origin":127238,"position":0},"title":"SENASA y Municipalidad de Mercedes avanzan en el Plan Tambero","author":"hoymercedes","date":"10 mayo, 2022","format":false,"excerpt":"D\u00edas atr\u00e1s se llev\u00f3 adelante una reuni\u00f3n en la sede del Centro Educativo para la Producci\u00f3n Total N\u00b0 4 entre referentes del Senasa, del Ministerio de Agricultura de Naci\u00f3n y de la Direcci\u00f3n de Producci\u00f3n del municipio con la finalidad de seguir adelante con el apoyo a los peque\u00f1os y\u2026","rel":"","context":"En \u00abMunicipio\u00bb","block_context":{"text":"Municipio","link":"https:\/\/www.hoymercedes.com.ar\/principal\/category\/municipio\/"},"img":{"alt_text":"","src":"https:\/\/i0.wp.com\/www.hoymercedes.com.ar\/principal\/wp-content\/uploads\/2022\/05\/WhatsApp-Image-2022-05-10-at-8.37.38-PM.jpeg?resize=350%2C200&ssl=1","width":350,"height":200,"srcset":"https:\/\/i0.wp.com\/www.hoymercedes.com.ar\/principal\/wp-content\/uploads\/2022\/05\/WhatsApp-Image-2022-05-10-at-8.37.38-PM.jpeg?resize=350%2C200&ssl=1 1x, https:\/\/i0.wp.com\/www.hoymercedes.com.ar\/principal\/wp-content\/uploads\/2022\/05\/WhatsApp-Image-2022-05-10-at-8.37.38-PM.jpeg?resize=525%2C300&ssl=1 1.5x, https:\/\/i0.wp.com\/www.hoymercedes.com.ar\/principal\/wp-content\/uploads\/2022\/05\/WhatsApp-Image-2022-05-10-at-8.37.38-PM.jpeg?resize=700%2C400&ssl=1 2x"},"classes":[]},{"id":147140,"url":"https:\/\/www.hoymercedes.com.ar\/principal\/2022\/04\/24\/entregan-herramientas-para-productores-agropecuarios\/","url_meta":{"origin":127238,"position":1},"title":"Entregan herramientas para productores agropecuarios","author":"hoymercedes","date":"24 abril, 2022","format":false,"excerpt":"Desde la Direcci\u00f3n de Producci\u00f3n se concret\u00f3 la entrega de herramienta y elementos de trabajo para productores agroecol\u00f3gicos mercedinos. El intendente Ustarroz destac\u00f3 la importancia de acompa\u00f1ar a las familias que desarrollan este tipo de emprendimientos. Fue en la tarde del s\u00e1bado en La Trocha. \u00a0 \u201cConcretamos una nueva entrega\u2026","rel":"","context":"En \u00abSociedad\u00bb","block_context":{"text":"Sociedad","link":"https:\/\/www.hoymercedes.com.ar\/principal\/category\/sociedad\/"},"img":{"alt_text":"","src":"https:\/\/i0.wp.com\/www.hoymercedes.com.ar\/principal\/wp-content\/uploads\/2022\/04\/DSC00643.jpg?resize=350%2C200&ssl=1","width":350,"height":200,"srcset":"https:\/\/i0.wp.com\/www.hoymercedes.com.ar\/principal\/wp-content\/uploads\/2022\/04\/DSC00643.jpg?resize=350%2C200&ssl=1 1x, https:\/\/i0.wp.com\/www.hoymercedes.com.ar\/principal\/wp-content\/uploads\/2022\/04\/DSC00643.jpg?resize=525%2C300&ssl=1 1.5x, https:\/\/i0.wp.com\/www.hoymercedes.com.ar\/principal\/wp-content\/uploads\/2022\/04\/DSC00643.jpg?resize=700%2C400&ssl=1 2x"},"classes":[]},{"id":137437,"url":"https:\/\/www.hoymercedes.com.ar\/principal\/2021\/09\/18\/convenio-entre-el-municipio-y-el-instituto-nacional-de-semillas\/","url_meta":{"origin":127238,"position":2},"title":"Convenio entre el Municipio y el Instituto Nacional de Semillas","author":"hoymercedes","date":"18 septiembre, 2021","format":false,"excerpt":"El Municipio de Mercedes firm\u00f3 un convenio con INaSe -Instituto Nacional de Semillas- a trav\u00e9s del cual, se abrir\u00e1 una oficina regional de esta entidad para trabajar en conjunto con profesionales acordes a esta tarea, lo que ser\u00e1 un avance muy importante para el sector semillero y productivo de la\u2026","rel":"","context":"En \u00abMunicipio\u00bb","block_context":{"text":"Municipio","link":"https:\/\/www.hoymercedes.com.ar\/principal\/category\/municipio\/"},"img":{"alt_text":"","src":"https:\/\/i0.wp.com\/www.hoymercedes.com.ar\/principal\/wp-content\/uploads\/2021\/09\/DSC04022.jpg?resize=350%2C200&ssl=1","width":350,"height":200,"srcset":"https:\/\/i0.wp.com\/www.hoymercedes.com.ar\/principal\/wp-content\/uploads\/2021\/09\/DSC04022.jpg?resize=350%2C200&ssl=1 1x, https:\/\/i0.wp.com\/www.hoymercedes.com.ar\/principal\/wp-content\/uploads\/2021\/09\/DSC04022.jpg?resize=525%2C300&ssl=1 1.5x, https:\/\/i0.wp.com\/www.hoymercedes.com.ar\/principal\/wp-content\/uploads\/2021\/09\/DSC04022.jpg?resize=700%2C400&ssl=1 2x"},"classes":[]},{"id":47040,"url":"https:\/\/www.hoymercedes.com.ar\/principal\/2016\/02\/01\/senasa-y-municipio-trabajan-para-controlar-frutas-y-hortalizas\/","url_meta":{"origin":127238,"position":3},"title":"Senasa y Municipio trabajan para controlar frutas y hortalizas","author":"hoymercedes","date":"1 febrero, 2016","format":false,"excerpt":"Senasa y el municipio de Mercedes trabajar\u00e1n para fortalecer el control de frutas y hortalizas en la regi\u00f3n. Adem\u00e1s trataron temas vinculados a la creaci\u00f3n de la mesa interinstitucional local, las responsabilidades del estado tanto nacional como municipal en acciones de prevenci\u00f3n y control higi\u00e9nico sanitario vinculadas a la peque\u00f1a\u2026","rel":"","context":"En \u00abMunicipio\u00bb","block_context":{"text":"Municipio","link":"https:\/\/www.hoymercedes.com.ar\/principal\/category\/municipio\/"},"img":{"alt_text":"","src":"https:\/\/i0.wp.com\/www.hoymercedes.com.ar\/principal\/wp-content\/uploads\/2016\/02\/ustarroz-senasa.jpg?resize=350%2C200&ssl=1","width":350,"height":200,"srcset":"https:\/\/i0.wp.com\/www.hoymercedes.com.ar\/principal\/wp-content\/uploads\/2016\/02\/ustarroz-senasa.jpg?resize=350%2C200&ssl=1 1x, https:\/\/i0.wp.com\/www.hoymercedes.com.ar\/principal\/wp-content\/uploads\/2016\/02\/ustarroz-senasa.jpg?resize=525%2C300&ssl=1 1.5x"},"classes":[]},{"id":114995,"url":"https:\/\/www.hoymercedes.com.ar\/principal\/2020\/08\/12\/el-senasa-y-el-indec-firmaron-un-convenio-para-el-intercambio-de-informacion\/","url_meta":{"origin":127238,"position":4},"title":"El Senasa y el INDEC firmaron un convenio para el intercambio de informaci\u00f3n","author":"hoymercedes","date":"12 agosto, 2020","format":false,"excerpt":"El presidente del Servicio Nacional de Sanidad y Calidad Agroalimentaria (Senasa), Carlos Paz y el director del Instituto Nacional de Estad\u00edstica y Censos (INDEC), Marco Lavagna, mantuvieron un encuentro virtual en el cual firmaron un convenio para implementar de manera conjunta acciones que promuevan la cooperaci\u00f3n mutua, el intercambio de\u2026","rel":"","context":"En \u00abSociedad\u00bb","block_context":{"text":"Sociedad","link":"https:\/\/www.hoymercedes.com.ar\/principal\/category\/sociedad\/"},"img":{"alt_text":"","src":"https:\/\/i0.wp.com\/www.hoymercedes.com.ar\/principal\/wp-content\/uploads\/2020\/08\/12-Senasa-Indec.jpg?resize=350%2C200&ssl=1","width":350,"height":200,"srcset":"https:\/\/i0.wp.com\/www.hoymercedes.com.ar\/principal\/wp-content\/uploads\/2020\/08\/12-Senasa-Indec.jpg?resize=350%2C200&ssl=1 1x, https:\/\/i0.wp.com\/www.hoymercedes.com.ar\/principal\/wp-content\/uploads\/2020\/08\/12-Senasa-Indec.jpg?resize=525%2C300&ssl=1 1.5x, https:\/\/i0.wp.com\/www.hoymercedes.com.ar\/principal\/wp-content\/uploads\/2020\/08\/12-Senasa-Indec.jpg?resize=700%2C400&ssl=1 2x"},"classes":[]},{"id":150435,"url":"https:\/\/www.hoymercedes.com.ar\/principal\/2022\/07\/07\/se-facilita-la-formalizacion-para-producir-y-comercializar-agricultura-familiar\/","url_meta":{"origin":127238,"position":5},"title":"Se facilita la formalizaci\u00f3n para producir y comercializar agricultura familiar\u00a0","author":"hoymercedes","date":"7 julio, 2022","format":false,"excerpt":"Se facilita la formalizaci\u00f3n para producir y comercializar material vegetal de propagaci\u00f3n de la agricultura familiar","rel":"","context":"En \u00abSociedad\u00bb","block_context":{"text":"Sociedad","link":"https:\/\/www.hoymercedes.com.ar\/principal\/category\/sociedad\/"},"img":{"alt_text":"","src":"https:\/\/i0.wp.com\/www.hoymercedes.com.ar\/principal\/wp-content\/uploads\/2022\/07\/Vivero-2.jpg?resize=350%2C200&ssl=1","width":350,"height":200,"srcset":"https:\/\/i0.wp.com\/www.hoymercedes.com.ar\/principal\/wp-content\/uploads\/2022\/07\/Vivero-2.jpg?resize=350%2C200&ssl=1 1x, https:\/\/i0.wp.com\/www.hoymercedes.com.ar\/principal\/wp-content\/uploads\/2022\/07\/Vivero-2.jpg?resize=525%2C300&ssl=1 1.5x"},"classes":[]}],"_links":{"self":[{"href":"https:\/\/www.hoymercedes.com.ar\/principal\/wp-json\/wp\/v2\/posts\/127238","targetHints":{"allow":["GET"]}}],"collection":[{"href":"https:\/\/www.hoymercedes.com.ar\/principal\/wp-json\/wp\/v2\/posts"}],"about":[{"href":"https:\/\/www.hoymercedes.com.ar\/principal\/wp-json\/wp\/v2\/types\/post"}],"author":[{"embeddable":true,"href":"https:\/\/www.hoymercedes.com.ar\/principal\/wp-json\/wp\/v2\/users\/1"}],"replies":[{"embeddable":true,"href":"https:\/\/www.hoymercedes.com.ar\/principal\/wp-json\/wp\/v2\/comments?post=127238"}],"version-history":[{"count":0,"href":"https:\/\/www.hoymercedes.com.ar\/principal\/wp-json\/wp\/v2\/posts\/127238\/revisions"}],"wp:featuredmedia":[{"embeddable":true,"href":"https:\/\/www.hoymercedes.com.ar\/principal\/wp-json\/wp\/v2\/media\/127240"}],"wp:attachment":[{"href":"https:\/\/www.hoymercedes.com.ar\/principal\/wp-json\/wp\/v2\/media?parent=127238"}],"wp:term":[{"taxonomy":"category","embeddable":true,"href":"https:\/\/www.hoymercedes.com.ar\/principal\/wp-json\/wp\/v2\/categories?post=127238"},{"taxonomy":"post_tag","embeddable":true,"href":"https:\/\/www.hoymercedes.com.ar\/principal\/wp-json\/wp\/v2\/tags?post=127238"}],"curies":[{"name":"wp","href":"https:\/\/api.w.org\/{rel}","templated":true}]}}