{"id":127267,"date":"2021-03-31T09:46:38","date_gmt":"2021-03-31T12:46:38","guid":{"rendered":"https:\/\/www.hoymercedes.com.ar\/principal\/?p=127267"},"modified":"2021-03-31T09:46:44","modified_gmt":"2021-03-31T12:46:44","slug":"reunion-del-comite-de-crisis-ante-las-medidas-tomadas-por-la-provincia","status":"publish","type":"post","link":"https:\/\/www.hoymercedes.com.ar\/principal\/2021\/03\/31\/reunion-del-comite-de-crisis-ante-las-medidas-tomadas-por-la-provincia\/","title":{"rendered":"Reuni\u00f3n del Comit\u00e9 de crisis ante las medidas tomadas por la provincia"},"content":{"rendered":"\n<p>#Ahora se est\u00e1 llevando adelante una nueva reuni\u00f3n del Comit\u00e9 de Crisis con el objetivo de analizar las medidas tomadas por la provincia para las localidades en Fase 4, entre las cuales se encuentra Mercedes. <\/p>\n\n\n\n<figure class=\"wp-block-image size-large\"><img loading=\"lazy\" decoding=\"async\" width=\"800\" height=\"599\" data-attachment-id=\"127268\" data-permalink=\"https:\/\/www.hoymercedes.com.ar\/principal\/2021\/03\/31\/reunion-del-comite-de-crisis-ante-las-medidas-tomadas-por-la-provincia\/screenshot_20210331-093927_copy_800x599\/#main\" data-orig-file=\"https:\/\/www.hoymercedes.com.ar\/principal\/wp-content\/uploads\/2021\/03\/Screenshot_20210331-093927_copy_800x599.png\" data-orig-size=\"800,599\" data-comments-opened=\"0\" data-image-meta=\"{&quot;aperture&quot;:&quot;0&quot;,&quot;credit&quot;:&quot;&quot;,&quot;camera&quot;:&quot;&quot;,&quot;caption&quot;:&quot;&quot;,&quot;created_timestamp&quot;:&quot;0&quot;,&quot;copyright&quot;:&quot;&quot;,&quot;focal_length&quot;:&quot;0&quot;,&quot;iso&quot;:&quot;0&quot;,&quot;shutter_speed&quot;:&quot;0&quot;,&quot;title&quot;:&quot;&quot;,&quot;orientation&quot;:&quot;0&quot;}\" data-image-title=\"Screenshot_20210331-093927_copy_800x599\" data-image-description=\"\" data-image-caption=\"\" data-large-file=\"https:\/\/www.hoymercedes.com.ar\/principal\/wp-content\/uploads\/2021\/03\/Screenshot_20210331-093927_copy_800x599.png\" src=\"https:\/\/www.hoymercedes.com.ar\/principal\/wp-content\/uploads\/2021\/03\/Screenshot_20210331-093927_copy_800x599.png\" alt=\"\" class=\"wp-image-127268\" srcset=\"https:\/\/www.hoymercedes.com.ar\/principal\/wp-content\/uploads\/2021\/03\/Screenshot_20210331-093927_copy_800x599.png 800w, https:\/\/www.hoymercedes.com.ar\/principal\/wp-content\/uploads\/2021\/03\/Screenshot_20210331-093927_copy_800x599-630x472.png 630w, https:\/\/www.hoymercedes.com.ar\/principal\/wp-content\/uploads\/2021\/03\/Screenshot_20210331-093927_copy_800x599-150x112.png 150w\" sizes=\"auto, (max-width: 800px) 100vw, 800px\" \/><\/figure>\n","protected":false},"excerpt":{"rendered":"<p>#Ahora se est\u00e1 llevando adelante una nueva reuni\u00f3n del Comit\u00e9 de Crisis con el objetivo de analizar las medidas tomadas &#8230; <a title=\"Reuni\u00f3n del Comit\u00e9 de crisis ante las medidas tomadas por la provincia\" class=\"read-more\" href=\"https:\/\/www.hoymercedes.com.ar\/principal\/2021\/03\/31\/reunion-del-comite-de-crisis-ante-las-medidas-tomadas-por-la-provincia\/\" aria-label=\"Leer m\u00e1s sobre Reuni\u00f3n del Comit\u00e9 de crisis ante las medidas tomadas por la provincia\">Leer m\u00e1s<\/a><\/p>\n","protected":false},"author":1,"featured_media":127269,"comment_status":"closed","ping_status":"open","sticky":false,"template":"","format":"standard","meta":{"_monsterinsights_skip_tracking":false,"_monsterinsights_sitenote_active":false,"_monsterinsights_sitenote_note":"","_monsterinsights_sitenote_category":0,"jetpack_post_was_ever_published":false,"_jetpack_newsletter_access":"","_jetpack_dont_email_post_to_subs":false,"_jetpack_newsletter_tier_id":0,"_jetpack_memberships_contains_paywalled_content":false,"_jetpack_memberships_contains_paid_content":false,"footnotes":"","jetpack_publicize_message":"","jetpack_publicize_feature_enabled":true,"jetpack_social_post_already_shared":true,"jetpack_social_options":{"image_generator_settings":{"template":"highway","default_image_id":0,"font":"","enabled":false},"version":2},"_wpas_customize_per_network":false},"categories":[9791],"tags":[],"class_list":["post-127267","post","type-post","status-publish","format-standard","has-post-thumbnail","hentry","category-salud","generate-columns","tablet-grid-50","mobile-grid-100","grid-parent","grid-50"],"jetpack_publicize_connections":[],"jetpack_featured_media_url":"https:\/\/www.hoymercedes.com.ar\/principal\/wp-content\/uploads\/2021\/03\/Screenshot_20210331-093932_copy_800x633.png","wps_subtitle":"","jetpack_sharing_enabled":true,"jetpack-related-posts":[{"id":127830,"url":"https:\/\/www.hoymercedes.com.ar\/principal\/2021\/04\/09\/comite-de-crisis-decide-medidas-locales\/","url_meta":{"origin":127267,"position":0},"title":"Comit\u00e9 de crisis decide medidas locales","author":"hoymercedes","date":"9 abril, 2021","format":false,"excerpt":"Desde las primeras horas de la ma\u00f1ana de este viernes est\u00e1 reunido el Comit\u00e9 de Crisis de la ciudad de Mercedes para analizar las medidas tomadas por los gobierno nacional y provincial y determinar c\u00f3mo se implementar\u00e1n los dispositivos en el \u00e1mbito local. Est\u00e1n reunidos representantes de CTA, ATE, Secretar\u00eda\u2026","rel":"","context":"En \u00abMunicipio\u00bb","block_context":{"text":"Municipio","link":"https:\/\/www.hoymercedes.com.ar\/principal\/category\/municipio\/"},"img":{"alt_text":"","src":"https:\/\/i0.wp.com\/www.hoymercedes.com.ar\/principal\/wp-content\/uploads\/2021\/04\/IMG_20210409_091836.jpg?resize=350%2C200&ssl=1","width":350,"height":200,"srcset":"https:\/\/i0.wp.com\/www.hoymercedes.com.ar\/principal\/wp-content\/uploads\/2021\/04\/IMG_20210409_091836.jpg?resize=350%2C200&ssl=1 1x, https:\/\/i0.wp.com\/www.hoymercedes.com.ar\/principal\/wp-content\/uploads\/2021\/04\/IMG_20210409_091836.jpg?resize=525%2C300&ssl=1 1.5x, https:\/\/i0.wp.com\/www.hoymercedes.com.ar\/principal\/wp-content\/uploads\/2021\/04\/IMG_20210409_091836.jpg?resize=700%2C400&ssl=1 2x, https:\/\/i0.wp.com\/www.hoymercedes.com.ar\/principal\/wp-content\/uploads\/2021\/04\/IMG_20210409_091836.jpg?resize=1050%2C600&ssl=1 3x"},"classes":[]},{"id":122660,"url":"https:\/\/www.hoymercedes.com.ar\/principal\/2020\/12\/30\/reunion-del-comite-de-crisis-aconsejan-extremar-los-cuidados\/","url_meta":{"origin":127267,"position":1},"title":"Reuni\u00f3n del comit\u00e9 de crisis: aconsejan extremar los cuidados","author":"hoymercedes","date":"30 diciembre, 2020","format":false,"excerpt":"Durante las primeras horas de la ma\u00f1ana de este mi\u00e9rcoles se llev\u00f3 adelante la reuni\u00f3n del Comit\u00e9 de Crisis. Adelantaron el encuentro previsto para las primeros d\u00edas de enero. Analizaron la campa\u00f1a de vacunaci\u00f3n que iniciada el martes, determinaron las medidas que regir\u00e1n los pr\u00f3ximos diez d\u00edas. Durante la jornada\u2026","rel":"","context":"En \u00abSalud\u00bb","block_context":{"text":"Salud","link":"https:\/\/www.hoymercedes.com.ar\/principal\/category\/salud\/"},"img":{"alt_text":"","src":"https:\/\/i0.wp.com\/www.hoymercedes.com.ar\/principal\/wp-content\/uploads\/2020\/12\/IMG_20201230_102704-scaled.jpg?resize=350%2C200&ssl=1","width":350,"height":200,"srcset":"https:\/\/i0.wp.com\/www.hoymercedes.com.ar\/principal\/wp-content\/uploads\/2020\/12\/IMG_20201230_102704-scaled.jpg?resize=350%2C200&ssl=1 1x, https:\/\/i0.wp.com\/www.hoymercedes.com.ar\/principal\/wp-content\/uploads\/2020\/12\/IMG_20201230_102704-scaled.jpg?resize=525%2C300&ssl=1 1.5x, https:\/\/i0.wp.com\/www.hoymercedes.com.ar\/principal\/wp-content\/uploads\/2020\/12\/IMG_20201230_102704-scaled.jpg?resize=700%2C400&ssl=1 2x, https:\/\/i0.wp.com\/www.hoymercedes.com.ar\/principal\/wp-content\/uploads\/2020\/12\/IMG_20201230_102704-scaled.jpg?resize=1050%2C600&ssl=1 3x, https:\/\/i0.wp.com\/www.hoymercedes.com.ar\/principal\/wp-content\/uploads\/2020\/12\/IMG_20201230_102704-scaled.jpg?resize=1400%2C800&ssl=1 4x"},"classes":[]},{"id":128302,"url":"https:\/\/www.hoymercedes.com.ar\/principal\/2021\/04\/16\/el-comite-de-crisis-reunido-nuevas-medidas\/","url_meta":{"origin":127267,"position":2},"title":"El Comit\u00e9 de Crisis reunido \u00bfnuevas medidas?","author":"hoymercedes","date":"16 abril, 2021","format":false,"excerpt":"Desde las 8 de la ma\u00f1ana de este viernes est\u00e1 reunido el Comit\u00e9 de Crisis de Mercedes que definir\u00e1 si ampl\u00edan las restricciones ante el crecimiento de casos positivos de covid en la ciudad. Ampliaremos.","rel":"","context":"En \u00abSociedad\u00bb","block_context":{"text":"Sociedad","link":"https:\/\/www.hoymercedes.com.ar\/principal\/category\/sociedad\/"},"img":{"alt_text":"","src":"https:\/\/i0.wp.com\/www.hoymercedes.com.ar\/principal\/wp-content\/uploads\/2021\/04\/16-comite-crisis.png?resize=350%2C200&ssl=1","width":350,"height":200,"srcset":"https:\/\/i0.wp.com\/www.hoymercedes.com.ar\/principal\/wp-content\/uploads\/2021\/04\/16-comite-crisis.png?resize=350%2C200&ssl=1 1x, https:\/\/i0.wp.com\/www.hoymercedes.com.ar\/principal\/wp-content\/uploads\/2021\/04\/16-comite-crisis.png?resize=525%2C300&ssl=1 1.5x, https:\/\/i0.wp.com\/www.hoymercedes.com.ar\/principal\/wp-content\/uploads\/2021\/04\/16-comite-crisis.png?resize=700%2C400&ssl=1 2x"},"classes":[]},{"id":108457,"url":"https:\/\/www.hoymercedes.com.ar\/principal\/2020\/03\/26\/nueva-reunion-del-comite-de-crisis-por-el-covid-19\/","url_meta":{"origin":127267,"position":3},"title":"Nueva reuni\u00f3n del Comit\u00e9 de Crisis por el Covid-19","author":"hoymercedes","date":"26 marzo, 2020","format":false,"excerpt":"En el recinto del Concejo Deliberante se llev\u00f3 a cabo una nueva reuni\u00f3n del Comit\u00e9 de Crisis de nuestra ciudad con el objetivo de analizar y efectuar un seguimiento de las medidas adoptadas para prevenir el coronavirus (Covid-19). Diferentes sectores de organismos de la ciudad se reunieron en la ma\u00f1ana\u2026","rel":"","context":"En \u00abMunicipio\u00bb","block_context":{"text":"Municipio","link":"https:\/\/www.hoymercedes.com.ar\/principal\/category\/municipio\/"},"img":{"alt_text":"","src":"https:\/\/i0.wp.com\/www.hoymercedes.com.ar\/principal\/wp-content\/uploads\/2020\/03\/IMG-20200326-WA0011_copy_800x533.jpg?resize=350%2C200&ssl=1","width":350,"height":200,"srcset":"https:\/\/i0.wp.com\/www.hoymercedes.com.ar\/principal\/wp-content\/uploads\/2020\/03\/IMG-20200326-WA0011_copy_800x533.jpg?resize=350%2C200&ssl=1 1x, https:\/\/i0.wp.com\/www.hoymercedes.com.ar\/principal\/wp-content\/uploads\/2020\/03\/IMG-20200326-WA0011_copy_800x533.jpg?resize=525%2C300&ssl=1 1.5x, https:\/\/i0.wp.com\/www.hoymercedes.com.ar\/principal\/wp-content\/uploads\/2020\/03\/IMG-20200326-WA0011_copy_800x533.jpg?resize=700%2C400&ssl=1 2x"},"classes":[]},{"id":115016,"url":"https:\/\/www.hoymercedes.com.ar\/principal\/2020\/08\/12\/reunion-del-comite-de-crisis-analizo-medidas-y-acciones-para-los-proximos-dias\/","url_meta":{"origin":127267,"position":4},"title":"Reuni\u00f3n del Comit\u00e9 de Crisis analiz\u00f3 medidas y acciones para los pr\u00f3ximos d\u00edas","author":"hoymercedes","date":"12 agosto, 2020","format":false,"excerpt":"Los representantes de instituciones que participan del Comit\u00e9 de Crisis plantearon y debatieron la propuesta de la Direcci\u00f3n de la Ni\u00f1ez para una conmemoraci\u00f3n al aire libre del d\u00eda del ni\u00f1o, algo que se confirmar\u00eda en las pr\u00f3ximas horas. Adem\u00e1s, se explic\u00f3 la situaci\u00f3n epidemiol\u00f3gica por el covid-19. En la\u2026","rel":"","context":"En \u00abMunicipio\u00bb","block_context":{"text":"Municipio","link":"https:\/\/www.hoymercedes.com.ar\/principal\/category\/municipio\/"},"img":{"alt_text":"","src":"https:\/\/i0.wp.com\/www.hoymercedes.com.ar\/principal\/wp-content\/uploads\/2020\/08\/12-comite-crisis-3.jpg?resize=350%2C200&ssl=1","width":350,"height":200,"srcset":"https:\/\/i0.wp.com\/www.hoymercedes.com.ar\/principal\/wp-content\/uploads\/2020\/08\/12-comite-crisis-3.jpg?resize=350%2C200&ssl=1 1x, https:\/\/i0.wp.com\/www.hoymercedes.com.ar\/principal\/wp-content\/uploads\/2020\/08\/12-comite-crisis-3.jpg?resize=525%2C300&ssl=1 1.5x, https:\/\/i0.wp.com\/www.hoymercedes.com.ar\/principal\/wp-content\/uploads\/2020\/08\/12-comite-crisis-3.jpg?resize=700%2C400&ssl=1 2x"},"classes":[]},{"id":111686,"url":"https:\/\/www.hoymercedes.com.ar\/principal\/2020\/06\/05\/coronavirus-nueva-reunion-del-comite-de-crisis\/","url_meta":{"origin":127267,"position":5},"title":"Coronavirus: nueva reuni\u00f3n del Comit\u00e9 de Crisis","author":"hoymercedes","date":"5 junio, 2020","format":false,"excerpt":"El intendente Juan I. Ustarroz convoc\u00f3 a primera hora de este viernes al Comit\u00e9 de Crisis. La reuni\u00f3n permiti\u00f3 un an\u00e1lisis fino de la situaci\u00f3n epidemiol\u00f3gica de la ciudad y de las novedades con los nuevos casos de covid-19 y el cierre del barrio Ravello. Se explic\u00f3 c\u00f3mo fue el\u2026","rel":"","context":"En \u00abSociedad\u00bb","block_context":{"text":"Sociedad","link":"https:\/\/www.hoymercedes.com.ar\/principal\/category\/sociedad\/"},"img":{"alt_text":"","src":"https:\/\/i0.wp.com\/www.hoymercedes.com.ar\/principal\/wp-content\/uploads\/2020\/06\/comitedecrisis05.06.22020.jpeg?resize=350%2C200&ssl=1","width":350,"height":200,"srcset":"https:\/\/i0.wp.com\/www.hoymercedes.com.ar\/principal\/wp-content\/uploads\/2020\/06\/comitedecrisis05.06.22020.jpeg?resize=350%2C200&ssl=1 1x, https:\/\/i0.wp.com\/www.hoymercedes.com.ar\/principal\/wp-content\/uploads\/2020\/06\/comitedecrisis05.06.22020.jpeg?resize=525%2C300&ssl=1 1.5x, https:\/\/i0.wp.com\/www.hoymercedes.com.ar\/principal\/wp-content\/uploads\/2020\/06\/comitedecrisis05.06.22020.jpeg?resize=700%2C400&ssl=1 2x, https:\/\/i0.wp.com\/www.hoymercedes.com.ar\/principal\/wp-content\/uploads\/2020\/06\/comitedecrisis05.06.22020.jpeg?resize=1050%2C600&ssl=1 3x"},"classes":[]}],"_links":{"self":[{"href":"https:\/\/www.hoymercedes.com.ar\/principal\/wp-json\/wp\/v2\/posts\/127267","targetHints":{"allow":["GET"]}}],"collection":[{"href":"https:\/\/www.hoymercedes.com.ar\/principal\/wp-json\/wp\/v2\/posts"}],"about":[{"href":"https:\/\/www.hoymercedes.com.ar\/principal\/wp-json\/wp\/v2\/types\/post"}],"author":[{"embeddable":true,"href":"https:\/\/www.hoymercedes.com.ar\/principal\/wp-json\/wp\/v2\/users\/1"}],"replies":[{"embeddable":true,"href":"https:\/\/www.hoymercedes.com.ar\/principal\/wp-json\/wp\/v2\/comments?post=127267"}],"version-history":[{"count":0,"href":"https:\/\/www.hoymercedes.com.ar\/principal\/wp-json\/wp\/v2\/posts\/127267\/revisions"}],"wp:featuredmedia":[{"embeddable":true,"href":"https:\/\/www.hoymercedes.com.ar\/principal\/wp-json\/wp\/v2\/media\/127269"}],"wp:attachment":[{"href":"https:\/\/www.hoymercedes.com.ar\/principal\/wp-json\/wp\/v2\/media?parent=127267"}],"wp:term":[{"taxonomy":"category","embeddable":true,"href":"https:\/\/www.hoymercedes.com.ar\/principal\/wp-json\/wp\/v2\/categories?post=127267"},{"taxonomy":"post_tag","embeddable":true,"href":"https:\/\/www.hoymercedes.com.ar\/principal\/wp-json\/wp\/v2\/tags?post=127267"}],"curies":[{"name":"wp","href":"https:\/\/api.w.org\/{rel}","templated":true}]}}