{"id":12729,"date":"2012-05-08T12:27:15","date_gmt":"2012-05-08T12:27:15","guid":{"rendered":"http:\/\/www.hoymercedes.com.ar\/principal\/?p=12729"},"modified":"2012-05-08T12:27:15","modified_gmt":"2012-05-08T12:27:15","slug":"homenajearon-a-eva-en-agrup-17-de-octubre","status":"publish","type":"post","link":"https:\/\/www.hoymercedes.com.ar\/principal\/2012\/05\/08\/homenajearon-a-eva-en-agrup-17-de-octubre\/","title":{"rendered":"Homenajearon a Eva en Agrup. 17 de Octubre"},"content":{"rendered":"<p>A 93 a\u00f1os del natalicio de Eva Per\u00f3n se llev\u00f3 a cabo en el espacio de la Agrupaci\u00f3n 17 de Octubre un acto en relaci\u00f3n a su vida, obra y memoria donde los protagonistas fueron las mujeres de dicho \u00e1mbito pol\u00edtico.<\/p>\n<p>Im\u00e1genes, lectura de fragmentos de \u00abLa raz\u00f3n de mi vida\u00bb, testimonios de las integrantes de la agrupaci\u00f3n y un encuentro con chocolate, caf\u00e9 y galletitas que cont\u00f3 con un importante marco de p\u00fablico un lunes por la tarde extendi\u00e9ndose hasta pasadas las 21hs.<\/p>\n<p>A la hora de tomar la palabra lo hicieron Alicia Arce, Blanca Garc\u00eda, Bel\u00e9n Cazenave, Susana Siri y Leonor Ocampo y cerr\u00f3 el conductor de la agrupaci\u00f3n e intendente local Carlos Selva.<\/p>\n<p>Se proyect\u00f3 un video y se oyeron diversos audios. El encuentro ha sido tal como lo esperaban desde la organizaci\u00f3n sinti\u00e9ndose conformes con lo vivido.<\/p>\n<p><a href=\"https:\/\/www.hoymercedes.com.ar\/principal\/wp-content\/uploads\/2012\/05\/ActoEvaDSC_0203.jpg\"><img loading=\"lazy\" decoding=\"async\" data-attachment-id=\"12732\" data-permalink=\"https:\/\/www.hoymercedes.com.ar\/principal\/2012\/05\/08\/homenajearon-a-eva-en-agrup-17-de-octubre\/actoevadsc_0203\/#main\" data-orig-file=\"https:\/\/www.hoymercedes.com.ar\/principal\/wp-content\/uploads\/2012\/05\/ActoEvaDSC_0203.jpg\" data-orig-size=\"612,406\" data-comments-opened=\"1\" data-image-meta=\"{&quot;aperture&quot;:&quot;4.5&quot;,&quot;credit&quot;:&quot;&quot;,&quot;camera&quot;:&quot;NIKON D50&quot;,&quot;caption&quot;:&quot;&quot;,&quot;created_timestamp&quot;:&quot;1336417509&quot;,&quot;copyright&quot;:&quot;&quot;,&quot;focal_length&quot;:&quot;52&quot;,&quot;iso&quot;:&quot;0&quot;,&quot;shutter_speed&quot;:&quot;0.016666666666667&quot;,&quot;title&quot;:&quot;&quot;}\" data-image-title=\"ActoEvaDSC_0203\" data-image-description=\"\" data-image-caption=\"\" data-large-file=\"https:\/\/www.hoymercedes.com.ar\/principal\/wp-content\/uploads\/2012\/05\/ActoEvaDSC_0203.jpg\" class=\"aligncenter size-full wp-image-12732\" title=\"ActoEvaDSC_0203\" src=\"https:\/\/www.hoymercedes.com.ar\/principal\/wp-content\/uploads\/2012\/05\/ActoEvaDSC_0203.jpg\" alt=\"\" width=\"612\" height=\"406\" \/><\/a><\/p>\n<p><a href=\"https:\/\/www.hoymercedes.com.ar\/principal\/wp-content\/uploads\/2012\/05\/ActoEvaDSC_0222.jpg\"><img loading=\"lazy\" decoding=\"async\" data-attachment-id=\"12734\" data-permalink=\"https:\/\/www.hoymercedes.com.ar\/principal\/2012\/05\/08\/homenajearon-a-eva-en-agrup-17-de-octubre\/actoevadsc_0222\/#main\" data-orig-file=\"https:\/\/www.hoymercedes.com.ar\/principal\/wp-content\/uploads\/2012\/05\/ActoEvaDSC_0222.jpg\" data-orig-size=\"612,406\" data-comments-opened=\"1\" data-image-meta=\"{&quot;aperture&quot;:&quot;4.8&quot;,&quot;credit&quot;:&quot;&quot;,&quot;camera&quot;:&quot;NIKON D50&quot;,&quot;caption&quot;:&quot;&quot;,&quot;created_timestamp&quot;:&quot;1336418172&quot;,&quot;copyright&quot;:&quot;&quot;,&quot;focal_length&quot;:&quot;56&quot;,&quot;iso&quot;:&quot;0&quot;,&quot;shutter_speed&quot;:&quot;0.016666666666667&quot;,&quot;title&quot;:&quot;&quot;}\" data-image-title=\"ActoEvaDSC_0222\" data-image-description=\"\" data-image-caption=\"\" data-large-file=\"https:\/\/www.hoymercedes.com.ar\/principal\/wp-content\/uploads\/2012\/05\/ActoEvaDSC_0222.jpg\" class=\"aligncenter size-full wp-image-12734\" title=\"ActoEvaDSC_0222\" src=\"https:\/\/www.hoymercedes.com.ar\/principal\/wp-content\/uploads\/2012\/05\/ActoEvaDSC_0222.jpg\" alt=\"\" width=\"612\" height=\"406\" srcset=\"https:\/\/www.hoymercedes.com.ar\/principal\/wp-content\/uploads\/2012\/05\/ActoEvaDSC_0222.jpg 612w, https:\/\/www.hoymercedes.com.ar\/principal\/wp-content\/uploads\/2012\/05\/ActoEvaDSC_0222-300x199.jpg 300w\" sizes=\"auto, (max-width: 612px) 100vw, 612px\" \/><\/a><\/p>\n<p>&nbsp;<\/p>\n<p><a href=\"https:\/\/www.hoymercedes.com.ar\/principal\/wp-content\/uploads\/2012\/05\/ActoEvaDSC_0225.jpg\"><img loading=\"lazy\" decoding=\"async\" data-attachment-id=\"12735\" data-permalink=\"https:\/\/www.hoymercedes.com.ar\/principal\/2012\/05\/08\/homenajearon-a-eva-en-agrup-17-de-octubre\/actoevadsc_0225\/#main\" data-orig-file=\"https:\/\/www.hoymercedes.com.ar\/principal\/wp-content\/uploads\/2012\/05\/ActoEvaDSC_0225.jpg\" data-orig-size=\"612,406\" data-comments-opened=\"1\" data-image-meta=\"{&quot;aperture&quot;:&quot;3.3&quot;,&quot;credit&quot;:&quot;&quot;,&quot;camera&quot;:&quot;NIKON D50&quot;,&quot;caption&quot;:&quot;&quot;,&quot;created_timestamp&quot;:&quot;1336418290&quot;,&quot;copyright&quot;:&quot;&quot;,&quot;focal_length&quot;:&quot;28&quot;,&quot;iso&quot;:&quot;0&quot;,&quot;shutter_speed&quot;:&quot;0.016666666666667&quot;,&quot;title&quot;:&quot;&quot;}\" data-image-title=\"ActoEvaDSC_0225\" data-image-description=\"\" data-image-caption=\"\" data-large-file=\"https:\/\/www.hoymercedes.com.ar\/principal\/wp-content\/uploads\/2012\/05\/ActoEvaDSC_0225.jpg\" class=\"aligncenter size-full wp-image-12735\" title=\"ActoEvaDSC_0225\" src=\"https:\/\/www.hoymercedes.com.ar\/principal\/wp-content\/uploads\/2012\/05\/ActoEvaDSC_0225.jpg\" alt=\"\" width=\"612\" height=\"406\" srcset=\"https:\/\/www.hoymercedes.com.ar\/principal\/wp-content\/uploads\/2012\/05\/ActoEvaDSC_0225.jpg 612w, https:\/\/www.hoymercedes.com.ar\/principal\/wp-content\/uploads\/2012\/05\/ActoEvaDSC_0225-300x199.jpg 300w\" sizes=\"auto, (max-width: 612px) 100vw, 612px\" \/><\/a><\/p>\n<p>&nbsp;<\/p>\n<p><a href=\"https:\/\/www.hoymercedes.com.ar\/principal\/wp-content\/uploads\/2012\/05\/ActoEvaDSC_0205.jpg\"><img loading=\"lazy\" decoding=\"async\" data-attachment-id=\"12733\" data-permalink=\"https:\/\/www.hoymercedes.com.ar\/principal\/2012\/05\/08\/homenajearon-a-eva-en-agrup-17-de-octubre\/actoevadsc_0205\/#main\" data-orig-file=\"https:\/\/www.hoymercedes.com.ar\/principal\/wp-content\/uploads\/2012\/05\/ActoEvaDSC_0205.jpg\" data-orig-size=\"612,406\" data-comments-opened=\"1\" data-image-meta=\"{&quot;aperture&quot;:&quot;3.3&quot;,&quot;credit&quot;:&quot;&quot;,&quot;camera&quot;:&quot;NIKON D50&quot;,&quot;caption&quot;:&quot;&quot;,&quot;created_timestamp&quot;:&quot;1336417536&quot;,&quot;copyright&quot;:&quot;&quot;,&quot;focal_length&quot;:&quot;28&quot;,&quot;iso&quot;:&quot;0&quot;,&quot;shutter_speed&quot;:&quot;0.016666666666667&quot;,&quot;title&quot;:&quot;&quot;}\" data-image-title=\"ActoEvaDSC_0205\" data-image-description=\"\" data-image-caption=\"\" data-large-file=\"https:\/\/www.hoymercedes.com.ar\/principal\/wp-content\/uploads\/2012\/05\/ActoEvaDSC_0205.jpg\" class=\"aligncenter size-full wp-image-12733\" title=\"ActoEvaDSC_0205\" src=\"https:\/\/www.hoymercedes.com.ar\/principal\/wp-content\/uploads\/2012\/05\/ActoEvaDSC_0205.jpg\" alt=\"\" width=\"612\" height=\"406\" srcset=\"https:\/\/www.hoymercedes.com.ar\/principal\/wp-content\/uploads\/2012\/05\/ActoEvaDSC_0205.jpg 612w, https:\/\/www.hoymercedes.com.ar\/principal\/wp-content\/uploads\/2012\/05\/ActoEvaDSC_0205-300x199.jpg 300w\" sizes=\"auto, (max-width: 612px) 100vw, 612px\" \/><\/a><\/p>\n","protected":false},"excerpt":{"rendered":"<p>A 93 a\u00f1os del natalicio de Eva Per\u00f3n se llev\u00f3 a cabo en el espacio de la Agrupaci\u00f3n 17 de &#8230; <a title=\"Homenajearon a Eva en Agrup. 17 de Octubre\" class=\"read-more\" href=\"https:\/\/www.hoymercedes.com.ar\/principal\/2012\/05\/08\/homenajearon-a-eva-en-agrup-17-de-octubre\/\" aria-label=\"Leer m\u00e1s sobre Homenajearon a Eva en Agrup. 17 de Octubre\">Leer m\u00e1s<\/a><\/p>\n","protected":false},"author":1,"featured_media":0,"comment_status":"open","ping_status":"open","sticky":false,"template":"","format":"standard","meta":{"_monsterinsights_skip_tracking":false,"_monsterinsights_sitenote_active":false,"_monsterinsights_sitenote_note":"","_monsterinsights_sitenote_category":0,"jetpack_post_was_ever_published":false,"_jetpack_newsletter_access":"","_jetpack_dont_email_post_to_subs":false,"_jetpack_newsletter_tier_id":0,"_jetpack_memberships_contains_paywalled_content":false,"_jetpack_memberships_contains_paid_content":false,"footnotes":"","jetpack_publicize_message":"","jetpack_publicize_feature_enabled":true,"jetpack_social_post_already_shared":false,"jetpack_social_options":{"image_generator_settings":{"template":"highway","default_image_id":0,"font":"","enabled":false},"version":2},"_wpas_customize_per_network":false},"categories":[5],"tags":[2158,552,2159,18],"class_list":["post-12729","post","type-post","status-publish","format-standard","hentry","category-politica","tag-acto-eva-peron","tag-agrupacion-17-de-octubre","tag-mujeres-peronistas","tag-selva","generate-columns","tablet-grid-50","mobile-grid-100","grid-parent","grid-50"],"jetpack_publicize_connections":[],"jetpack_featured_media_url":"","wps_subtitle":"","jetpack_sharing_enabled":true,"_links":{"self":[{"href":"https:\/\/www.hoymercedes.com.ar\/principal\/wp-json\/wp\/v2\/posts\/12729","targetHints":{"allow":["GET"]}}],"collection":[{"href":"https:\/\/www.hoymercedes.com.ar\/principal\/wp-json\/wp\/v2\/posts"}],"about":[{"href":"https:\/\/www.hoymercedes.com.ar\/principal\/wp-json\/wp\/v2\/types\/post"}],"author":[{"embeddable":true,"href":"https:\/\/www.hoymercedes.com.ar\/principal\/wp-json\/wp\/v2\/users\/1"}],"replies":[{"embeddable":true,"href":"https:\/\/www.hoymercedes.com.ar\/principal\/wp-json\/wp\/v2\/comments?post=12729"}],"version-history":[{"count":0,"href":"https:\/\/www.hoymercedes.com.ar\/principal\/wp-json\/wp\/v2\/posts\/12729\/revisions"}],"wp:attachment":[{"href":"https:\/\/www.hoymercedes.com.ar\/principal\/wp-json\/wp\/v2\/media?parent=12729"}],"wp:term":[{"taxonomy":"category","embeddable":true,"href":"https:\/\/www.hoymercedes.com.ar\/principal\/wp-json\/wp\/v2\/categories?post=12729"},{"taxonomy":"post_tag","embeddable":true,"href":"https:\/\/www.hoymercedes.com.ar\/principal\/wp-json\/wp\/v2\/tags?post=12729"}],"curies":[{"name":"wp","href":"https:\/\/api.w.org\/{rel}","templated":true}]}}