{"id":127292,"date":"2021-03-31T19:13:59","date_gmt":"2021-03-31T22:13:59","guid":{"rendered":"https:\/\/www.hoymercedes.com.ar\/principal\/?p=127292"},"modified":"2021-03-31T19:14:05","modified_gmt":"2021-03-31T22:14:05","slug":"esta-abierta-la-inscripcion-para-audicionar-para-la-obra-de-la-comedia-municipal","status":"publish","type":"post","link":"https:\/\/www.hoymercedes.com.ar\/principal\/2021\/03\/31\/esta-abierta-la-inscripcion-para-audicionar-para-la-obra-de-la-comedia-municipal\/","title":{"rendered":"Est\u00e1 abierta la inscripci\u00f3n para audicionar para la obra de la Comedia Municipal"},"content":{"rendered":"\n<p>Tal como lo <a rel=\"noreferrer noopener\" href=\"https:\/\/www.hoymercedes.com.ar\/principal\/2021\/03\/30\/gabriela-lorusso-fue-la-seleccionada-para-dirigir-este-ano-la-comedia-municipal\/\" data-type=\"post\" data-id=\"127226\" target=\"_blank\">anticip\u00e1bamos por este medio<\/a>, la Direcci\u00f3n de Cultura de la Municipalidad de Mercedes inici\u00f3 la inscripci\u00f3n para las mujeres mayores de 13 a\u00f1os que quieran audicionar para formar parte del elenco de la obra de Gabriela Lorusso, \u00abMujeres Mandarinas, (se trata de todas)\u00bb. La inscripci\u00f3n es a trav\u00e9s de whatsapp hasta el 6 de abril, mientras que las audiciones ser\u00e1n el d\u00eda 7. La directora anticip\u00f3 que busca \u00abactrices, bailarinas o artistas musicales\u00bb. <\/p>\n\n\n\n<p>\u00abQueda abierta la convocatoria para Comedia Municipal Ra\u00fal Bustos Berrondo, para el proyecto ganador \u00abMujeres Mandarinas, se trata de todas\u00bb, de la directora Gabriela Lorusso. Desde el 31 de marzo hasta el 6 de abril est\u00e1 abierta la convocatoria para mujeres mayores de 13 a\u00f1os que sean actrices, bailarinas o artistas musicales. Se podr\u00e1n anotar UNICAMENTE POR WHATSAPP al 02324-610840. La audici\u00f3n ser\u00e1 el 7 de abril, 18 horas y los detalles se les brindar\u00e1 una vez anotadas\u00bb<\/p>\n\n\n\n<p>Encontr\u00e1 m\u00e1s info en\u00a0<a rel=\"noreferrer noopener\" href=\"https:\/\/l.facebook.com\/l.php?u=http%3A%2F%2Fcultura.mercedes.gob.ar%2F%3Ffbclid%3DIwAR1zfk1QG80iMOWHk3Pd0KVubSlXWY3pNfSoI9Gi8GbP7QG1ZRX9bK7d104&amp;h=AT3_NFAe7I-9vjw-KTW0KxAFCpYFmOgtOa2nQmp0cnyEkXIEb59nI-8GcOh_4DlA8HPtno6VezgAY52hVyll3odxsq_pqf_Acwo5TV8i00ewsj7TCrzE54MPgJefMMdnmQ&amp;__tn__=-UK*F&amp;c[0]=AT1r6Nqx8oEwlpBwTHsfSeMpVT6bT5JPTfdJh3Mwzjou8m7iSTAjH4kYoXYnBvIdf1Ht47GnkhpEmOVSE9Vmge-hLwFl06FT_ba9VkKKfHE4ZLKxWc--q_3tTijhC4V5yhTmz8Nhnf0He4S4-QztMIMFcpeg-JaLSgWo0VQt5xWDC4izsmTpPSMpyd3zNvLDjpU1W5OclOK85w\" target=\"_blank\">http:\/\/cultura.mercedes.gob.ar\/<\/a><\/p>\n\n\n\n<div class=\"wp-block-image\"><figure class=\"aligncenter size-large\"><img loading=\"lazy\" decoding=\"async\" width=\"1024\" height=\"1024\" data-attachment-id=\"127293\" data-permalink=\"https:\/\/www.hoymercedes.com.ar\/principal\/2021\/03\/31\/esta-abierta-la-inscripcion-para-audicionar-para-la-obra-de-la-comedia-municipal\/31-audiciones\/#main\" data-orig-file=\"https:\/\/www.hoymercedes.com.ar\/principal\/wp-content\/uploads\/2021\/03\/31-audiciones.jpg\" data-orig-size=\"1279,1280\" data-comments-opened=\"0\" data-image-meta=\"{&quot;aperture&quot;:&quot;0&quot;,&quot;credit&quot;:&quot;&quot;,&quot;camera&quot;:&quot;&quot;,&quot;caption&quot;:&quot;&quot;,&quot;created_timestamp&quot;:&quot;0&quot;,&quot;copyright&quot;:&quot;&quot;,&quot;focal_length&quot;:&quot;0&quot;,&quot;iso&quot;:&quot;0&quot;,&quot;shutter_speed&quot;:&quot;0&quot;,&quot;title&quot;:&quot;&quot;,&quot;orientation&quot;:&quot;0&quot;}\" data-image-title=\"31 audiciones\" data-image-description=\"\" data-image-caption=\"\" data-large-file=\"https:\/\/www.hoymercedes.com.ar\/principal\/wp-content\/uploads\/2021\/03\/31-audiciones-1024x1024.jpg\" src=\"https:\/\/www.hoymercedes.com.ar\/principal\/wp-content\/uploads\/2021\/03\/31-audiciones-1024x1024.jpg\" alt=\"\" class=\"wp-image-127293\" srcset=\"https:\/\/www.hoymercedes.com.ar\/principal\/wp-content\/uploads\/2021\/03\/31-audiciones-1024x1024.jpg 1024w, https:\/\/www.hoymercedes.com.ar\/principal\/wp-content\/uploads\/2021\/03\/31-audiciones-620x620.jpg 620w, https:\/\/www.hoymercedes.com.ar\/principal\/wp-content\/uploads\/2021\/03\/31-audiciones-150x150.jpg 150w, https:\/\/www.hoymercedes.com.ar\/principal\/wp-content\/uploads\/2021\/03\/31-audiciones.jpg 1279w\" sizes=\"auto, (max-width: 1024px) 100vw, 1024px\" \/><\/figure><\/div>\n","protected":false},"excerpt":{"rendered":"<p>Tal como lo anticip\u00e1bamos por este medio, la Direcci\u00f3n de Cultura de la Municipalidad de Mercedes inici\u00f3 la inscripci\u00f3n para &#8230; <a title=\"Est\u00e1 abierta la inscripci\u00f3n para audicionar para la obra de la Comedia Municipal\" class=\"read-more\" href=\"https:\/\/www.hoymercedes.com.ar\/principal\/2021\/03\/31\/esta-abierta-la-inscripcion-para-audicionar-para-la-obra-de-la-comedia-municipal\/\" aria-label=\"Leer m\u00e1s sobre Est\u00e1 abierta la inscripci\u00f3n para audicionar para la obra de la Comedia Municipal\">Leer m\u00e1s<\/a><\/p>\n","protected":false},"author":1,"featured_media":127293,"comment_status":"closed","ping_status":"open","sticky":false,"template":"","format":"standard","meta":{"_monsterinsights_skip_tracking":false,"_monsterinsights_sitenote_active":false,"_monsterinsights_sitenote_note":"","_monsterinsights_sitenote_category":0,"jetpack_post_was_ever_published":false,"_jetpack_newsletter_access":"","_jetpack_dont_email_post_to_subs":false,"_jetpack_newsletter_tier_id":0,"_jetpack_memberships_contains_paywalled_content":false,"_jetpack_memberships_contains_paid_content":false,"footnotes":"","jetpack_publicize_message":"","jetpack_publicize_feature_enabled":true,"jetpack_social_post_already_shared":true,"jetpack_social_options":{"image_generator_settings":{"template":"highway","default_image_id":0,"font":"","enabled":false},"version":2},"_wpas_customize_per_network":false},"categories":[104],"tags":[],"class_list":["post-127292","post","type-post","status-publish","format-standard","has-post-thumbnail","hentry","category-cultura","generate-columns","tablet-grid-50","mobile-grid-100","grid-parent","grid-50"],"jetpack_publicize_connections":[],"jetpack_featured_media_url":"https:\/\/www.hoymercedes.com.ar\/principal\/wp-content\/uploads\/2021\/03\/31-audiciones.jpg","wps_subtitle":"Conformaci\u00f3n de elenco","jetpack_sharing_enabled":true,"jetpack-related-posts":[{"id":129960,"url":"https:\/\/www.hoymercedes.com.ar\/principal\/2021\/05\/12\/confirman-el-elenco-teatral-que-presentara-mujeres-mandarinas-se-trata-de-todas\/","url_meta":{"origin":127292,"position":0},"title":"Confirman el elenco teatral que presentar\u00e1 \u00abMujeres Mandarinas, se trata de todas\u00bb","author":"hoymercedes","date":"12 mayo, 2021","format":false,"excerpt":"Desde la Direcci\u00f3n de Cultura municipal se inform\u00f3 que luego de realizadas las audiciones correspondientes, ya fue elegido el elenco que conformar\u00e1 la obra \u201cMujeres Mandarinas, se trata de todas\u201d. Este proyecto teatral fue el ganador de la Comedia Municipal \u00abRa\u00fal Bustos Berrondo\u00bb edici\u00f3n 2021. La inscripci\u00f3n para realizar el\u2026","rel":"","context":"En \u00abCultura\u00bb","block_context":{"text":"Cultura","link":"https:\/\/www.hoymercedes.com.ar\/principal\/category\/cultura\/"},"img":{"alt_text":"","src":"https:\/\/i0.wp.com\/www.hoymercedes.com.ar\/principal\/wp-content\/uploads\/2021\/05\/58-1.jpeg?resize=350%2C200&ssl=1","width":350,"height":200,"srcset":"https:\/\/i0.wp.com\/www.hoymercedes.com.ar\/principal\/wp-content\/uploads\/2021\/05\/58-1.jpeg?resize=350%2C200&ssl=1 1x, https:\/\/i0.wp.com\/www.hoymercedes.com.ar\/principal\/wp-content\/uploads\/2021\/05\/58-1.jpeg?resize=525%2C300&ssl=1 1.5x, https:\/\/i0.wp.com\/www.hoymercedes.com.ar\/principal\/wp-content\/uploads\/2021\/05\/58-1.jpeg?resize=700%2C400&ssl=1 2x"},"classes":[]},{"id":127226,"url":"https:\/\/www.hoymercedes.com.ar\/principal\/2021\/03\/30\/gabriela-lorusso-fue-la-seleccionada-para-dirigir-este-ano-la-comedia-municipal\/","url_meta":{"origin":127292,"position":1},"title":"Gabriela Lorusso fue la seleccionada para dirigir este a\u00f1o la Comedia Municipal","author":"hoymercedes","date":"30 marzo, 2021","format":false,"excerpt":"Desde Cultura del Municipio de Mercedes adelantaron que el proyecto titulado \u201cMujeres Mandarinas, (se trata de todas)\u201d fue seleccionada entre las seis propuestas presentadas. La semana pr\u00f3xima comenzar\u00eda la selecci\u00f3n de actrices para la puesta en escena que tiene como tema la trata de mujeres y la violencia de g\u00e9nero.\u2026","rel":"","context":"En \u00abCultura\u00bb","block_context":{"text":"Cultura","link":"https:\/\/www.hoymercedes.com.ar\/principal\/category\/cultura\/"},"img":{"alt_text":"","src":"https:\/\/i0.wp.com\/www.hoymercedes.com.ar\/principal\/wp-content\/uploads\/2021\/03\/30-teatro-comedia-municipa.jpg?resize=350%2C200&ssl=1","width":350,"height":200,"srcset":"https:\/\/i0.wp.com\/www.hoymercedes.com.ar\/principal\/wp-content\/uploads\/2021\/03\/30-teatro-comedia-municipa.jpg?resize=350%2C200&ssl=1 1x, https:\/\/i0.wp.com\/www.hoymercedes.com.ar\/principal\/wp-content\/uploads\/2021\/03\/30-teatro-comedia-municipa.jpg?resize=525%2C300&ssl=1 1.5x, https:\/\/i0.wp.com\/www.hoymercedes.com.ar\/principal\/wp-content\/uploads\/2021\/03\/30-teatro-comedia-municipa.jpg?resize=700%2C400&ssl=1 2x"},"classes":[]},{"id":164843,"url":"https:\/\/www.hoymercedes.com.ar\/principal\/2023\/07\/21\/vuelve-mujeres-mandarinas-al-teatro\/","url_meta":{"origin":127292,"position":2},"title":"Vuelve \u00abMujeres Mandarinas\u00bb al teatro","author":"hoymercedes","date":"21 julio, 2023","format":false,"excerpt":"El elenco de la obra escrita y dirigida por Gabriela Lorusso vuelve al escenario del Teatro Argentino, espacio teatral donde se estren\u00f3 tras ser seleccionada para la Comedia Municipal Ra\u00fal Bustos Berrondo. \"Mujeres Mandarinas, se trata de todas\" se estren\u00f3 en 2021 despu\u00e9s de varios meses de ensayos en un\u2026","rel":"","context":"En \u00abCultura\u00bb","block_context":{"text":"Cultura","link":"https:\/\/www.hoymercedes.com.ar\/principal\/category\/cultura\/"},"img":{"alt_text":"","src":"https:\/\/i0.wp.com\/www.hoymercedes.com.ar\/principal\/wp-content\/uploads\/2023\/07\/Imagen-de-WhatsApp-2023-07-21-a-las-08.48.13.jpg?resize=350%2C200&ssl=1","width":350,"height":200,"srcset":"https:\/\/i0.wp.com\/www.hoymercedes.com.ar\/principal\/wp-content\/uploads\/2023\/07\/Imagen-de-WhatsApp-2023-07-21-a-las-08.48.13.jpg?resize=350%2C200&ssl=1 1x, https:\/\/i0.wp.com\/www.hoymercedes.com.ar\/principal\/wp-content\/uploads\/2023\/07\/Imagen-de-WhatsApp-2023-07-21-a-las-08.48.13.jpg?resize=525%2C300&ssl=1 1.5x, https:\/\/i0.wp.com\/www.hoymercedes.com.ar\/principal\/wp-content\/uploads\/2023\/07\/Imagen-de-WhatsApp-2023-07-21-a-las-08.48.13.jpg?resize=700%2C400&ssl=1 2x, https:\/\/i0.wp.com\/www.hoymercedes.com.ar\/principal\/wp-content\/uploads\/2023\/07\/Imagen-de-WhatsApp-2023-07-21-a-las-08.48.13.jpg?resize=1050%2C600&ssl=1 3x"},"classes":[]},{"id":139274,"url":"https:\/\/www.hoymercedes.com.ar\/principal\/2021\/10\/29\/la-comedia-municipal-estrena-el-9-de-noviembre\/","url_meta":{"origin":127292,"position":3},"title":"La Comedia Municipal estrena el 9 de noviembre","author":"hoymercedes","date":"29 octubre, 2021","format":false,"excerpt":"La obra \u201cMujeres Mandarinas, se trata de todas\u201d, escrita y dirigida por Gabriela Lorusso se estrena el 9 de noviembre, 21:30 horas. El elenco se presentar\u00e1 en ocho funciones a lo largo del mes. Las entradas son gratuitas, aunque el que lo desee podr\u00e1 colaborar con un bono contribuci\u00f3n de\u2026","rel":"","context":"En \u00abCultura\u00bb","block_context":{"text":"Cultura","link":"https:\/\/www.hoymercedes.com.ar\/principal\/category\/cultura\/"},"img":{"alt_text":"","src":"https:\/\/i0.wp.com\/www.hoymercedes.com.ar\/principal\/wp-content\/uploads\/2021\/10\/IMG_20211028_112603752.jpg?resize=350%2C200&ssl=1","width":350,"height":200,"srcset":"https:\/\/i0.wp.com\/www.hoymercedes.com.ar\/principal\/wp-content\/uploads\/2021\/10\/IMG_20211028_112603752.jpg?resize=350%2C200&ssl=1 1x, https:\/\/i0.wp.com\/www.hoymercedes.com.ar\/principal\/wp-content\/uploads\/2021\/10\/IMG_20211028_112603752.jpg?resize=525%2C300&ssl=1 1.5x, https:\/\/i0.wp.com\/www.hoymercedes.com.ar\/principal\/wp-content\/uploads\/2021\/10\/IMG_20211028_112603752.jpg?resize=700%2C400&ssl=1 2x"},"classes":[]},{"id":174060,"url":"https:\/\/www.hoymercedes.com.ar\/principal\/2024\/03\/17\/mes-de-la-mujer-aefip-invita-a-la-obra-de-teatro-mujeres-mandarinas\/","url_meta":{"origin":127292,"position":4},"title":"Mes de la mujer: AEFIP invita a la obra de teatro \u00abMujeres Mandarinas\u00bb","author":"hoymercedes","date":"17 marzo, 2024","format":false,"excerpt":"Con entrada libre, previa inscripci\u00f3n, el 22 de marzo se presentar\u00e1: \u201cMujeres Mandarinas-se trata de todas\u201d, dirigida por Gabriela Lorusso. En el mes de la mujer, desde la Secretar\u00eda de G\u00e9nero e Igualdad de Oportunidades de la Seccional de AEFIP Mercedes, se tom\u00f3 la iniciativa de invitar a toda la\u2026","rel":"","context":"En \u00abGremios - Sindicatos\u00bb","block_context":{"text":"Gremios - Sindicatos","link":"https:\/\/www.hoymercedes.com.ar\/principal\/category\/gremios-sindicatos\/"},"img":{"alt_text":"","src":"https:\/\/i0.wp.com\/www.hoymercedes.com.ar\/principal\/wp-content\/uploads\/2024\/03\/mujers-mandarinas.jpg?resize=350%2C200&ssl=1","width":350,"height":200,"srcset":"https:\/\/i0.wp.com\/www.hoymercedes.com.ar\/principal\/wp-content\/uploads\/2024\/03\/mujers-mandarinas.jpg?resize=350%2C200&ssl=1 1x, https:\/\/i0.wp.com\/www.hoymercedes.com.ar\/principal\/wp-content\/uploads\/2024\/03\/mujers-mandarinas.jpg?resize=525%2C300&ssl=1 1.5x, https:\/\/i0.wp.com\/www.hoymercedes.com.ar\/principal\/wp-content\/uploads\/2024\/03\/mujers-mandarinas.jpg?resize=700%2C400&ssl=1 2x"},"classes":[]},{"id":146694,"url":"https:\/\/www.hoymercedes.com.ar\/principal\/2022\/04\/12\/nueva-convocatoria-a-directores-teatrales-para-la-comedia-municipal-raul-bustos-berrondo\/","url_meta":{"origin":127292,"position":5},"title":"Nueva convocatoria a directores teatrales para la Comedia Municipal \u00abRa\u00fal Bustos Berrondo\u00bb","author":"hoymercedes","date":"12 abril, 2022","format":false,"excerpt":"En un nuevo a\u00f1o, la Direcci\u00f3n de Cultura a trav\u00e9s de la coordinaci\u00f3n del Teatro Argentino Julio C. Gioscio, lanz\u00f3 la convocatoria abierta a directores teatrales que residan en Mercedes y que tengan un proyecto original de Teatro para poner en escena con la Comedia Municipal Ra\u00fal Bustos Berrondo. Hasta\u2026","rel":"","context":"En \u00abCultura\u00bb","block_context":{"text":"Cultura","link":"https:\/\/www.hoymercedes.com.ar\/principal\/category\/cultura\/"},"img":{"alt_text":"","src":"https:\/\/i0.wp.com\/www.hoymercedes.com.ar\/principal\/wp-content\/uploads\/2022\/04\/IMG_20220412_105650330.jpg?resize=350%2C200&ssl=1","width":350,"height":200,"srcset":"https:\/\/i0.wp.com\/www.hoymercedes.com.ar\/principal\/wp-content\/uploads\/2022\/04\/IMG_20220412_105650330.jpg?resize=350%2C200&ssl=1 1x, https:\/\/i0.wp.com\/www.hoymercedes.com.ar\/principal\/wp-content\/uploads\/2022\/04\/IMG_20220412_105650330.jpg?resize=525%2C300&ssl=1 1.5x, https:\/\/i0.wp.com\/www.hoymercedes.com.ar\/principal\/wp-content\/uploads\/2022\/04\/IMG_20220412_105650330.jpg?resize=700%2C400&ssl=1 2x"},"classes":[]}],"_links":{"self":[{"href":"https:\/\/www.hoymercedes.com.ar\/principal\/wp-json\/wp\/v2\/posts\/127292","targetHints":{"allow":["GET"]}}],"collection":[{"href":"https:\/\/www.hoymercedes.com.ar\/principal\/wp-json\/wp\/v2\/posts"}],"about":[{"href":"https:\/\/www.hoymercedes.com.ar\/principal\/wp-json\/wp\/v2\/types\/post"}],"author":[{"embeddable":true,"href":"https:\/\/www.hoymercedes.com.ar\/principal\/wp-json\/wp\/v2\/users\/1"}],"replies":[{"embeddable":true,"href":"https:\/\/www.hoymercedes.com.ar\/principal\/wp-json\/wp\/v2\/comments?post=127292"}],"version-history":[{"count":0,"href":"https:\/\/www.hoymercedes.com.ar\/principal\/wp-json\/wp\/v2\/posts\/127292\/revisions"}],"wp:featuredmedia":[{"embeddable":true,"href":"https:\/\/www.hoymercedes.com.ar\/principal\/wp-json\/wp\/v2\/media\/127293"}],"wp:attachment":[{"href":"https:\/\/www.hoymercedes.com.ar\/principal\/wp-json\/wp\/v2\/media?parent=127292"}],"wp:term":[{"taxonomy":"category","embeddable":true,"href":"https:\/\/www.hoymercedes.com.ar\/principal\/wp-json\/wp\/v2\/categories?post=127292"},{"taxonomy":"post_tag","embeddable":true,"href":"https:\/\/www.hoymercedes.com.ar\/principal\/wp-json\/wp\/v2\/tags?post=127292"}],"curies":[{"name":"wp","href":"https:\/\/api.w.org\/{rel}","templated":true}]}}