{"id":127306,"date":"2021-03-31T21:10:39","date_gmt":"2021-04-01T00:10:39","guid":{"rendered":"https:\/\/www.hoymercedes.com.ar\/principal\/?p=127306"},"modified":"2021-03-31T21:11:09","modified_gmt":"2021-04-01T00:11:09","slug":"covid-comite-de-crisis-oficializo-las-medidas-hasta-el-9-de-abril","status":"publish","type":"post","link":"https:\/\/www.hoymercedes.com.ar\/principal\/2021\/03\/31\/covid-comite-de-crisis-oficializo-las-medidas-hasta-el-9-de-abril\/","title":{"rendered":"Covid: Comit\u00e9 de Crisis oficializ\u00f3 las medidas hasta el 9 de abril"},"content":{"rendered":"\n<p>A trav\u00e9s de una comunicaci\u00f3n oficial el Comit\u00e9 de Crisis de Mercedes anunci\u00f3 las medidas en el marco de \u00abla segunda ola\u00bb de coronavirus. Desde el 31 de marzo hasta el 9 de abril, \u00aben principio\u00bb, se suspenden actividades entre las 2 y las 6 de la ma\u00f1ana. Adem\u00e1s, se limita a 10 personas las reuniones familiares, sociales y recreativas en el \u00e1mbito privado. VER COMUNICACI\u00d3N OFICIAL. <\/p>\n\n\n\n<figure class=\"wp-block-image size-large\"><img loading=\"lazy\" decoding=\"async\" width=\"800\" height=\"785\" data-attachment-id=\"127307\" data-permalink=\"https:\/\/www.hoymercedes.com.ar\/principal\/2021\/03\/31\/covid-comite-de-crisis-oficializo-las-medidas-hasta-el-9-de-abril\/img-20210331-wa0014\/#main\" data-orig-file=\"https:\/\/www.hoymercedes.com.ar\/principal\/wp-content\/uploads\/2021\/03\/IMG-20210331-WA0014.jpg\" data-orig-size=\"800,785\" data-comments-opened=\"0\" data-image-meta=\"{&quot;aperture&quot;:&quot;0&quot;,&quot;credit&quot;:&quot;&quot;,&quot;camera&quot;:&quot;&quot;,&quot;caption&quot;:&quot;&quot;,&quot;created_timestamp&quot;:&quot;0&quot;,&quot;copyright&quot;:&quot;&quot;,&quot;focal_length&quot;:&quot;0&quot;,&quot;iso&quot;:&quot;0&quot;,&quot;shutter_speed&quot;:&quot;0&quot;,&quot;title&quot;:&quot;&quot;,&quot;orientation&quot;:&quot;0&quot;}\" data-image-title=\"IMG-20210331-WA0014\" data-image-description=\"\" data-image-caption=\"\" data-large-file=\"https:\/\/www.hoymercedes.com.ar\/principal\/wp-content\/uploads\/2021\/03\/IMG-20210331-WA0014.jpg\" src=\"https:\/\/www.hoymercedes.com.ar\/principal\/wp-content\/uploads\/2021\/03\/IMG-20210331-WA0014.jpg\" alt=\"\" class=\"wp-image-127307\" srcset=\"https:\/\/www.hoymercedes.com.ar\/principal\/wp-content\/uploads\/2021\/03\/IMG-20210331-WA0014.jpg 800w, https:\/\/www.hoymercedes.com.ar\/principal\/wp-content\/uploads\/2021\/03\/IMG-20210331-WA0014-630x618.jpg 630w, https:\/\/www.hoymercedes.com.ar\/principal\/wp-content\/uploads\/2021\/03\/IMG-20210331-WA0014-150x147.jpg 150w\" sizes=\"auto, (max-width: 800px) 100vw, 800px\" \/><\/figure>\n","protected":false},"excerpt":{"rendered":"<p>A trav\u00e9s de una comunicaci\u00f3n oficial el Comit\u00e9 de Crisis de Mercedes anunci\u00f3 las medidas en el marco de \u00abla &#8230; <a title=\"Covid: Comit\u00e9 de Crisis oficializ\u00f3 las medidas hasta el 9 de abril\" class=\"read-more\" href=\"https:\/\/www.hoymercedes.com.ar\/principal\/2021\/03\/31\/covid-comite-de-crisis-oficializo-las-medidas-hasta-el-9-de-abril\/\" aria-label=\"Leer m\u00e1s sobre Covid: Comit\u00e9 de Crisis oficializ\u00f3 las medidas hasta el 9 de abril\">Leer m\u00e1s<\/a><\/p>\n","protected":false},"author":1,"featured_media":127307,"comment_status":"closed","ping_status":"open","sticky":false,"template":"","format":"standard","meta":{"_monsterinsights_skip_tracking":false,"_monsterinsights_sitenote_active":false,"_monsterinsights_sitenote_note":"","_monsterinsights_sitenote_category":0,"jetpack_post_was_ever_published":false,"_jetpack_newsletter_access":"","_jetpack_dont_email_post_to_subs":false,"_jetpack_newsletter_tier_id":0,"_jetpack_memberships_contains_paywalled_content":false,"_jetpack_memberships_contains_paid_content":false,"footnotes":"","jetpack_publicize_message":"","jetpack_publicize_feature_enabled":true,"jetpack_social_post_already_shared":true,"jetpack_social_options":{"image_generator_settings":{"template":"highway","default_image_id":0,"font":"","enabled":false},"version":2},"_wpas_customize_per_network":false},"categories":[30],"tags":[],"class_list":["post-127306","post","type-post","status-publish","format-standard","has-post-thumbnail","hentry","category-municipio","generate-columns","tablet-grid-50","mobile-grid-100","grid-parent","grid-50"],"jetpack_publicize_connections":[],"jetpack_featured_media_url":"https:\/\/www.hoymercedes.com.ar\/principal\/wp-content\/uploads\/2021\/03\/IMG-20210331-WA0014.jpg","wps_subtitle":"Ante la situaci\u00f3n epidemiol\u00f3gica","jetpack_sharing_enabled":true,"jetpack-related-posts":[{"id":122686,"url":"https:\/\/www.hoymercedes.com.ar\/principal\/2020\/12\/30\/comite-de-crisis-confirmo-restricciones-hasta-el-10-de-enero\/","url_meta":{"origin":127306,"position":0},"title":"Comit\u00e9 de crisis confirm\u00f3 restricciones hasta el 10 de enero","author":"hoymercedes","date":"30 diciembre, 2020","format":false,"excerpt":"Luego de la reuni\u00f3n de la ma\u00f1ana de este mi\u00e9rcoles, el Comit\u00e9 de Crisis de Mercedes por la pandemia por el covid-19, se hizo p\u00fablica la comunicaci\u00f3n oficial con las restricciones que correr\u00e1n durante los pr\u00f3ximos diez dias. COMUNICACI\u00d3N OFICIAL El Comit\u00e9 de Crisis ante la actual situaci\u00f3n epidemiol\u00f3gica de\u2026","rel":"","context":"En \u00abSalud\u00bb","block_context":{"text":"Salud","link":"https:\/\/www.hoymercedes.com.ar\/principal\/category\/salud\/"},"img":{"alt_text":"","src":"https:\/\/i0.wp.com\/www.hoymercedes.com.ar\/principal\/wp-content\/uploads\/2020\/12\/WhatsApp-Image-2020-12-30-at-16.51.49.jpeg?resize=350%2C200&ssl=1","width":350,"height":200,"srcset":"https:\/\/i0.wp.com\/www.hoymercedes.com.ar\/principal\/wp-content\/uploads\/2020\/12\/WhatsApp-Image-2020-12-30-at-16.51.49.jpeg?resize=350%2C200&ssl=1 1x, https:\/\/i0.wp.com\/www.hoymercedes.com.ar\/principal\/wp-content\/uploads\/2020\/12\/WhatsApp-Image-2020-12-30-at-16.51.49.jpeg?resize=525%2C300&ssl=1 1.5x, https:\/\/i0.wp.com\/www.hoymercedes.com.ar\/principal\/wp-content\/uploads\/2020\/12\/WhatsApp-Image-2020-12-30-at-16.51.49.jpeg?resize=700%2C400&ssl=1 2x"},"classes":[]},{"id":127841,"url":"https:\/\/www.hoymercedes.com.ar\/principal\/2021\/04\/09\/covid-comite-de-crisis-acordo-medidas-hasta-el-30-de-abril\/","url_meta":{"origin":127306,"position":1},"title":"Covid: Comit\u00e9 de Crisis acord\u00f3 medidas hasta el 30 de abril","author":"hoymercedes","date":"9 abril, 2021","format":false,"excerpt":"Entre las medidas a implementar est\u00e1 la restricci\u00f3n de circular entre las 0 y 6 hs, la suspensi\u00f3n de actividades sociales en domicilios particulares, la suspensi\u00f3n de reuniones sociales al aire libre para m\u00e1s de 20 personas, las actividades deportivas en lugares cerrados para m\u00e1s de 10 personas y la\u2026","rel":"","context":"En \u00abMunicipio\u00bb","block_context":{"text":"Municipio","link":"https:\/\/www.hoymercedes.com.ar\/principal\/category\/municipio\/"},"img":{"alt_text":"","src":"https:\/\/i0.wp.com\/www.hoymercedes.com.ar\/principal\/wp-content\/uploads\/2021\/04\/09-comite-crisis-1.jpeg?resize=350%2C200&ssl=1","width":350,"height":200,"srcset":"https:\/\/i0.wp.com\/www.hoymercedes.com.ar\/principal\/wp-content\/uploads\/2021\/04\/09-comite-crisis-1.jpeg?resize=350%2C200&ssl=1 1x, https:\/\/i0.wp.com\/www.hoymercedes.com.ar\/principal\/wp-content\/uploads\/2021\/04\/09-comite-crisis-1.jpeg?resize=525%2C300&ssl=1 1.5x, https:\/\/i0.wp.com\/www.hoymercedes.com.ar\/principal\/wp-content\/uploads\/2021\/04\/09-comite-crisis-1.jpeg?resize=700%2C400&ssl=1 2x"},"classes":[]},{"id":123044,"url":"https:\/\/www.hoymercedes.com.ar\/principal\/2021\/01\/08\/confirman-13-nuevos-casos-positivos-en-mercedes\/","url_meta":{"origin":127306,"position":2},"title":"Confirman 13 nuevos casos positivos en Mercedes","author":"hoymercedes","date":"8 enero, 2021","format":false,"excerpt":"La informaci\u00f3n epidemiol\u00f3gica en Mercedes confirma 13 nuevos casos de covid-19, con el alta de 15 pacientes. Estas cifras oficiales establecen que hay 281 pacientes transitando la enfermedad. Asimismo, las autoridades municipales y sanitarias reiteran la vegencia de las medidas restrictivas hasta el 10 de enero, a la espera de\u2026","rel":"","context":"En \u00abSalud\u00bb","block_context":{"text":"Salud","link":"https:\/\/www.hoymercedes.com.ar\/principal\/category\/salud\/"},"img":{"alt_text":"","src":"https:\/\/i0.wp.com\/www.hoymercedes.com.ar\/principal\/wp-content\/uploads\/2021\/01\/WhatsApp-Image-2021-01-08-at-21.35.50.jpeg?resize=350%2C200&ssl=1","width":350,"height":200,"srcset":"https:\/\/i0.wp.com\/www.hoymercedes.com.ar\/principal\/wp-content\/uploads\/2021\/01\/WhatsApp-Image-2021-01-08-at-21.35.50.jpeg?resize=350%2C200&ssl=1 1x, https:\/\/i0.wp.com\/www.hoymercedes.com.ar\/principal\/wp-content\/uploads\/2021\/01\/WhatsApp-Image-2021-01-08-at-21.35.50.jpeg?resize=525%2C300&ssl=1 1.5x, https:\/\/i0.wp.com\/www.hoymercedes.com.ar\/principal\/wp-content\/uploads\/2021\/01\/WhatsApp-Image-2021-01-08-at-21.35.50.jpeg?resize=700%2C400&ssl=1 2x"},"classes":[]},{"id":127946,"url":"https:\/\/www.hoymercedes.com.ar\/principal\/2021\/04\/10\/comite-de-crisis-anuncia-pase-a-fase-3-y-nuevas-medidas\/","url_meta":{"origin":127306,"position":3},"title":"Comit\u00e9 de Crisis anuncia pase a \u00abFase 3\u00bb y nuevas medidas","author":"hoymercedes","date":"10 abril, 2021","format":false,"excerpt":"En virtud del crecimiento exponencial de casos Covid 19 en la Provincia de Buenos Aires, se consider\u00f3 determinar a nuestro distrito como de \u201cAlto Riesgo Epidemiol\u00f3gico y Sanitario\u201d e incluirlo junto con la ciudad de Chivilcoy en la fase 3 del Sistema provincial. Estas definiciones tienen el \u00fanico objetivo de\u2026","rel":"","context":"En \u00abSociedad\u00bb","block_context":{"text":"Sociedad","link":"https:\/\/www.hoymercedes.com.ar\/principal\/category\/sociedad\/"},"img":{"alt_text":"","src":"https:\/\/i0.wp.com\/www.hoymercedes.com.ar\/principal\/wp-content\/uploads\/2021\/04\/Fase3.jpg?resize=350%2C200&ssl=1","width":350,"height":200,"srcset":"https:\/\/i0.wp.com\/www.hoymercedes.com.ar\/principal\/wp-content\/uploads\/2021\/04\/Fase3.jpg?resize=350%2C200&ssl=1 1x, https:\/\/i0.wp.com\/www.hoymercedes.com.ar\/principal\/wp-content\/uploads\/2021\/04\/Fase3.jpg?resize=525%2C300&ssl=1 1.5x, https:\/\/i0.wp.com\/www.hoymercedes.com.ar\/principal\/wp-content\/uploads\/2021\/04\/Fase3.jpg?resize=700%2C400&ssl=1 2x"},"classes":[]},{"id":113088,"url":"https:\/\/www.hoymercedes.com.ar\/principal\/2020\/07\/03\/comite-de-crisis-reafirma-las-medidas-preventivas-para-evitar-propagacion-del-virus\/","url_meta":{"origin":127306,"position":4},"title":"Comit\u00e9 de Crisis reafirma las medidas preventivas para evitar propagaci\u00f3n del virus","author":"hoymercedes","date":"3 julio, 2020","format":false,"excerpt":"Se llev\u00f3 a cabo convocado por el intendente Ustarroz un nuevo Comit\u00e9 de Crisis. Fue en el \u00e1mbito del teatro argentino con todas las medidas de seguridad correspondientes. Se explic\u00f3 que Mercedes est\u00e1 en proceso de convertirse en ciudad con transici\u00f3n comunitaria. La necesidad imperiosa de que respetemos las normas\u2026","rel":"","context":"En \u00abMunicipio\u00bb","block_context":{"text":"Municipio","link":"https:\/\/www.hoymercedes.com.ar\/principal\/category\/municipio\/"},"img":{"alt_text":"","src":"https:\/\/i0.wp.com\/www.hoymercedes.com.ar\/principal\/wp-content\/uploads\/2020\/07\/03-comite-cris.jpg?resize=350%2C200&ssl=1","width":350,"height":200,"srcset":"https:\/\/i0.wp.com\/www.hoymercedes.com.ar\/principal\/wp-content\/uploads\/2020\/07\/03-comite-cris.jpg?resize=350%2C200&ssl=1 1x, https:\/\/i0.wp.com\/www.hoymercedes.com.ar\/principal\/wp-content\/uploads\/2020\/07\/03-comite-cris.jpg?resize=525%2C300&ssl=1 1.5x, https:\/\/i0.wp.com\/www.hoymercedes.com.ar\/principal\/wp-content\/uploads\/2020\/07\/03-comite-cris.jpg?resize=700%2C400&ssl=1 2x"},"classes":[]},{"id":107512,"url":"https:\/\/www.hoymercedes.com.ar\/principal\/2020\/03\/13\/coronavirus-comite-de-crisis-y-suspension-de-actividades-publicas-en-mercedes\/","url_meta":{"origin":127306,"position":5},"title":"Coronavirus: Comit\u00e9 de Crisis y suspensi\u00f3n de actividades p\u00fablicas en Mercedes","author":"hoymercedes","date":"13 marzo, 2020","format":false,"excerpt":"Haci\u00e9ndose eco del decreto provincial, el Intendente Municipal Juan Ignacio Ustarroz estableci\u00f3 las suspensi\u00f3n de todas las actividades organizadas por el municipio de car\u00e1cter deportivo, cultural y actos p\u00fablicos oficiales. La suspensi\u00f3n es de treinta d\u00edas. Asimismo, el Intendente Municipal comunic\u00f3 que en la ma\u00f1ana de este viernes se conform\u00f3\u2026","rel":"","context":"En \u00abSociedad\u00bb","block_context":{"text":"Sociedad","link":"https:\/\/www.hoymercedes.com.ar\/principal\/category\/sociedad\/"},"img":{"alt_text":"","src":"https:\/\/i0.wp.com\/www.hoymercedes.com.ar\/principal\/wp-content\/uploads\/2020\/03\/13-comite-de-crisis.jpg?resize=350%2C200&ssl=1","width":350,"height":200,"srcset":"https:\/\/i0.wp.com\/www.hoymercedes.com.ar\/principal\/wp-content\/uploads\/2020\/03\/13-comite-de-crisis.jpg?resize=350%2C200&ssl=1 1x, https:\/\/i0.wp.com\/www.hoymercedes.com.ar\/principal\/wp-content\/uploads\/2020\/03\/13-comite-de-crisis.jpg?resize=525%2C300&ssl=1 1.5x, https:\/\/i0.wp.com\/www.hoymercedes.com.ar\/principal\/wp-content\/uploads\/2020\/03\/13-comite-de-crisis.jpg?resize=700%2C400&ssl=1 2x"},"classes":[]}],"_links":{"self":[{"href":"https:\/\/www.hoymercedes.com.ar\/principal\/wp-json\/wp\/v2\/posts\/127306","targetHints":{"allow":["GET"]}}],"collection":[{"href":"https:\/\/www.hoymercedes.com.ar\/principal\/wp-json\/wp\/v2\/posts"}],"about":[{"href":"https:\/\/www.hoymercedes.com.ar\/principal\/wp-json\/wp\/v2\/types\/post"}],"author":[{"embeddable":true,"href":"https:\/\/www.hoymercedes.com.ar\/principal\/wp-json\/wp\/v2\/users\/1"}],"replies":[{"embeddable":true,"href":"https:\/\/www.hoymercedes.com.ar\/principal\/wp-json\/wp\/v2\/comments?post=127306"}],"version-history":[{"count":0,"href":"https:\/\/www.hoymercedes.com.ar\/principal\/wp-json\/wp\/v2\/posts\/127306\/revisions"}],"wp:featuredmedia":[{"embeddable":true,"href":"https:\/\/www.hoymercedes.com.ar\/principal\/wp-json\/wp\/v2\/media\/127307"}],"wp:attachment":[{"href":"https:\/\/www.hoymercedes.com.ar\/principal\/wp-json\/wp\/v2\/media?parent=127306"}],"wp:term":[{"taxonomy":"category","embeddable":true,"href":"https:\/\/www.hoymercedes.com.ar\/principal\/wp-json\/wp\/v2\/categories?post=127306"},{"taxonomy":"post_tag","embeddable":true,"href":"https:\/\/www.hoymercedes.com.ar\/principal\/wp-json\/wp\/v2\/tags?post=127306"}],"curies":[{"name":"wp","href":"https:\/\/api.w.org\/{rel}","templated":true}]}}