{"id":127317,"date":"2021-03-31T22:20:00","date_gmt":"2021-04-01T01:20:00","guid":{"rendered":"https:\/\/www.hoymercedes.com.ar\/principal\/?p=127317"},"modified":"2021-03-31T21:55:46","modified_gmt":"2021-04-01T00:55:46","slug":"covid-19-1-fallecido-y-27-positivos-en-mercedes","status":"publish","type":"post","link":"https:\/\/www.hoymercedes.com.ar\/principal\/2021\/03\/31\/covid-19-1-fallecido-y-27-positivos-en-mercedes\/","title":{"rendered":"Covid-19: 1 fallecido y 27 positivos en Mercedes"},"content":{"rendered":"\n<p>Durante la jornada de hoy se lamenta el fallecimiento de un paciente, un hombre de 68 a\u00f1os de edad, portador del virus Sars-cov2 que produce el Covid-19. A su vez en el Laboratorio de Virolog\u00eda Molecular se realizaron 80 testeos de covid, de los cuales 27 dieron positivos, estando sus ra\u00edces identificadas y en alerta desde el Centro de Teleseguimiento Municipal. Por su parte, 10 pacientes obtuvieron el alta y 3061 positivos desde el inicio de la pandemia hace casi un a\u00f1o, siendo 2839 las personas recuperadas, con 14517 testeos realizados hasta la fecha.<\/p>\n\n\n\n<figure class=\"wp-block-image size-large\"><img loading=\"lazy\" decoding=\"async\" width=\"800\" height=\"800\" data-attachment-id=\"127318\" data-permalink=\"https:\/\/www.hoymercedes.com.ar\/principal\/2021\/03\/31\/covid-19-1-fallecido-y-27-positivos-en-mercedes\/31-03-2021\/#main\" data-orig-file=\"https:\/\/www.hoymercedes.com.ar\/principal\/wp-content\/uploads\/2021\/03\/31.03.2021.jpg\" data-orig-size=\"800,800\" data-comments-opened=\"0\" data-image-meta=\"{&quot;aperture&quot;:&quot;0&quot;,&quot;credit&quot;:&quot;&quot;,&quot;camera&quot;:&quot;&quot;,&quot;caption&quot;:&quot;&quot;,&quot;created_timestamp&quot;:&quot;0&quot;,&quot;copyright&quot;:&quot;&quot;,&quot;focal_length&quot;:&quot;0&quot;,&quot;iso&quot;:&quot;0&quot;,&quot;shutter_speed&quot;:&quot;0&quot;,&quot;title&quot;:&quot;&quot;,&quot;orientation&quot;:&quot;0&quot;}\" data-image-title=\"31.03.2021\" data-image-description=\"\" data-image-caption=\"\" data-large-file=\"https:\/\/www.hoymercedes.com.ar\/principal\/wp-content\/uploads\/2021\/03\/31.03.2021.jpg\" src=\"https:\/\/www.hoymercedes.com.ar\/principal\/wp-content\/uploads\/2021\/03\/31.03.2021.jpg\" alt=\"\" class=\"wp-image-127318\" srcset=\"https:\/\/www.hoymercedes.com.ar\/principal\/wp-content\/uploads\/2021\/03\/31.03.2021.jpg 800w, https:\/\/www.hoymercedes.com.ar\/principal\/wp-content\/uploads\/2021\/03\/31.03.2021-620x620.jpg 620w, https:\/\/www.hoymercedes.com.ar\/principal\/wp-content\/uploads\/2021\/03\/31.03.2021-150x150.jpg 150w\" sizes=\"auto, (max-width: 800px) 100vw, 800px\" \/><\/figure>\n","protected":false},"excerpt":{"rendered":"<p>Durante la jornada de hoy se lamenta el fallecimiento de un paciente, un hombre de 68 a\u00f1os de edad, portador &#8230; <a title=\"Covid-19: 1 fallecido y 27 positivos en Mercedes\" class=\"read-more\" href=\"https:\/\/www.hoymercedes.com.ar\/principal\/2021\/03\/31\/covid-19-1-fallecido-y-27-positivos-en-mercedes\/\" aria-label=\"Leer m\u00e1s sobre Covid-19: 1 fallecido y 27 positivos en Mercedes\">Leer m\u00e1s<\/a><\/p>\n","protected":false},"author":1,"featured_media":127318,"comment_status":"closed","ping_status":"open","sticky":false,"template":"","format":"standard","meta":{"_monsterinsights_skip_tracking":false,"_monsterinsights_sitenote_active":false,"_monsterinsights_sitenote_note":"","_monsterinsights_sitenote_category":0,"jetpack_post_was_ever_published":false,"_jetpack_newsletter_access":"","_jetpack_dont_email_post_to_subs":false,"_jetpack_newsletter_tier_id":0,"_jetpack_memberships_contains_paywalled_content":false,"_jetpack_memberships_contains_paid_content":false,"footnotes":"","jetpack_publicize_message":"","jetpack_publicize_feature_enabled":true,"jetpack_social_post_already_shared":true,"jetpack_social_options":{"image_generator_settings":{"template":"highway","default_image_id":0,"font":"","enabled":false},"version":2},"_wpas_customize_per_network":false},"categories":[8],"tags":[17624,16313],"class_list":["post-127317","post","type-post","status-publish","format-standard","has-post-thumbnail","hentry","category-sociedad","tag-covid-en-mercedes","tag-covid-19","generate-columns","tablet-grid-50","mobile-grid-100","grid-parent","grid-50"],"jetpack_publicize_connections":[],"jetpack_featured_media_url":"https:\/\/www.hoymercedes.com.ar\/principal\/wp-content\/uploads\/2021\/03\/31.03.2021.jpg","wps_subtitle":"#Coronavirus","jetpack_sharing_enabled":true,"_links":{"self":[{"href":"https:\/\/www.hoymercedes.com.ar\/principal\/wp-json\/wp\/v2\/posts\/127317","targetHints":{"allow":["GET"]}}],"collection":[{"href":"https:\/\/www.hoymercedes.com.ar\/principal\/wp-json\/wp\/v2\/posts"}],"about":[{"href":"https:\/\/www.hoymercedes.com.ar\/principal\/wp-json\/wp\/v2\/types\/post"}],"author":[{"embeddable":true,"href":"https:\/\/www.hoymercedes.com.ar\/principal\/wp-json\/wp\/v2\/users\/1"}],"replies":[{"embeddable":true,"href":"https:\/\/www.hoymercedes.com.ar\/principal\/wp-json\/wp\/v2\/comments?post=127317"}],"version-history":[{"count":0,"href":"https:\/\/www.hoymercedes.com.ar\/principal\/wp-json\/wp\/v2\/posts\/127317\/revisions"}],"wp:featuredmedia":[{"embeddable":true,"href":"https:\/\/www.hoymercedes.com.ar\/principal\/wp-json\/wp\/v2\/media\/127318"}],"wp:attachment":[{"href":"https:\/\/www.hoymercedes.com.ar\/principal\/wp-json\/wp\/v2\/media?parent=127317"}],"wp:term":[{"taxonomy":"category","embeddable":true,"href":"https:\/\/www.hoymercedes.com.ar\/principal\/wp-json\/wp\/v2\/categories?post=127317"},{"taxonomy":"post_tag","embeddable":true,"href":"https:\/\/www.hoymercedes.com.ar\/principal\/wp-json\/wp\/v2\/tags?post=127317"}],"curies":[{"name":"wp","href":"https:\/\/api.w.org\/{rel}","templated":true}]}}