{"id":127370,"date":"2021-04-01T21:46:45","date_gmt":"2021-04-02T00:46:45","guid":{"rendered":"https:\/\/www.hoymercedes.com.ar\/principal\/?p=127370"},"modified":"2021-04-01T22:04:27","modified_gmt":"2021-04-02T01:04:27","slug":"incendio-en-fabrica-magromer","status":"publish","type":"post","link":"https:\/\/www.hoymercedes.com.ar\/principal\/2021\/04\/01\/incendio-en-fabrica-magromer\/","title":{"rendered":"Incendio en f\u00e1brica Magromer"},"content":{"rendered":"\n<p>#Ahora En la noche del jueves, el cuerpo de Bomberos Voluntarios de Mercedes trabaja en un incendio de magnitud en la f\u00e1brica Magromer ubicada en Acceso Manuel Sanmart\u00edn. Cuatro dotaciones trabajan en el lugar. <\/p>\n\n\n\n<div class=\"wp-block-image\"><figure class=\"aligncenter size-large\"><img loading=\"lazy\" decoding=\"async\" width=\"1024\" height=\"576\" data-attachment-id=\"127385\" data-permalink=\"https:\/\/www.hoymercedes.com.ar\/principal\/2021\/04\/01\/incendio-en-fabrica-magromer\/whatsapp-image-2021-04-01-at-21-59-11\/#main\" data-orig-file=\"https:\/\/www.hoymercedes.com.ar\/principal\/wp-content\/uploads\/2021\/04\/WhatsApp-Image-2021-04-01-at-21.59.11.jpeg\" data-orig-size=\"1280,720\" data-comments-opened=\"0\" data-image-meta=\"{&quot;aperture&quot;:&quot;0&quot;,&quot;credit&quot;:&quot;&quot;,&quot;camera&quot;:&quot;&quot;,&quot;caption&quot;:&quot;&quot;,&quot;created_timestamp&quot;:&quot;0&quot;,&quot;copyright&quot;:&quot;&quot;,&quot;focal_length&quot;:&quot;0&quot;,&quot;iso&quot;:&quot;0&quot;,&quot;shutter_speed&quot;:&quot;0&quot;,&quot;title&quot;:&quot;&quot;,&quot;orientation&quot;:&quot;0&quot;}\" data-image-title=\"WhatsApp-Image-2021-04-01-at-21.59.11\" data-image-description=\"\" data-image-caption=\"\" data-large-file=\"https:\/\/www.hoymercedes.com.ar\/principal\/wp-content\/uploads\/2021\/04\/WhatsApp-Image-2021-04-01-at-21.59.11-1024x576.jpeg\" src=\"https:\/\/www.hoymercedes.com.ar\/principal\/wp-content\/uploads\/2021\/04\/WhatsApp-Image-2021-04-01-at-21.59.11-1024x576.jpeg\" alt=\"\" class=\"wp-image-127385\" srcset=\"https:\/\/www.hoymercedes.com.ar\/principal\/wp-content\/uploads\/2021\/04\/WhatsApp-Image-2021-04-01-at-21.59.11-1024x576.jpeg 1024w, https:\/\/www.hoymercedes.com.ar\/principal\/wp-content\/uploads\/2021\/04\/WhatsApp-Image-2021-04-01-at-21.59.11-630x354.jpeg 630w, https:\/\/www.hoymercedes.com.ar\/principal\/wp-content\/uploads\/2021\/04\/WhatsApp-Image-2021-04-01-at-21.59.11-150x84.jpeg 150w, https:\/\/www.hoymercedes.com.ar\/principal\/wp-content\/uploads\/2021\/04\/WhatsApp-Image-2021-04-01-at-21.59.11.jpeg 1280w\" sizes=\"auto, (max-width: 1024px) 100vw, 1024px\" \/><\/figure><\/div>\n\n\n\n<p>Desde la empresa  se activ\u00f3 el Protocolo con su alarma y la evacuaci\u00f3n. Trabajando en el lugar en un principio la Brigada de emergencia de la f\u00e1brica. <\/p>\n\n\n\n<p>Se hizo presente Luis Bruno, jefe de planta de la f\u00e1brica, mientras los bomberos trabajan en el lugar. En el lugar hay 4 moviles de bomberos, dos autobombas 20 y 29 y otros dos 33 y 35, a cargo de Alejandro Massa<\/p>\n\n\n\n<p>Desde el lugar confirman que no hay heridos, y no hay registros de las p\u00e9rdidas materiales. <\/p>\n\n\n\n<div class=\"wp-block-image\"><figure class=\"aligncenter size-large\"><img loading=\"lazy\" decoding=\"async\" width=\"1024\" height=\"576\" data-attachment-id=\"127378\" data-permalink=\"https:\/\/www.hoymercedes.com.ar\/principal\/2021\/04\/01\/incendio-en-fabrica-magromer\/whatsapp-image-2021-04-01-at-21-40-48\/#main\" data-orig-file=\"https:\/\/www.hoymercedes.com.ar\/principal\/wp-content\/uploads\/2021\/04\/WhatsApp-Image-2021-04-01-at-21.40.48-e1617324353510.jpeg\" data-orig-size=\"800,450\" data-comments-opened=\"0\" data-image-meta=\"{&quot;aperture&quot;:&quot;0&quot;,&quot;credit&quot;:&quot;&quot;,&quot;camera&quot;:&quot;&quot;,&quot;caption&quot;:&quot;&quot;,&quot;created_timestamp&quot;:&quot;0&quot;,&quot;copyright&quot;:&quot;&quot;,&quot;focal_length&quot;:&quot;0&quot;,&quot;iso&quot;:&quot;0&quot;,&quot;shutter_speed&quot;:&quot;0&quot;,&quot;title&quot;:&quot;&quot;,&quot;orientation&quot;:&quot;0&quot;}\" data-image-title=\"WhatsApp Image 2021-04-01 at 21.40.48\" data-image-description=\"\" data-image-caption=\"\" data-large-file=\"https:\/\/www.hoymercedes.com.ar\/principal\/wp-content\/uploads\/2021\/04\/WhatsApp-Image-2021-04-01-at-21.40.48-1024x576.jpeg\" src=\"https:\/\/www.hoymercedes.com.ar\/principal\/wp-content\/uploads\/2021\/04\/WhatsApp-Image-2021-04-01-at-21.40.48-1024x576.jpeg\" alt=\"\" class=\"wp-image-127378\"\/><\/figure><\/div>\n\n\n\n<div class=\"wp-block-image\"><figure class=\"aligncenter size-large\"><img loading=\"lazy\" decoding=\"async\" width=\"576\" height=\"1024\" data-attachment-id=\"127377\" data-permalink=\"https:\/\/www.hoymercedes.com.ar\/principal\/2021\/04\/01\/incendio-en-fabrica-magromer\/whatsapp-image-2021-04-01-at-21-40-47\/#main\" data-orig-file=\"https:\/\/www.hoymercedes.com.ar\/principal\/wp-content\/uploads\/2021\/04\/WhatsApp-Image-2021-04-01-at-21.40.47-e1617324386148.jpeg\" data-orig-size=\"450,800\" data-comments-opened=\"0\" data-image-meta=\"{&quot;aperture&quot;:&quot;0&quot;,&quot;credit&quot;:&quot;&quot;,&quot;camera&quot;:&quot;&quot;,&quot;caption&quot;:&quot;&quot;,&quot;created_timestamp&quot;:&quot;0&quot;,&quot;copyright&quot;:&quot;&quot;,&quot;focal_length&quot;:&quot;0&quot;,&quot;iso&quot;:&quot;0&quot;,&quot;shutter_speed&quot;:&quot;0&quot;,&quot;title&quot;:&quot;&quot;,&quot;orientation&quot;:&quot;0&quot;}\" data-image-title=\"WhatsApp Image 2021-04-01 at 21.40.47\" data-image-description=\"\" data-image-caption=\"\" data-large-file=\"https:\/\/www.hoymercedes.com.ar\/principal\/wp-content\/uploads\/2021\/04\/WhatsApp-Image-2021-04-01-at-21.40.47-576x1024.jpeg\" src=\"https:\/\/www.hoymercedes.com.ar\/principal\/wp-content\/uploads\/2021\/04\/WhatsApp-Image-2021-04-01-at-21.40.47-576x1024.jpeg\" alt=\"\" class=\"wp-image-127377\"\/><\/figure><\/div>\n","protected":false},"excerpt":{"rendered":"<p>#Ahora En la noche del jueves, el cuerpo de Bomberos Voluntarios de Mercedes trabaja en un incendio de magnitud en &#8230; <a title=\"Incendio en f\u00e1brica Magromer\" class=\"read-more\" href=\"https:\/\/www.hoymercedes.com.ar\/principal\/2021\/04\/01\/incendio-en-fabrica-magromer\/\" aria-label=\"Leer m\u00e1s sobre Incendio en f\u00e1brica Magromer\">Leer m\u00e1s<\/a><\/p>\n","protected":false},"author":1,"featured_media":127378,"comment_status":"closed","ping_status":"open","sticky":false,"template":"","format":"standard","meta":{"_monsterinsights_skip_tracking":false,"_monsterinsights_sitenote_active":false,"_monsterinsights_sitenote_note":"","_monsterinsights_sitenote_category":0,"jetpack_post_was_ever_published":false,"_jetpack_newsletter_access":"","_jetpack_dont_email_post_to_subs":false,"_jetpack_newsletter_tier_id":0,"_jetpack_memberships_contains_paywalled_content":false,"_jetpack_memberships_contains_paid_content":false,"footnotes":"","jetpack_publicize_message":"","jetpack_publicize_feature_enabled":true,"jetpack_social_post_already_shared":true,"jetpack_social_options":{"image_generator_settings":{"template":"highway","default_image_id":0,"font":"","enabled":false},"version":2},"_wpas_customize_per_network":false},"categories":[85],"tags":[],"class_list":["post-127370","post","type-post","status-publish","format-standard","has-post-thumbnail","hentry","category-policial","generate-columns","tablet-grid-50","mobile-grid-100","grid-parent","grid-50"],"jetpack_publicize_connections":[],"jetpack_featured_media_url":"https:\/\/www.hoymercedes.com.ar\/principal\/wp-content\/uploads\/2021\/04\/WhatsApp-Image-2021-04-01-at-21.40.48-e1617324353510.jpeg","wps_subtitle":"Noche del jueves","jetpack_sharing_enabled":true,"_links":{"self":[{"href":"https:\/\/www.hoymercedes.com.ar\/principal\/wp-json\/wp\/v2\/posts\/127370","targetHints":{"allow":["GET"]}}],"collection":[{"href":"https:\/\/www.hoymercedes.com.ar\/principal\/wp-json\/wp\/v2\/posts"}],"about":[{"href":"https:\/\/www.hoymercedes.com.ar\/principal\/wp-json\/wp\/v2\/types\/post"}],"author":[{"embeddable":true,"href":"https:\/\/www.hoymercedes.com.ar\/principal\/wp-json\/wp\/v2\/users\/1"}],"replies":[{"embeddable":true,"href":"https:\/\/www.hoymercedes.com.ar\/principal\/wp-json\/wp\/v2\/comments?post=127370"}],"version-history":[{"count":0,"href":"https:\/\/www.hoymercedes.com.ar\/principal\/wp-json\/wp\/v2\/posts\/127370\/revisions"}],"wp:featuredmedia":[{"embeddable":true,"href":"https:\/\/www.hoymercedes.com.ar\/principal\/wp-json\/wp\/v2\/media\/127378"}],"wp:attachment":[{"href":"https:\/\/www.hoymercedes.com.ar\/principal\/wp-json\/wp\/v2\/media?parent=127370"}],"wp:term":[{"taxonomy":"category","embeddable":true,"href":"https:\/\/www.hoymercedes.com.ar\/principal\/wp-json\/wp\/v2\/categories?post=127370"},{"taxonomy":"post_tag","embeddable":true,"href":"https:\/\/www.hoymercedes.com.ar\/principal\/wp-json\/wp\/v2\/tags?post=127370"}],"curies":[{"name":"wp","href":"https:\/\/api.w.org\/{rel}","templated":true}]}}