{"id":127416,"date":"2021-04-02T22:10:00","date_gmt":"2021-04-03T01:10:00","guid":{"rendered":"https:\/\/www.hoymercedes.com.ar\/principal\/?p=127416"},"modified":"2021-04-02T21:51:24","modified_gmt":"2021-04-03T00:51:24","slug":"covid-otros-24-mercedinos-dieron-positivo","status":"publish","type":"post","link":"https:\/\/www.hoymercedes.com.ar\/principal\/2021\/04\/02\/covid-otros-24-mercedinos-dieron-positivo\/","title":{"rendered":"Covid: otros 24 mercedinos dieron positivo"},"content":{"rendered":"\n<p>24 nuevos positivos durante la jornada de hoy tras 54 test analizados en el Laboratorio de Virolog\u00eda Molecular. Por su parte, 9 pacientes obtuvieron el alta y 3092 positivos desde el inicio de la pandemia hace casi un a\u00f1o, siendo 2850 los pacientes recuperados, con 14608 testeos realizados hasta la fecha. El informe resalta que la tasa de ocupaci\u00f3n de camas en el sistema sanitario local es del 60%. <\/p>\n\n\n\n<div class=\"wp-block-image\"><figure class=\"aligncenter size-large\"><img loading=\"lazy\" decoding=\"async\" width=\"800\" height=\"800\" data-attachment-id=\"127417\" data-permalink=\"https:\/\/www.hoymercedes.com.ar\/principal\/2021\/04\/02\/covid-otros-24-mercedinos-dieron-positivo\/02-04-2021\/#main\" data-orig-file=\"https:\/\/www.hoymercedes.com.ar\/principal\/wp-content\/uploads\/2021\/04\/02.04.2021.jpg\" data-orig-size=\"800,800\" data-comments-opened=\"0\" data-image-meta=\"{&quot;aperture&quot;:&quot;0&quot;,&quot;credit&quot;:&quot;&quot;,&quot;camera&quot;:&quot;&quot;,&quot;caption&quot;:&quot;&quot;,&quot;created_timestamp&quot;:&quot;0&quot;,&quot;copyright&quot;:&quot;&quot;,&quot;focal_length&quot;:&quot;0&quot;,&quot;iso&quot;:&quot;0&quot;,&quot;shutter_speed&quot;:&quot;0&quot;,&quot;title&quot;:&quot;&quot;,&quot;orientation&quot;:&quot;0&quot;}\" data-image-title=\"02.04.2021\" data-image-description=\"\" data-image-caption=\"\" data-large-file=\"https:\/\/www.hoymercedes.com.ar\/principal\/wp-content\/uploads\/2021\/04\/02.04.2021.jpg\" src=\"https:\/\/www.hoymercedes.com.ar\/principal\/wp-content\/uploads\/2021\/04\/02.04.2021.jpg\" alt=\"\" class=\"wp-image-127417\" srcset=\"https:\/\/www.hoymercedes.com.ar\/principal\/wp-content\/uploads\/2021\/04\/02.04.2021.jpg 800w, https:\/\/www.hoymercedes.com.ar\/principal\/wp-content\/uploads\/2021\/04\/02.04.2021-620x620.jpg 620w, https:\/\/www.hoymercedes.com.ar\/principal\/wp-content\/uploads\/2021\/04\/02.04.2021-150x150.jpg 150w\" sizes=\"auto, (max-width: 800px) 100vw, 800px\" \/><\/figure><\/div>\n","protected":false},"excerpt":{"rendered":"<p>24 nuevos positivos durante la jornada de hoy tras 54 test analizados en el Laboratorio de Virolog\u00eda Molecular. Por su &#8230; <a title=\"Covid: otros 24 mercedinos dieron positivo\" class=\"read-more\" href=\"https:\/\/www.hoymercedes.com.ar\/principal\/2021\/04\/02\/covid-otros-24-mercedinos-dieron-positivo\/\" aria-label=\"Leer m\u00e1s sobre Covid: otros 24 mercedinos dieron positivo\">Leer m\u00e1s<\/a><\/p>\n","protected":false},"author":1,"featured_media":127417,"comment_status":"closed","ping_status":"open","sticky":false,"template":"","format":"standard","meta":{"_monsterinsights_skip_tracking":false,"_monsterinsights_sitenote_active":false,"_monsterinsights_sitenote_note":"","_monsterinsights_sitenote_category":0,"jetpack_post_was_ever_published":false,"_jetpack_newsletter_access":"","_jetpack_dont_email_post_to_subs":false,"_jetpack_newsletter_tier_id":0,"_jetpack_memberships_contains_paywalled_content":false,"_jetpack_memberships_contains_paid_content":false,"footnotes":"","jetpack_publicize_message":"","jetpack_publicize_feature_enabled":true,"jetpack_social_post_already_shared":true,"jetpack_social_options":{"image_generator_settings":{"template":"highway","default_image_id":0,"font":"","enabled":false},"version":2},"_wpas_customize_per_network":false},"categories":[9791],"tags":[17624],"class_list":["post-127416","post","type-post","status-publish","format-standard","has-post-thumbnail","hentry","category-salud","tag-covid-en-mercedes","generate-columns","tablet-grid-50","mobile-grid-100","grid-parent","grid-50"],"jetpack_publicize_connections":[],"jetpack_featured_media_url":"https:\/\/www.hoymercedes.com.ar\/principal\/wp-content\/uploads\/2021\/04\/02.04.2021.jpg","wps_subtitle":"#Coronavirus en Mercees","jetpack_sharing_enabled":true,"jetpack-related-posts":[{"id":122383,"url":"https:\/\/www.hoymercedes.com.ar\/principal\/2020\/12\/24\/suben-los-casos-positivos-confirman-36-pacientes-con-covid\/","url_meta":{"origin":127416,"position":0},"title":"Suben los casos positivos: confirman 36 pacientes con covid","author":"hoymercedes","date":"24 diciembre, 2020","format":false,"excerpt":"La situaci\u00f3n epidemiol\u00f3gica en Mercedes se complica. Este jueves 24 de diciembre, ls autoridades sanitarias confirmaron 36 casos positivos de covid-19. Con esta cifra son 111 los pacientes con el Sars-cov2.","rel":"","context":"En \u00abSalud\u00bb","block_context":{"text":"Salud","link":"https:\/\/www.hoymercedes.com.ar\/principal\/category\/salud\/"},"img":{"alt_text":"","src":"https:\/\/i0.wp.com\/www.hoymercedes.com.ar\/principal\/wp-content\/uploads\/2020\/12\/IMG-20201224-WA0028.jpg?resize=350%2C200&ssl=1","width":350,"height":200,"srcset":"https:\/\/i0.wp.com\/www.hoymercedes.com.ar\/principal\/wp-content\/uploads\/2020\/12\/IMG-20201224-WA0028.jpg?resize=350%2C200&ssl=1 1x, https:\/\/i0.wp.com\/www.hoymercedes.com.ar\/principal\/wp-content\/uploads\/2020\/12\/IMG-20201224-WA0028.jpg?resize=525%2C300&ssl=1 1.5x, https:\/\/i0.wp.com\/www.hoymercedes.com.ar\/principal\/wp-content\/uploads\/2020\/12\/IMG-20201224-WA0028.jpg?resize=700%2C400&ssl=1 2x"},"classes":[]},{"id":126055,"url":"https:\/\/www.hoymercedes.com.ar\/principal\/2021\/03\/09\/ocho-pacientes-recibieron-sus-resultados-positivos-de-covid\/","url_meta":{"origin":127416,"position":1},"title":"Ocho pacientes recibieron sus resultados positivos de covid","author":"hoymercedes","date":"9 marzo, 2021","format":false,"excerpt":"En la informaci\u00f3n epidemiol\u00f3gica oficial enviada este martes confirman 8 nuevos casos positivos entre los 69 an\u00e1lisis procesados en el d\u00eda de la fecha. Asimismo, informaron 7 pacientes obtuvieron el alta en el d\u00eda de la fecha.","rel":"","context":"En \u00abSalud\u00bb","block_context":{"text":"Salud","link":"https:\/\/www.hoymercedes.com.ar\/principal\/category\/salud\/"},"img":{"alt_text":"","src":"https:\/\/i0.wp.com\/www.hoymercedes.com.ar\/principal\/wp-content\/uploads\/2021\/03\/WhatsApp-Image-2021-03-09-at-22.05.13.jpeg?resize=350%2C200&ssl=1","width":350,"height":200,"srcset":"https:\/\/i0.wp.com\/www.hoymercedes.com.ar\/principal\/wp-content\/uploads\/2021\/03\/WhatsApp-Image-2021-03-09-at-22.05.13.jpeg?resize=350%2C200&ssl=1 1x, https:\/\/i0.wp.com\/www.hoymercedes.com.ar\/principal\/wp-content\/uploads\/2021\/03\/WhatsApp-Image-2021-03-09-at-22.05.13.jpeg?resize=525%2C300&ssl=1 1.5x, https:\/\/i0.wp.com\/www.hoymercedes.com.ar\/principal\/wp-content\/uploads\/2021\/03\/WhatsApp-Image-2021-03-09-at-22.05.13.jpeg?resize=700%2C400&ssl=1 2x"},"classes":[]},{"id":126876,"url":"https:\/\/www.hoymercedes.com.ar\/principal\/2021\/03\/23\/siguen-creciendo-los-positivos-en-mercedes-11-nuevos-pacientes-con-covid\/","url_meta":{"origin":127416,"position":2},"title":"Siguen creciendo los positivos en Mercedes: 11 nuevos pacientes con covid","author":"hoymercedes","date":"23 marzo, 2021","format":false,"excerpt":"El informe epidemiol\u00f3gico en Mercedes de este 23 de marzo, confirma el procesamiento de 74 nuevos an\u00e1lisis de los cuales 11 pacientes resultaron positivos de covid-19. Asimismo, informaron que 10 pacientes obtuvieron el alta en el d\u00eda de la fecha. Alcanzando 82 casos activos por estos d\u00edas.","rel":"","context":"En \u00abSociedad\u00bb","block_context":{"text":"Sociedad","link":"https:\/\/www.hoymercedes.com.ar\/principal\/category\/sociedad\/"},"img":{"alt_text":"","src":"https:\/\/i0.wp.com\/www.hoymercedes.com.ar\/principal\/wp-content\/uploads\/2021\/03\/WhatsApp-Image-2021-03-23-at-22.06.41.jpeg?resize=350%2C200&ssl=1","width":350,"height":200,"srcset":"https:\/\/i0.wp.com\/www.hoymercedes.com.ar\/principal\/wp-content\/uploads\/2021\/03\/WhatsApp-Image-2021-03-23-at-22.06.41.jpeg?resize=350%2C200&ssl=1 1x, https:\/\/i0.wp.com\/www.hoymercedes.com.ar\/principal\/wp-content\/uploads\/2021\/03\/WhatsApp-Image-2021-03-23-at-22.06.41.jpeg?resize=525%2C300&ssl=1 1.5x, https:\/\/i0.wp.com\/www.hoymercedes.com.ar\/principal\/wp-content\/uploads\/2021\/03\/WhatsApp-Image-2021-03-23-at-22.06.41.jpeg?resize=700%2C400&ssl=1 2x"},"classes":[]},{"id":124665,"url":"https:\/\/www.hoymercedes.com.ar\/principal\/2021\/02\/11\/quince-positivos-mas-se-suman-a-los-pacientes-con-covid-en-mercedes\/","url_meta":{"origin":127416,"position":3},"title":"Quince positivos m\u00e1s se suman a los pacientes con covid en Mercedes","author":"hoymercedes","date":"11 febrero, 2021","format":false,"excerpt":"El parte diario con la informaci\u00f3n epidemiol\u00f3gica de Mercedes confirma que son 15 los nuevos pacientes cuyos resultados de sus hisopados dieron positivo, entre los 54 an\u00e1lisis que se procesaron en el d\u00eda de la fecha. Asimismo, informan que 10 pacientes fueron dados de alta de acuerdo a los protocolos\u2026","rel":"","context":"En \u00abSalud\u00bb","block_context":{"text":"Salud","link":"https:\/\/www.hoymercedes.com.ar\/principal\/category\/salud\/"},"img":{"alt_text":"","src":"https:\/\/i0.wp.com\/www.hoymercedes.com.ar\/principal\/wp-content\/uploads\/2021\/02\/WhatsApp-Image-2021-02-11-at-21.29.25.jpeg?resize=350%2C200&ssl=1","width":350,"height":200,"srcset":"https:\/\/i0.wp.com\/www.hoymercedes.com.ar\/principal\/wp-content\/uploads\/2021\/02\/WhatsApp-Image-2021-02-11-at-21.29.25.jpeg?resize=350%2C200&ssl=1 1x, https:\/\/i0.wp.com\/www.hoymercedes.com.ar\/principal\/wp-content\/uploads\/2021\/02\/WhatsApp-Image-2021-02-11-at-21.29.25.jpeg?resize=525%2C300&ssl=1 1.5x, https:\/\/i0.wp.com\/www.hoymercedes.com.ar\/principal\/wp-content\/uploads\/2021\/02\/WhatsApp-Image-2021-02-11-at-21.29.25.jpeg?resize=700%2C400&ssl=1 2x"},"classes":[]},{"id":125766,"url":"https:\/\/www.hoymercedes.com.ar\/principal\/2021\/03\/04\/once-positivos-se-suman-a-los-pacientes-con-covid-en-mercedes\/","url_meta":{"origin":127416,"position":4},"title":"Once positivos se suman a los pacientes con covid en Mercedes","author":"hoymercedes","date":"4 marzo, 2021","format":false,"excerpt":"El parte del d\u00eda con la informaci\u00f3n epidemiol\u00f3gica de Mercedes confirma que son 11 los pacientes que recibieron el resultado positivo de covid-19 entre los 44 an\u00e1lisis procesados en la jornada de este jueves. Adem\u00e1s, informan que 9 pacientes obtuvieron el alta de acuerdo al protocolo vigente.","rel":"","context":"En \u00abSalud\u00bb","block_context":{"text":"Salud","link":"https:\/\/www.hoymercedes.com.ar\/principal\/category\/salud\/"},"img":{"alt_text":"","src":"https:\/\/i0.wp.com\/www.hoymercedes.com.ar\/principal\/wp-content\/uploads\/2021\/03\/WhatsApp-Image-2021-03-04-at-21.19.52.jpeg?resize=350%2C200&ssl=1","width":350,"height":200,"srcset":"https:\/\/i0.wp.com\/www.hoymercedes.com.ar\/principal\/wp-content\/uploads\/2021\/03\/WhatsApp-Image-2021-03-04-at-21.19.52.jpeg?resize=350%2C200&ssl=1 1x, https:\/\/i0.wp.com\/www.hoymercedes.com.ar\/principal\/wp-content\/uploads\/2021\/03\/WhatsApp-Image-2021-03-04-at-21.19.52.jpeg?resize=525%2C300&ssl=1 1.5x, https:\/\/i0.wp.com\/www.hoymercedes.com.ar\/principal\/wp-content\/uploads\/2021\/03\/WhatsApp-Image-2021-03-04-at-21.19.52.jpeg?resize=700%2C400&ssl=1 2x"},"classes":[]},{"id":124922,"url":"https:\/\/www.hoymercedes.com.ar\/principal\/2021\/02\/16\/covid-son-21-los-nuevos-casos-positivos-en-mercedes\/","url_meta":{"origin":127416,"position":5},"title":"Covid: Son 21 los nuevos casos positivos en Mercedes","author":"hoymercedes","date":"16 febrero, 2021","format":false,"excerpt":"El parte diario con la informaci\u00f3n epidemiol\u00f3gica confirma que son 21 los pacientes con positivos de covid-19 en el d\u00eda de la fecha entre los 47 nuevos an\u00e1lisis procesados este martes. Asimismo, informan que son 11 los pacientes que obtuvieron el alta de acuerdo a los protocolos vigentes. Con estas\u2026","rel":"","context":"En \u00abSalud\u00bb","block_context":{"text":"Salud","link":"https:\/\/www.hoymercedes.com.ar\/principal\/category\/salud\/"},"img":{"alt_text":"","src":"https:\/\/i0.wp.com\/www.hoymercedes.com.ar\/principal\/wp-content\/uploads\/2021\/02\/WhatsApp-Image-2021-02-16-at-21.51.51.jpeg?resize=350%2C200&ssl=1","width":350,"height":200,"srcset":"https:\/\/i0.wp.com\/www.hoymercedes.com.ar\/principal\/wp-content\/uploads\/2021\/02\/WhatsApp-Image-2021-02-16-at-21.51.51.jpeg?resize=350%2C200&ssl=1 1x, https:\/\/i0.wp.com\/www.hoymercedes.com.ar\/principal\/wp-content\/uploads\/2021\/02\/WhatsApp-Image-2021-02-16-at-21.51.51.jpeg?resize=525%2C300&ssl=1 1.5x, https:\/\/i0.wp.com\/www.hoymercedes.com.ar\/principal\/wp-content\/uploads\/2021\/02\/WhatsApp-Image-2021-02-16-at-21.51.51.jpeg?resize=700%2C400&ssl=1 2x, https:\/\/i0.wp.com\/www.hoymercedes.com.ar\/principal\/wp-content\/uploads\/2021\/02\/WhatsApp-Image-2021-02-16-at-21.51.51.jpeg?resize=1050%2C600&ssl=1 3x"},"classes":[]}],"_links":{"self":[{"href":"https:\/\/www.hoymercedes.com.ar\/principal\/wp-json\/wp\/v2\/posts\/127416","targetHints":{"allow":["GET"]}}],"collection":[{"href":"https:\/\/www.hoymercedes.com.ar\/principal\/wp-json\/wp\/v2\/posts"}],"about":[{"href":"https:\/\/www.hoymercedes.com.ar\/principal\/wp-json\/wp\/v2\/types\/post"}],"author":[{"embeddable":true,"href":"https:\/\/www.hoymercedes.com.ar\/principal\/wp-json\/wp\/v2\/users\/1"}],"replies":[{"embeddable":true,"href":"https:\/\/www.hoymercedes.com.ar\/principal\/wp-json\/wp\/v2\/comments?post=127416"}],"version-history":[{"count":0,"href":"https:\/\/www.hoymercedes.com.ar\/principal\/wp-json\/wp\/v2\/posts\/127416\/revisions"}],"wp:featuredmedia":[{"embeddable":true,"href":"https:\/\/www.hoymercedes.com.ar\/principal\/wp-json\/wp\/v2\/media\/127417"}],"wp:attachment":[{"href":"https:\/\/www.hoymercedes.com.ar\/principal\/wp-json\/wp\/v2\/media?parent=127416"}],"wp:term":[{"taxonomy":"category","embeddable":true,"href":"https:\/\/www.hoymercedes.com.ar\/principal\/wp-json\/wp\/v2\/categories?post=127416"},{"taxonomy":"post_tag","embeddable":true,"href":"https:\/\/www.hoymercedes.com.ar\/principal\/wp-json\/wp\/v2\/tags?post=127416"}],"curies":[{"name":"wp","href":"https:\/\/api.w.org\/{rel}","templated":true}]}}