{"id":127547,"date":"2021-04-05T15:36:00","date_gmt":"2021-04-05T18:36:00","guid":{"rendered":"https:\/\/www.hoymercedes.com.ar\/principal\/?p=127547"},"modified":"2021-04-05T10:25:07","modified_gmt":"2021-04-05T13:25:07","slug":"inauguran-mas-infraestructura-en-jofre-y-hospedaje-completo-el-finde-largo","status":"publish","type":"post","link":"https:\/\/www.hoymercedes.com.ar\/principal\/2021\/04\/05\/inauguran-mas-infraestructura-en-jofre-y-hospedaje-completo-el-finde-largo\/","title":{"rendered":"Inauguran m\u00e1s infraestructura en Jofr\u00e9 y hospedaje completo el finde largo"},"content":{"rendered":"\n<figure class=\"wp-block-image size-large\"><img loading=\"lazy\" decoding=\"async\" width=\"1024\" height=\"576\" data-attachment-id=\"127548\" data-permalink=\"https:\/\/www.hoymercedes.com.ar\/principal\/2021\/04\/05\/inauguran-mas-infraestructura-en-jofre-y-hospedaje-completo-el-finde-largo\/58a8ac03-346c-4987-a51e-e19b7154edc7\/#main\" data-orig-file=\"https:\/\/www.hoymercedes.com.ar\/principal\/wp-content\/uploads\/2021\/04\/58a8ac03-346c-4987-a51e-e19b7154edc7.jpg\" data-orig-size=\"1032,581\" data-comments-opened=\"0\" data-image-meta=\"{&quot;aperture&quot;:&quot;0&quot;,&quot;credit&quot;:&quot;&quot;,&quot;camera&quot;:&quot;&quot;,&quot;caption&quot;:&quot;&quot;,&quot;created_timestamp&quot;:&quot;0&quot;,&quot;copyright&quot;:&quot;&quot;,&quot;focal_length&quot;:&quot;0&quot;,&quot;iso&quot;:&quot;0&quot;,&quot;shutter_speed&quot;:&quot;0&quot;,&quot;title&quot;:&quot;&quot;,&quot;orientation&quot;:&quot;0&quot;}\" data-image-title=\"58a8ac03-346c-4987-a51e-e19b7154edc7\" data-image-description=\"\" data-image-caption=\"\" data-large-file=\"https:\/\/www.hoymercedes.com.ar\/principal\/wp-content\/uploads\/2021\/04\/58a8ac03-346c-4987-a51e-e19b7154edc7-1024x576.jpg\" src=\"https:\/\/www.hoymercedes.com.ar\/principal\/wp-content\/uploads\/2021\/04\/58a8ac03-346c-4987-a51e-e19b7154edc7-1024x576.jpg\" alt=\"\" class=\"wp-image-127548\" srcset=\"https:\/\/www.hoymercedes.com.ar\/principal\/wp-content\/uploads\/2021\/04\/58a8ac03-346c-4987-a51e-e19b7154edc7-1024x576.jpg 1024w, https:\/\/www.hoymercedes.com.ar\/principal\/wp-content\/uploads\/2021\/04\/58a8ac03-346c-4987-a51e-e19b7154edc7-630x355.jpg 630w, https:\/\/www.hoymercedes.com.ar\/principal\/wp-content\/uploads\/2021\/04\/58a8ac03-346c-4987-a51e-e19b7154edc7-150x84.jpg 150w, https:\/\/www.hoymercedes.com.ar\/principal\/wp-content\/uploads\/2021\/04\/58a8ac03-346c-4987-a51e-e19b7154edc7.jpg 1032w\" sizes=\"auto, (max-width: 1024px) 100vw, 1024px\" \/><\/figure>\n\n\n\n<p><br>Desde la Direcci\u00f3n de Turismo inaugur\u00f3 un nuevo espacio de promoci\u00f3n del trabajo mercedinos. Desde este fin de semana largo en la plaza central, Domingo Silvano, de Tom\u00e1s Jofr\u00e9, se puede ver el nuevo puesto de exposici\u00f3n y venta de productos bien mercedinos: salame quintero, galleta de campo, quesos, cerveza artesanal, entre otras exquisiteces. \u201cPromueve y fomenta el trabajo, expone nuestras excelentes gastronom\u00edas y humildemente potencia nuestra econom\u00eda local\u201d coment\u00f3 Mart\u00edn Boragno.<\/p>\n\n\n\n<p><br>M\u00e1s adelante el director de turismo y comercio afirm\u00f3 que \u201csabemos que si el turista ve las excelentes producciones locales se tienta, como nos pasa a todos, por eso esta promoci\u00f3n es muy importante.La venta genera trabajo y es trabajo mercedino\u201d, dijo el funcionario y coment\u00f3 \u201cpor eso con una gran tarea de las y los trabajadores montar este puesto central que est\u00e1 a disposici\u00f3n de los referentes locales\u201d coment\u00f3.<\/p>\n\n\n\n<figure class=\"wp-block-image size-large\"><img loading=\"lazy\" decoding=\"async\" width=\"1024\" height=\"576\" data-attachment-id=\"127549\" data-permalink=\"https:\/\/www.hoymercedes.com.ar\/principal\/2021\/04\/05\/inauguran-mas-infraestructura-en-jofre-y-hospedaje-completo-el-finde-largo\/4cd770a6-f3a5-4c9f-81d9-73217ffbfcb5\/#main\" data-orig-file=\"https:\/\/www.hoymercedes.com.ar\/principal\/wp-content\/uploads\/2021\/04\/4cd770a6-f3a5-4c9f-81d9-73217ffbfcb5.jpg\" data-orig-size=\"1032,581\" data-comments-opened=\"0\" data-image-meta=\"{&quot;aperture&quot;:&quot;0&quot;,&quot;credit&quot;:&quot;&quot;,&quot;camera&quot;:&quot;&quot;,&quot;caption&quot;:&quot;&quot;,&quot;created_timestamp&quot;:&quot;0&quot;,&quot;copyright&quot;:&quot;&quot;,&quot;focal_length&quot;:&quot;0&quot;,&quot;iso&quot;:&quot;0&quot;,&quot;shutter_speed&quot;:&quot;0&quot;,&quot;title&quot;:&quot;&quot;,&quot;orientation&quot;:&quot;0&quot;}\" data-image-title=\"4cd770a6-f3a5-4c9f-81d9-73217ffbfcb5\" data-image-description=\"\" data-image-caption=\"\" data-large-file=\"https:\/\/www.hoymercedes.com.ar\/principal\/wp-content\/uploads\/2021\/04\/4cd770a6-f3a5-4c9f-81d9-73217ffbfcb5-1024x576.jpg\" src=\"https:\/\/www.hoymercedes.com.ar\/principal\/wp-content\/uploads\/2021\/04\/4cd770a6-f3a5-4c9f-81d9-73217ffbfcb5-1024x576.jpg\" alt=\"\" class=\"wp-image-127549\" srcset=\"https:\/\/www.hoymercedes.com.ar\/principal\/wp-content\/uploads\/2021\/04\/4cd770a6-f3a5-4c9f-81d9-73217ffbfcb5-1024x576.jpg 1024w, https:\/\/www.hoymercedes.com.ar\/principal\/wp-content\/uploads\/2021\/04\/4cd770a6-f3a5-4c9f-81d9-73217ffbfcb5-630x355.jpg 630w, https:\/\/www.hoymercedes.com.ar\/principal\/wp-content\/uploads\/2021\/04\/4cd770a6-f3a5-4c9f-81d9-73217ffbfcb5-150x84.jpg 150w, https:\/\/www.hoymercedes.com.ar\/principal\/wp-content\/uploads\/2021\/04\/4cd770a6-f3a5-4c9f-81d9-73217ffbfcb5.jpg 1032w\" sizes=\"auto, (max-width: 1024px) 100vw, 1024px\" \/><\/figure>\n\n\n\n<p><br>Por otro lado, al igual que el fin de semana de carnaval, Mercedes tuvo capacidad llena de plazas de hospedaje el fin de semana largo. \u201cNuevamente es una gran noticia, porque genera trabajo, algo fundamental\u201d afirm\u00f3 Boragno.<\/p>\n\n\n\n<p><br>Tambi\u00e9n Tom\u00e1s Jofr\u00e9, como polo gastron\u00f3mico, hace meses que viene con una asistencia muy destacada, fomentando el trabajo local y la apertura protocolizada de los restaurantes con excelentes resultados, visitas que adem\u00e1s impactan en el paseo de artesanos.<\/p>\n\n\n\n<p><br>\u201cSin duda estamos muy bien posicionados como plaza de turismo rural, micro turismo, gastronom\u00eda y aire libre\u201d coment\u00f3 el director de turismo y dijo que \u201cporque adem\u00e1s de Jofr\u00e9 est\u00e1 la tranquilidad y belleza de Altamira, el Parque, los clubes y piletas, el Aeroclub, el casco hist\u00f3rico, sin duda tenemos mucho para ofrecer y cada vez m\u00e1s personas lo saben y disfrutan en cada visita\u201d narr\u00f3.<\/p>\n\n\n\n<p><br>Destac\u00f3 que \u201cpara esto nos hab\u00edamos preparados durante el 2020. Con cursos, capacitaciones, intervenciones socio sanitarias, contando con subsidios y apoyos de Naci\u00f3n y Provincia y la firme decisi\u00f3n de nuestro intendente Ustarroz de nunca bajar los brazos y seguir apostando a la creatividad, producci\u00f3n y talento mercedino en todos sus aspectos\u201d coment\u00f3 el director de turismo.<\/p>\n\n\n\n<p><br>El fin de semana largo para Mercedes fue muy bueno. Con reservas de hospedajes, asistencia restaurantes y ferias al aire libre protocolizadas.<\/p>\n\n\n\n<p><\/p>\n","protected":false},"excerpt":{"rendered":"<p>Desde la Direcci\u00f3n de Turismo inaugur\u00f3 un nuevo espacio de promoci\u00f3n del trabajo mercedinos. Desde este fin de semana largo &#8230; <a title=\"Inauguran m\u00e1s infraestructura en Jofr\u00e9 y hospedaje completo el finde largo\" class=\"read-more\" href=\"https:\/\/www.hoymercedes.com.ar\/principal\/2021\/04\/05\/inauguran-mas-infraestructura-en-jofre-y-hospedaje-completo-el-finde-largo\/\" aria-label=\"Leer m\u00e1s sobre Inauguran m\u00e1s infraestructura en Jofr\u00e9 y hospedaje completo el finde largo\">Leer m\u00e1s<\/a><\/p>\n","protected":false},"author":1,"featured_media":127548,"comment_status":"closed","ping_status":"open","sticky":false,"template":"","format":"standard","meta":{"_monsterinsights_skip_tracking":false,"_monsterinsights_sitenote_active":false,"_monsterinsights_sitenote_note":"","_monsterinsights_sitenote_category":0,"jetpack_post_was_ever_published":false,"_jetpack_newsletter_access":"","_jetpack_dont_email_post_to_subs":false,"_jetpack_newsletter_tier_id":0,"_jetpack_memberships_contains_paywalled_content":false,"_jetpack_memberships_contains_paid_content":false,"footnotes":"","jetpack_publicize_message":"","jetpack_publicize_feature_enabled":true,"jetpack_social_post_already_shared":true,"jetpack_social_options":{"image_generator_settings":{"template":"highway","default_image_id":0,"font":"","enabled":false},"version":2},"_wpas_customize_per_network":false},"categories":[30],"tags":[16262],"class_list":["post-127547","post","type-post","status-publish","format-standard","has-post-thumbnail","hentry","category-municipio","tag-tomas-jofre-2","generate-columns","tablet-grid-50","mobile-grid-100","grid-parent","grid-50"],"jetpack_publicize_connections":[],"jetpack_featured_media_url":"https:\/\/www.hoymercedes.com.ar\/principal\/wp-content\/uploads\/2021\/04\/58a8ac03-346c-4987-a51e-e19b7154edc7.jpg","wps_subtitle":"Turismo rural en Mercedes ","jetpack_sharing_enabled":true,"jetpack-related-posts":[{"id":127850,"url":"https:\/\/www.hoymercedes.com.ar\/principal\/2021\/04\/10\/mercadito-de-campo-todos-los-domingos-en-tomas-jofre\/","url_meta":{"origin":127547,"position":0},"title":"\u201cMercadito de campo\u201d, todos los domingos en Tom\u00e1s Jofr\u00e9","author":"hoymercedes","date":"10 abril, 2021","format":false,"excerpt":"La Municipalidad de Mercedes dio inicio a una nueva propuesta que tiene como destinatarios a los mercedinos y tambi\u00e9n a aquellos for\u00e1neos que visitan Tom\u00e1s Jofr\u00e9 todos los domingos. \u00a0 El \u00faltimo fin de semana vio la luz \u201cMercadito de campo\u201d, una idea surgida desde la Direcci\u00f3n de Producci\u00f3n junto\u2026","rel":"","context":"En \u00abMunicipio\u00bb","block_context":{"text":"Municipio","link":"https:\/\/www.hoymercedes.com.ar\/principal\/category\/municipio\/"},"img":{"alt_text":"","src":"https:\/\/i0.wp.com\/www.hoymercedes.com.ar\/principal\/wp-content\/uploads\/2021\/04\/DSCF5700.jpg?resize=350%2C200&ssl=1","width":350,"height":200,"srcset":"https:\/\/i0.wp.com\/www.hoymercedes.com.ar\/principal\/wp-content\/uploads\/2021\/04\/DSCF5700.jpg?resize=350%2C200&ssl=1 1x, https:\/\/i0.wp.com\/www.hoymercedes.com.ar\/principal\/wp-content\/uploads\/2021\/04\/DSCF5700.jpg?resize=525%2C300&ssl=1 1.5x"},"classes":[]},{"id":78362,"url":"https:\/\/www.hoymercedes.com.ar\/principal\/2018\/07\/08\/domingo-de-promocion-turistica-entretenimientos-y-diversion-en-tomas-jofre\/","url_meta":{"origin":127547,"position":1},"title":"Domingo de promoci\u00f3n tur\u00edstica, entretenimientos y diversi\u00f3n en Tom\u00e1s Jofr\u00e9","author":"hoymercedes","date":"8 julio, 2018","format":false,"excerpt":"Durante la jornada de este domingo se pudo disfrutar en Tom\u00e1s Jofr\u00e9 de propuestas orientadas al turismo, pero tambi\u00e9n a los mercedinos que aprovecharon la salida del Sol para hacer una actividad familiar. All\u00ed, con una carpa montada desde la Direcci\u00f3n de Turismo, se pudo disfrutar de m\u00fasica, juegos y\u2026","rel":"","context":"En \u00abMunicipio\u00bb","block_context":{"text":"Municipio","link":"https:\/\/www.hoymercedes.com.ar\/principal\/category\/municipio\/"},"img":{"alt_text":"","src":"https:\/\/i0.wp.com\/www.hoymercedes.com.ar\/principal\/wp-content\/uploads\/2018\/07\/AdrianManassi-EspigadeOro.jpeg?resize=350%2C200&ssl=1","width":350,"height":200,"srcset":"https:\/\/i0.wp.com\/www.hoymercedes.com.ar\/principal\/wp-content\/uploads\/2018\/07\/AdrianManassi-EspigadeOro.jpeg?resize=350%2C200&ssl=1 1x, https:\/\/i0.wp.com\/www.hoymercedes.com.ar\/principal\/wp-content\/uploads\/2018\/07\/AdrianManassi-EspigadeOro.jpeg?resize=525%2C300&ssl=1 1.5x, https:\/\/i0.wp.com\/www.hoymercedes.com.ar\/principal\/wp-content\/uploads\/2018\/07\/AdrianManassi-EspigadeOro.jpeg?resize=700%2C400&ssl=1 2x"},"classes":[]},{"id":134471,"url":"https:\/\/www.hoymercedes.com.ar\/principal\/2021\/08\/01\/la-estacion-de-tomas-jofre-abierta-para-el-turismo-cultural\/","url_meta":{"origin":127547,"position":2},"title":"La Estaci\u00f3n de Tom\u00e1s Jofr\u00e9 abierta para el turismo cultural","author":"hoymercedes","date":"1 agosto, 2021","format":false,"excerpt":"Por Prensa Municipal - La Estaci\u00f3n Jofr\u00e9 fue oficialmente abierta al pueblo y el turismo en un encuentro en el que se anunci\u00f3 una gran inversi\u00f3n junto a Trenes Argentinos y se present\u00f3 el anteproyecto aprobado para construir una nueva estaci\u00f3n. El edificio hist\u00f3rico, jerarquizado, embellecido, se buscar\u00e1 se convierte\u2026","rel":"","context":"En \u00abMunicipio\u00bb","block_context":{"text":"Municipio","link":"https:\/\/www.hoymercedes.com.ar\/principal\/category\/municipio\/"},"img":{"alt_text":"","src":"https:\/\/i0.wp.com\/www.hoymercedes.com.ar\/principal\/wp-content\/uploads\/2021\/08\/DSC09927.jpg?resize=350%2C200&ssl=1","width":350,"height":200,"srcset":"https:\/\/i0.wp.com\/www.hoymercedes.com.ar\/principal\/wp-content\/uploads\/2021\/08\/DSC09927.jpg?resize=350%2C200&ssl=1 1x, https:\/\/i0.wp.com\/www.hoymercedes.com.ar\/principal\/wp-content\/uploads\/2021\/08\/DSC09927.jpg?resize=525%2C300&ssl=1 1.5x, https:\/\/i0.wp.com\/www.hoymercedes.com.ar\/principal\/wp-content\/uploads\/2021\/08\/DSC09927.jpg?resize=700%2C400&ssl=1 2x"},"classes":[]},{"id":127535,"url":"https:\/\/www.hoymercedes.com.ar\/principal\/2021\/04\/05\/arte-y-expo-paseo-del-jacaranda-llego-a-jofre-con-gran-aceptacion\/","url_meta":{"origin":127547,"position":3},"title":"Arte y expo: \u201cpaseo del Jacaranda\u201d lleg\u00f3 a Jofr\u00e9 con gran aceptaci\u00f3n","author":"hoymercedes","date":"5 abril, 2021","format":false,"excerpt":"En el marco de un fin de semana largo con gran cantidad de asistencia del turismo rural propuesto desde nuestra ciudad se llev\u00f3 a cabo un nuevo paseo del arte conocido como \"Paseo del jacarand\u00e1\". Tuvo una excelente recepci\u00f3n por parte de la asistenica. En esta ocasi\u00f3n el Paseo con\u2026","rel":"","context":"En \u00abCultura\u00bb","block_context":{"text":"Cultura","link":"https:\/\/www.hoymercedes.com.ar\/principal\/category\/cultura\/"},"img":{"alt_text":"","src":"https:\/\/i0.wp.com\/www.hoymercedes.com.ar\/principal\/wp-content\/uploads\/2021\/04\/DSCF5715.jpg?resize=350%2C200&ssl=1","width":350,"height":200,"srcset":"https:\/\/i0.wp.com\/www.hoymercedes.com.ar\/principal\/wp-content\/uploads\/2021\/04\/DSCF5715.jpg?resize=350%2C200&ssl=1 1x, https:\/\/i0.wp.com\/www.hoymercedes.com.ar\/principal\/wp-content\/uploads\/2021\/04\/DSCF5715.jpg?resize=525%2C300&ssl=1 1.5x, https:\/\/i0.wp.com\/www.hoymercedes.com.ar\/principal\/wp-content\/uploads\/2021\/04\/DSCF5715.jpg?resize=700%2C400&ssl=1 2x"},"classes":[]},{"id":151613,"url":"https:\/\/www.hoymercedes.com.ar\/principal\/2022\/08\/06\/arranco-la-5o-fiesta-de-la-galleta-de-campo-en-jofre\/","url_meta":{"origin":127547,"position":4},"title":"Arranc\u00f3 la 5\u00ba Fiesta de la Galleta de Campo en Jofr\u00e9","author":"hoymercedes","date":"6 agosto, 2022","format":false,"excerpt":"Arranc\u00f3 la 5\u00ba Fiesta de la Galleta de Campo en Jofr\u00e9","rel":"","context":"En \u00abCultura\u00bb","block_context":{"text":"Cultura","link":"https:\/\/www.hoymercedes.com.ar\/principal\/category\/cultura\/"},"img":{"alt_text":"","src":"https:\/\/i0.wp.com\/www.hoymercedes.com.ar\/principal\/wp-content\/uploads\/2022\/08\/DSC02218.jpg?resize=350%2C200&ssl=1","width":350,"height":200,"srcset":"https:\/\/i0.wp.com\/www.hoymercedes.com.ar\/principal\/wp-content\/uploads\/2022\/08\/DSC02218.jpg?resize=350%2C200&ssl=1 1x, https:\/\/i0.wp.com\/www.hoymercedes.com.ar\/principal\/wp-content\/uploads\/2022\/08\/DSC02218.jpg?resize=525%2C300&ssl=1 1.5x, https:\/\/i0.wp.com\/www.hoymercedes.com.ar\/principal\/wp-content\/uploads\/2022\/08\/DSC02218.jpg?resize=700%2C400&ssl=1 2x"},"classes":[]},{"id":186812,"url":"https:\/\/www.hoymercedes.com.ar\/principal\/2025\/08\/07\/tomas-jofre-celebra-la-fiesta-de-la-galleta-de-campo-con-gastronomia-tradicion-y-entrada-libre\/","url_meta":{"origin":127547,"position":5},"title":"Tom\u00e1s Jofr\u00e9 celebra la Fiesta de la Galleta de Campo con gastronom\u00eda, tradici\u00f3n y entrada libre","author":"hoymercedes","date":"7 agosto, 2025","format":false,"excerpt":"Este domingo, el hermoso pueblo de Tom\u00e1s Jofr\u00e9 se viste de fiesta para recibir a miles de visitantes en una nueva edici\u00f3n de la Fiesta de la Galleta de Campo, un evento que ya es un cl\u00e1sico del turismo rural y gastron\u00f3mico en la regi\u00f3n. \u201cUbicado a tan solo una\u2026","rel":"","context":"En \u00abMunicipio\u00bb","block_context":{"text":"Municipio","link":"https:\/\/www.hoymercedes.com.ar\/principal\/category\/municipio\/"},"img":{"alt_text":"Tom\u00e1s Jofr\u00e9 celebra la Fiesta de la Galleta de Campo con gastronom\u00eda, tradici\u00f3n y entrada libre","src":"https:\/\/i0.wp.com\/www.hoymercedes.com.ar\/principal\/wp-content\/uploads\/2025\/08\/GalletaDeCampo-C.jpg?resize=350%2C200&ssl=1","width":350,"height":200,"srcset":"https:\/\/i0.wp.com\/www.hoymercedes.com.ar\/principal\/wp-content\/uploads\/2025\/08\/GalletaDeCampo-C.jpg?resize=350%2C200&ssl=1 1x, https:\/\/i0.wp.com\/www.hoymercedes.com.ar\/principal\/wp-content\/uploads\/2025\/08\/GalletaDeCampo-C.jpg?resize=525%2C300&ssl=1 1.5x, https:\/\/i0.wp.com\/www.hoymercedes.com.ar\/principal\/wp-content\/uploads\/2025\/08\/GalletaDeCampo-C.jpg?resize=700%2C400&ssl=1 2x, https:\/\/i0.wp.com\/www.hoymercedes.com.ar\/principal\/wp-content\/uploads\/2025\/08\/GalletaDeCampo-C.jpg?resize=1050%2C600&ssl=1 3x"},"classes":[]}],"_links":{"self":[{"href":"https:\/\/www.hoymercedes.com.ar\/principal\/wp-json\/wp\/v2\/posts\/127547","targetHints":{"allow":["GET"]}}],"collection":[{"href":"https:\/\/www.hoymercedes.com.ar\/principal\/wp-json\/wp\/v2\/posts"}],"about":[{"href":"https:\/\/www.hoymercedes.com.ar\/principal\/wp-json\/wp\/v2\/types\/post"}],"author":[{"embeddable":true,"href":"https:\/\/www.hoymercedes.com.ar\/principal\/wp-json\/wp\/v2\/users\/1"}],"replies":[{"embeddable":true,"href":"https:\/\/www.hoymercedes.com.ar\/principal\/wp-json\/wp\/v2\/comments?post=127547"}],"version-history":[{"count":0,"href":"https:\/\/www.hoymercedes.com.ar\/principal\/wp-json\/wp\/v2\/posts\/127547\/revisions"}],"wp:featuredmedia":[{"embeddable":true,"href":"https:\/\/www.hoymercedes.com.ar\/principal\/wp-json\/wp\/v2\/media\/127548"}],"wp:attachment":[{"href":"https:\/\/www.hoymercedes.com.ar\/principal\/wp-json\/wp\/v2\/media?parent=127547"}],"wp:term":[{"taxonomy":"category","embeddable":true,"href":"https:\/\/www.hoymercedes.com.ar\/principal\/wp-json\/wp\/v2\/categories?post=127547"},{"taxonomy":"post_tag","embeddable":true,"href":"https:\/\/www.hoymercedes.com.ar\/principal\/wp-json\/wp\/v2\/tags?post=127547"}],"curies":[{"name":"wp","href":"https:\/\/api.w.org\/{rel}","templated":true}]}}