{"id":127585,"date":"2021-04-06T07:38:00","date_gmt":"2021-04-06T10:38:00","guid":{"rendered":"https:\/\/www.hoymercedes.com.ar\/principal\/?p=127585"},"modified":"2021-04-05T19:40:51","modified_gmt":"2021-04-05T22:40:51","slug":"estudiantes-y-docentes-del-isfdyt-no7-presentan-su-3o-publicacion-academica","status":"publish","type":"post","link":"https:\/\/www.hoymercedes.com.ar\/principal\/2021\/04\/06\/estudiantes-y-docentes-del-isfdyt-no7-presentan-su-3o-publicacion-academica\/","title":{"rendered":"Estudiantes y Docentes del ISFDyT N\u00ba7 presentan su 3\u00ba publicaci\u00f3n acad\u00e9mica"},"content":{"rendered":"\n<figure class=\"wp-block-image size-large\"><img loading=\"lazy\" decoding=\"async\" width=\"1024\" height=\"438\" data-attachment-id=\"127586\" data-permalink=\"https:\/\/www.hoymercedes.com.ar\/principal\/2021\/04\/06\/estudiantes-y-docentes-del-isfdyt-no7-presentan-su-3o-publicacion-academica\/e7\/#main\" data-orig-file=\"https:\/\/www.hoymercedes.com.ar\/principal\/wp-content\/uploads\/2021\/04\/E7.jpeg\" data-orig-size=\"1280,547\" data-comments-opened=\"0\" data-image-meta=\"{&quot;aperture&quot;:&quot;0&quot;,&quot;credit&quot;:&quot;&quot;,&quot;camera&quot;:&quot;&quot;,&quot;caption&quot;:&quot;&quot;,&quot;created_timestamp&quot;:&quot;0&quot;,&quot;copyright&quot;:&quot;&quot;,&quot;focal_length&quot;:&quot;0&quot;,&quot;iso&quot;:&quot;0&quot;,&quot;shutter_speed&quot;:&quot;0&quot;,&quot;title&quot;:&quot;&quot;,&quot;orientation&quot;:&quot;0&quot;}\" data-image-title=\"E7\" data-image-description=\"\" data-image-caption=\"\" data-large-file=\"https:\/\/www.hoymercedes.com.ar\/principal\/wp-content\/uploads\/2021\/04\/E7-1024x438.jpeg\" src=\"https:\/\/www.hoymercedes.com.ar\/principal\/wp-content\/uploads\/2021\/04\/E7-1024x438.jpeg\" alt=\"\" class=\"wp-image-127586\" srcset=\"https:\/\/www.hoymercedes.com.ar\/principal\/wp-content\/uploads\/2021\/04\/E7-1024x438.jpeg 1024w, https:\/\/www.hoymercedes.com.ar\/principal\/wp-content\/uploads\/2021\/04\/E7-630x269.jpeg 630w, https:\/\/www.hoymercedes.com.ar\/principal\/wp-content\/uploads\/2021\/04\/E7-150x64.jpeg 150w, https:\/\/www.hoymercedes.com.ar\/principal\/wp-content\/uploads\/2021\/04\/E7.jpeg 1280w\" sizes=\"auto, (max-width: 1024px) 100vw, 1024px\" \/><\/figure>\n\n\n\n<p>En La Trocha se llev\u00f3 a cabola presentaci\u00f3n del libro Trabajos y Ensayos de Historia y Geograf\u00eda del ISFD y T N\u00ba 7 N\u00famero 3, que recopila la historia y datos geogr\u00e1ficos de nuestra ciudad, el historiador y tambi\u00e9n docente del Instituto Superior N\u00b07, Federico Belsunce cont\u00f3, el proceso de compilaci\u00f3n de informaci\u00f3n mediante trabajos y ensayos de los alumnos de la instituci\u00f3n en cuya edici\u00f3n participan reconocidos docentes de la zona, y donde una vez m\u00e1s se recibe el aporte y auspicio de la Municipalidad de Mercedes.\u00a0<\/p>\n\n\n\n<p>El intendente Ustarroz aprovech\u00f3 la ocasi\u00f3n para \u201cfelicitar a cada docente, estudiante, directivos, integrantes de la cooperadora, a cada uno de los que con esfuerzo y dedicaci\u00f3n hicieron posible esta nueva publicaci\u00f3n\u201d y remarc\u00f3 que \u201ces un elemento muy importante para los procesos de ense\u00f1anza \u2013 aprendizaje, para la construcci\u00f3n socio hist\u00f3rica y cient\u00edfica de la ciudad, para el presente y para el futuro\u201d coment\u00f3 entre otros conceptos, siendo el jefe comunal parte de la presentaci\u00f3n oficial del nuevo trabajo acad\u00e9mico.<\/p>\n\n\n\n<p>\u201cDesde el 2016 estamos recopilando trabajos que hac\u00edan los alumnos sobre la historia de Mercedes y geograf\u00eda junto con Elda Viviana Tancredi que es ge\u00f3grafa de la Universidad de Luj\u00e1n y trabaja tambi\u00e9n en el Instituto. Es as\u00ed como en el 2016 publicamos nuestro primer libro, en el 2018 publicamos el segundo n\u00famero y este a\u00f1o el tercero\u201d cont\u00f3 el historiador Federico Belsunce.<\/p>\n\n\n\n<p>Asimismo, Belsunce relat\u00f3 \u201cen total hemos publicado 18 cap\u00edtulos ya con estos trabajos, 12 de historia y 6 de geograf\u00eda y lo hemos realizado entre los alumnos y los profesores del Instituto N\u00b07 y en este \u00faltimo libro particip\u00f3 tambi\u00e9n un profesor de la Universidad de Luj\u00e1n que es Diego Conte, quien tambi\u00e9n trabaja en el Instituto\u201d y sostuvo \u201cdonde se destacan diferentes aristas, como lo es la educativa, nuestro trabajo con los estudiantes para que se animen a escribir y a investigar para introducirlos en el oficio de la investigaci\u00f3n y redacci\u00f3n. Tambi\u00e9n una dimensi\u00f3n cultural, la cual me parece muy importante, que es lo que queda para Mercedes, todo el trabajo de documentaci\u00f3n y escritura de nuestra propia historia y geograf\u00eda; social, econom\u00eda, industria, poblaci\u00f3n, etc\u201d.<\/p>\n\n\n\n<p>Conjuntamente, el historiador se\u00f1al\u00f3 \u201cuna de las distinciones del libro es que hay mucho de historia reciente, del siglo XIX y del siglo XX, hago especial \u00e9nfasis en esto porque los historiadores locales se han dedicado a discutir el origen de los pueblos y en este caso la investigaci\u00f3n es libre\u201d.\u00a0<\/p>\n\n\n\n<figure class=\"wp-block-image size-large\"><img loading=\"lazy\" decoding=\"async\" width=\"1024\" height=\"611\" data-attachment-id=\"127587\" data-permalink=\"https:\/\/www.hoymercedes.com.ar\/principal\/2021\/04\/06\/estudiantes-y-docentes-del-isfdyt-no7-presentan-su-3o-publicacion-academica\/e72\/#main\" data-orig-file=\"https:\/\/www.hoymercedes.com.ar\/principal\/wp-content\/uploads\/2021\/04\/E72.jpeg\" data-orig-size=\"1032,616\" data-comments-opened=\"0\" data-image-meta=\"{&quot;aperture&quot;:&quot;0&quot;,&quot;credit&quot;:&quot;&quot;,&quot;camera&quot;:&quot;&quot;,&quot;caption&quot;:&quot;&quot;,&quot;created_timestamp&quot;:&quot;0&quot;,&quot;copyright&quot;:&quot;&quot;,&quot;focal_length&quot;:&quot;0&quot;,&quot;iso&quot;:&quot;0&quot;,&quot;shutter_speed&quot;:&quot;0&quot;,&quot;title&quot;:&quot;&quot;,&quot;orientation&quot;:&quot;0&quot;}\" data-image-title=\"E72\" data-image-description=\"\" data-image-caption=\"\" data-large-file=\"https:\/\/www.hoymercedes.com.ar\/principal\/wp-content\/uploads\/2021\/04\/E72-1024x611.jpeg\" src=\"https:\/\/www.hoymercedes.com.ar\/principal\/wp-content\/uploads\/2021\/04\/E72-1024x611.jpeg\" alt=\"\" class=\"wp-image-127587\" srcset=\"https:\/\/www.hoymercedes.com.ar\/principal\/wp-content\/uploads\/2021\/04\/E72-1024x611.jpeg 1024w, https:\/\/www.hoymercedes.com.ar\/principal\/wp-content\/uploads\/2021\/04\/E72-630x376.jpeg 630w, https:\/\/www.hoymercedes.com.ar\/principal\/wp-content\/uploads\/2021\/04\/E72-150x90.jpeg 150w, https:\/\/www.hoymercedes.com.ar\/principal\/wp-content\/uploads\/2021\/04\/E72-890x530.jpeg 890w, https:\/\/www.hoymercedes.com.ar\/principal\/wp-content\/uploads\/2021\/04\/E72-445x265.jpeg 445w, https:\/\/www.hoymercedes.com.ar\/principal\/wp-content\/uploads\/2021\/04\/E72.jpeg 1032w\" sizes=\"auto, (max-width: 1024px) 100vw, 1024px\" \/><\/figure>\n\n\n\n<p>\u201cLos tres libros han sido financiados por la Municipalidad de Mercedes, a los mismos los vendemos al costo y lo recaudado va para la cooperadora del Instituto N\u00b07. Adem\u00e1s, los repartimos en todas las escuelas de Mercedes de manera gratuita. Tambi\u00e9n se encuentran en la Biblioteca Sarmiento, el Museo M\u00edguez y en diferentes instituciones de la ciudad para que puedan leerlo de forma gratuita todo aquel que as\u00ed lo requiera\u201d describi\u00f3 el historiador Belsunce y reconoci\u00f3 \u201cdesde nuestro equipo de trabajo queremos agradecer al intendente Ustarroz porque desde el primer d\u00eda ha estado con nosotros y ha financiado en su totalidad el texto\u201d.<\/p>\n\n\n\n<p>Por otro lado, Belsunce inform\u00f3 \u201cpara aquellos que quieran tener los libros en sus bibliotecas pueden comprarlos en la librer\u00eda \u201cChel\u00e9n\u201d (calle 9, 28 y 30) y en \u201cCristian Libros\u201d (calle 28 y 23) donde se venden los textos sin fines de lucro, sin ganancia para la librer\u00eda, s\u00f3lo para la cooperadora del Instituto N\u00b07\u201d.<\/p>\n\n\n\n<p>Data: HM \/ PM<\/p>\n","protected":false},"excerpt":{"rendered":"<p>En La Trocha se llev\u00f3 a cabola presentaci\u00f3n del libro Trabajos y Ensayos de Historia y Geograf\u00eda del ISFD y &#8230; <a title=\"Estudiantes y Docentes del ISFDyT N\u00ba7 presentan su 3\u00ba publicaci\u00f3n acad\u00e9mica\" class=\"read-more\" href=\"https:\/\/www.hoymercedes.com.ar\/principal\/2021\/04\/06\/estudiantes-y-docentes-del-isfdyt-no7-presentan-su-3o-publicacion-academica\/\" aria-label=\"Leer m\u00e1s sobre Estudiantes y Docentes del ISFDyT N\u00ba7 presentan su 3\u00ba publicaci\u00f3n acad\u00e9mica\">Leer m\u00e1s<\/a><\/p>\n","protected":false},"author":1,"featured_media":127587,"comment_status":"closed","ping_status":"open","sticky":false,"template":"","format":"standard","meta":{"_monsterinsights_skip_tracking":false,"_monsterinsights_sitenote_active":false,"_monsterinsights_sitenote_note":"","_monsterinsights_sitenote_category":0,"jetpack_post_was_ever_published":false,"_jetpack_newsletter_access":"","_jetpack_dont_email_post_to_subs":false,"_jetpack_newsletter_tier_id":0,"_jetpack_memberships_contains_paywalled_content":false,"_jetpack_memberships_contains_paid_content":false,"footnotes":"","jetpack_publicize_message":"","jetpack_publicize_feature_enabled":true,"jetpack_social_post_already_shared":true,"jetpack_social_options":{"image_generator_settings":{"template":"highway","default_image_id":0,"font":"","enabled":false},"version":2},"_wpas_customize_per_network":false},"categories":[23],"tags":[17641,17639,424],"class_list":["post-127585","post","type-post","status-publish","format-standard","has-post-thumbnail","hentry","category-educacion","tag-elda-tancredi","tag-sfd-y-t-no-7","tag-ustarroz","generate-columns","tablet-grid-50","mobile-grid-100","grid-parent","grid-50"],"jetpack_publicize_connections":[],"jetpack_featured_media_url":"https:\/\/www.hoymercedes.com.ar\/principal\/wp-content\/uploads\/2021\/04\/E72.jpeg","wps_subtitle":"Producci\u00f3n acad\u00e1mica local ","jetpack_sharing_enabled":true,"jetpack-related-posts":[{"id":75076,"url":"https:\/\/www.hoymercedes.com.ar\/principal\/2018\/04\/26\/presentaron-libro-con-investigaciones-de-alumnos-y-docentes-del-instituto-n-7\/","url_meta":{"origin":127585,"position":0},"title":"Presentaron libro con investigaciones de alumnos y docentes del Instituto N\u00b0 7","author":"hoymercedes","date":"26 abril, 2018","format":false,"excerpt":"En la tarde del martes \u00faltimos, se present\u00f3 en el sal\u00f3n de actos de la instituci\u00f3n educativa de la 24 y 15 el texto \u201cDin\u00e1micas productivas y conflictos socio pol\u00edticos en la historia contempor\u00e1nea mercedina\u201d, el libro n\u00famero 2 de la serie de trabajos y ensayos de historia y geograf\u00eda\u2026","rel":"","context":"En \u00abEducaci\u00f3n\u00bb","block_context":{"text":"Educaci\u00f3n","link":"https:\/\/www.hoymercedes.com.ar\/principal\/category\/educacion\/"},"img":{"alt_text":"","src":"https:\/\/i0.wp.com\/www.hoymercedes.com.ar\/principal\/wp-content\/uploads\/2018\/04\/26-libro-instituto7-1.jpg?resize=350%2C200&ssl=1","width":350,"height":200,"srcset":"https:\/\/i0.wp.com\/www.hoymercedes.com.ar\/principal\/wp-content\/uploads\/2018\/04\/26-libro-instituto7-1.jpg?resize=350%2C200&ssl=1 1x, https:\/\/i0.wp.com\/www.hoymercedes.com.ar\/principal\/wp-content\/uploads\/2018\/04\/26-libro-instituto7-1.jpg?resize=525%2C300&ssl=1 1.5x, https:\/\/i0.wp.com\/www.hoymercedes.com.ar\/principal\/wp-content\/uploads\/2018\/04\/26-libro-instituto7-1.jpg?resize=700%2C400&ssl=1 2x"},"classes":[]},{"id":132162,"url":"https:\/\/www.hoymercedes.com.ar\/principal\/2021\/06\/21\/entregan-materiales-deportivos-para-la-secundaria-n-9\/","url_meta":{"origin":127585,"position":1},"title":"Entregan materiales deportivos para la Secundaria N\u00b0 9","author":"hoymercedes","date":"21 junio, 2021","format":false,"excerpt":"Por Prensa Municpal - El intendente Juan Ignacio Ustarroz junto al presidente del Consejo Escolar, Jos\u00e9 Pisano, y el equipo educativo de la municipalidad visitaron la escuela secundaria N\u00b09 donde entregaron materiales deportivos para las actividades de educaci\u00f3n f\u00edsica y medidores de di\u00f3xido de carbono entregados por el Gobierno de\u2026","rel":"","context":"En \u00abMunicipio\u00bb","block_context":{"text":"Municipio","link":"https:\/\/www.hoymercedes.com.ar\/principal\/category\/municipio\/"},"img":{"alt_text":"","src":"https:\/\/i0.wp.com\/www.hoymercedes.com.ar\/principal\/wp-content\/uploads\/2021\/06\/DSC07596.jpg?resize=350%2C200&ssl=1","width":350,"height":200,"srcset":"https:\/\/i0.wp.com\/www.hoymercedes.com.ar\/principal\/wp-content\/uploads\/2021\/06\/DSC07596.jpg?resize=350%2C200&ssl=1 1x, https:\/\/i0.wp.com\/www.hoymercedes.com.ar\/principal\/wp-content\/uploads\/2021\/06\/DSC07596.jpg?resize=525%2C300&ssl=1 1.5x, https:\/\/i0.wp.com\/www.hoymercedes.com.ar\/principal\/wp-content\/uploads\/2021\/06\/DSC07596.jpg?resize=700%2C400&ssl=1 2x"},"classes":[]},{"id":136496,"url":"https:\/\/www.hoymercedes.com.ar\/principal\/2021\/09\/07\/convocatoria-para-edicion-de-letras-en-el-siete\/","url_meta":{"origin":127585,"position":2},"title":"Convocatoria para edici\u00f3n de \u00abLetras en el siete\u00bb","author":"hoymercedes","date":"7 septiembre, 2021","format":false,"excerpt":"El Instituto de Formaci\u00f3n Docente y T\u00e9cnica N\u00b0 7 de Mercedes, junto a la Direcci\u00f3n de Cultura Municipal est\u00e1n invitando a los escritores a participar de la primera edici\u00f3n de \"Letras en el siete\". En esta convocatoria, invitan a estudiantes, profesores y personadas que hayan egresado del ISFDyT N\u00b0 7\u2026","rel":"","context":"En \u00abCultura\u00bb","block_context":{"text":"Cultura","link":"https:\/\/www.hoymercedes.com.ar\/principal\/category\/cultura\/"},"img":{"alt_text":"","src":"https:\/\/i0.wp.com\/www.hoymercedes.com.ar\/principal\/wp-content\/uploads\/2021\/09\/03-concurso-de-letras.jpg?resize=350%2C200&ssl=1","width":350,"height":200,"srcset":"https:\/\/i0.wp.com\/www.hoymercedes.com.ar\/principal\/wp-content\/uploads\/2021\/09\/03-concurso-de-letras.jpg?resize=350%2C200&ssl=1 1x, https:\/\/i0.wp.com\/www.hoymercedes.com.ar\/principal\/wp-content\/uploads\/2021\/09\/03-concurso-de-letras.jpg?resize=525%2C300&ssl=1 1.5x, https:\/\/i0.wp.com\/www.hoymercedes.com.ar\/principal\/wp-content\/uploads\/2021\/09\/03-concurso-de-letras.jpg?resize=700%2C400&ssl=1 2x"},"classes":[]},{"id":121904,"url":"https:\/\/www.hoymercedes.com.ar\/principal\/2020\/12\/17\/ustarroz-e-integrentes-del-isfdyt-no7-ratifican-continuidad-de-oferta-academica\/","url_meta":{"origin":127585,"position":3},"title":"Ustarroz e integrentes del ISFDyT N\u00ba7 ratifican continuidad de oferta acad\u00e9mica","author":"hoymercedes","date":"17 diciembre, 2020","format":false,"excerpt":"https:\/\/youtu.be\/WAkkmz4gujo El jefe comunal junto a integrantes de distintos claustros del Instituto Superior de Formaci\u00f3n Docente y T\u00e9cnico N\u00ba 7 anunciaron la continuidad de la oferta acad\u00e9mica y avance de las gestiones en post del futuro nuevo edificio para el espacio educativo. \u00a0\u00a0\u00a0 El intendente Juan Ignacio Ustarroz, manifest\u00f3 \u201cen\u2026","rel":"","context":"En \u00abEducaci\u00f3n\u00bb","block_context":{"text":"Educaci\u00f3n","link":"https:\/\/www.hoymercedes.com.ar\/principal\/category\/educacion\/"},"img":{"alt_text":"","src":"https:\/\/i0.wp.com\/www.hoymercedes.com.ar\/principal\/wp-content\/uploads\/2020\/12\/IS7001-1.jpg?resize=350%2C200&ssl=1","width":350,"height":200,"srcset":"https:\/\/i0.wp.com\/www.hoymercedes.com.ar\/principal\/wp-content\/uploads\/2020\/12\/IS7001-1.jpg?resize=350%2C200&ssl=1 1x, https:\/\/i0.wp.com\/www.hoymercedes.com.ar\/principal\/wp-content\/uploads\/2020\/12\/IS7001-1.jpg?resize=525%2C300&ssl=1 1.5x, https:\/\/i0.wp.com\/www.hoymercedes.com.ar\/principal\/wp-content\/uploads\/2020\/12\/IS7001-1.jpg?resize=700%2C400&ssl=1 2x, https:\/\/i0.wp.com\/www.hoymercedes.com.ar\/principal\/wp-content\/uploads\/2020\/12\/IS7001-1.jpg?resize=1050%2C600&ssl=1 3x, https:\/\/i0.wp.com\/www.hoymercedes.com.ar\/principal\/wp-content\/uploads\/2020\/12\/IS7001-1.jpg?resize=1400%2C800&ssl=1 4x"},"classes":[]},{"id":77512,"url":"https:\/\/www.hoymercedes.com.ar\/principal\/2018\/06\/21\/ustarroz-entrego-bienes-al-i-s-f-d-y-t-n7-y-se-reunio-con-el-nuevo-director-de-la-institucion\/","url_meta":{"origin":127585,"position":4},"title":"Ustarroz entreg\u00f3 bienes al I.S.F.D. y T N\u00b07 y se reuni\u00f3 con el nuevo director de la instituci\u00f3n","author":"hoymercedes","date":"21 junio, 2018","format":false,"excerpt":"La Municipalidad de Mercedes efectu\u00f3 un nuevo aporte a una instituci\u00f3n educativa. En este caso el Instituto Superior de Formaci\u00f3n Docente y T\u00e9cnica N\u00ba 7. El Dr. Ustarroz, adem\u00e1s, aprovech\u00f3 la ocasi\u00f3n para avanzar en proyectos junto a su recientemente designado nuevo titular, Mario Tilli. El Centro de Estudiantes habr\u00eda\u2026","rel":"","context":"En \u00abMunicipio\u00bb","block_context":{"text":"Municipio","link":"https:\/\/www.hoymercedes.com.ar\/principal\/category\/municipio\/"},"img":{"alt_text":"","src":"https:\/\/i0.wp.com\/www.hoymercedes.com.ar\/principal\/wp-content\/uploads\/2018\/06\/Ustarroz-Tilli-2.jpg?resize=350%2C200&ssl=1","width":350,"height":200,"srcset":"https:\/\/i0.wp.com\/www.hoymercedes.com.ar\/principal\/wp-content\/uploads\/2018\/06\/Ustarroz-Tilli-2.jpg?resize=350%2C200&ssl=1 1x, https:\/\/i0.wp.com\/www.hoymercedes.com.ar\/principal\/wp-content\/uploads\/2018\/06\/Ustarroz-Tilli-2.jpg?resize=525%2C300&ssl=1 1.5x, https:\/\/i0.wp.com\/www.hoymercedes.com.ar\/principal\/wp-content\/uploads\/2018\/06\/Ustarroz-Tilli-2.jpg?resize=700%2C400&ssl=1 2x"},"classes":[]},{"id":176639,"url":"https:\/\/www.hoymercedes.com.ar\/principal\/2024\/06\/22\/se-realizo-la-feria-educativa-distrital-mercedes-en-el-cef-n40\/","url_meta":{"origin":127585,"position":5},"title":"Se realiz\u00f3 la Feria Educativa Distrital Mercedes en el CEF N\u00b040","author":"hoymercedes","date":"22 junio, 2024","format":false,"excerpt":"Se realiz\u00f3 la Feria Educativa Distrital Mercedes en el CEF N\u00b040","rel":"","context":"En \u00abEducaci\u00f3n\u00bb","block_context":{"text":"Educaci\u00f3n","link":"https:\/\/www.hoymercedes.com.ar\/principal\/category\/educacion\/"},"img":{"alt_text":"Se realiz\u00f3 la Feria Educativa Distrital Mercedes en el CEF N\u00b040","src":"https:\/\/i0.wp.com\/www.hoymercedes.com.ar\/principal\/wp-content\/uploads\/2024\/06\/FeriaCiencia-001.jpg?resize=350%2C200&ssl=1","width":350,"height":200,"srcset":"https:\/\/i0.wp.com\/www.hoymercedes.com.ar\/principal\/wp-content\/uploads\/2024\/06\/FeriaCiencia-001.jpg?resize=350%2C200&ssl=1 1x, https:\/\/i0.wp.com\/www.hoymercedes.com.ar\/principal\/wp-content\/uploads\/2024\/06\/FeriaCiencia-001.jpg?resize=525%2C300&ssl=1 1.5x, https:\/\/i0.wp.com\/www.hoymercedes.com.ar\/principal\/wp-content\/uploads\/2024\/06\/FeriaCiencia-001.jpg?resize=700%2C400&ssl=1 2x, https:\/\/i0.wp.com\/www.hoymercedes.com.ar\/principal\/wp-content\/uploads\/2024\/06\/FeriaCiencia-001.jpg?resize=1050%2C600&ssl=1 3x"},"classes":[]}],"_links":{"self":[{"href":"https:\/\/www.hoymercedes.com.ar\/principal\/wp-json\/wp\/v2\/posts\/127585","targetHints":{"allow":["GET"]}}],"collection":[{"href":"https:\/\/www.hoymercedes.com.ar\/principal\/wp-json\/wp\/v2\/posts"}],"about":[{"href":"https:\/\/www.hoymercedes.com.ar\/principal\/wp-json\/wp\/v2\/types\/post"}],"author":[{"embeddable":true,"href":"https:\/\/www.hoymercedes.com.ar\/principal\/wp-json\/wp\/v2\/users\/1"}],"replies":[{"embeddable":true,"href":"https:\/\/www.hoymercedes.com.ar\/principal\/wp-json\/wp\/v2\/comments?post=127585"}],"version-history":[{"count":0,"href":"https:\/\/www.hoymercedes.com.ar\/principal\/wp-json\/wp\/v2\/posts\/127585\/revisions"}],"wp:featuredmedia":[{"embeddable":true,"href":"https:\/\/www.hoymercedes.com.ar\/principal\/wp-json\/wp\/v2\/media\/127587"}],"wp:attachment":[{"href":"https:\/\/www.hoymercedes.com.ar\/principal\/wp-json\/wp\/v2\/media?parent=127585"}],"wp:term":[{"taxonomy":"category","embeddable":true,"href":"https:\/\/www.hoymercedes.com.ar\/principal\/wp-json\/wp\/v2\/categories?post=127585"},{"taxonomy":"post_tag","embeddable":true,"href":"https:\/\/www.hoymercedes.com.ar\/principal\/wp-json\/wp\/v2\/tags?post=127585"}],"curies":[{"name":"wp","href":"https:\/\/api.w.org\/{rel}","templated":true}]}}