{"id":127592,"date":"2021-04-05T22:10:00","date_gmt":"2021-04-06T01:10:00","guid":{"rendered":"https:\/\/www.hoymercedes.com.ar\/principal\/?p=127592"},"modified":"2021-04-07T15:30:22","modified_gmt":"2021-04-07T18:30:22","slug":"covid-en-mercedes-30-positivos-y-117-testeos","status":"publish","type":"post","link":"https:\/\/www.hoymercedes.com.ar\/principal\/2021\/04\/05\/covid-en-mercedes-30-positivos-y-117-testeos\/","title":{"rendered":"Covid en Mercedes: 30 positivos y 117 testeos"},"content":{"rendered":"\n<p>Mientras la denominada segunda ola avanza en todo el pa\u00eds en nuestra ciudad se detectaron 30 nuevos casos positivos para covid-19 de un total de 33 test analizados en el Laboratorio de Virolog\u00eda Molecular. El total de casos activos es de 192.<\/p>\n\n\n\n<p>Por su parte, 20 pacientes obtuvieron el alta y 3145 positivos desde el inicio de la pandemia hace casi un a\u00f1o, siendo 28689 los pacientes recuperados, con 14802 testeos realizados hasta la fecha.<\/p>\n\n\n\n<div class=\"wp-block-image\"><figure class=\"aligncenter size-large is-resized\"><img loading=\"lazy\" decoding=\"async\" data-attachment-id=\"127593\" data-permalink=\"https:\/\/www.hoymercedes.com.ar\/principal\/2021\/04\/05\/covid-en-mercedes-30-positivos-y-117-testeos\/05-04-2021\/#main\" data-orig-file=\"https:\/\/www.hoymercedes.com.ar\/principal\/wp-content\/uploads\/2021\/04\/05.04.2021.jpg\" data-orig-size=\"800,800\" data-comments-opened=\"0\" data-image-meta=\"{&quot;aperture&quot;:&quot;0&quot;,&quot;credit&quot;:&quot;&quot;,&quot;camera&quot;:&quot;&quot;,&quot;caption&quot;:&quot;&quot;,&quot;created_timestamp&quot;:&quot;0&quot;,&quot;copyright&quot;:&quot;&quot;,&quot;focal_length&quot;:&quot;0&quot;,&quot;iso&quot;:&quot;0&quot;,&quot;shutter_speed&quot;:&quot;0&quot;,&quot;title&quot;:&quot;&quot;,&quot;orientation&quot;:&quot;0&quot;}\" data-image-title=\"05.04.2021\" data-image-description=\"\" data-image-caption=\"\" data-large-file=\"https:\/\/www.hoymercedes.com.ar\/principal\/wp-content\/uploads\/2021\/04\/05.04.2021.jpg\" src=\"https:\/\/www.hoymercedes.com.ar\/principal\/wp-content\/uploads\/2021\/04\/05.04.2021.jpg\" alt=\"\" class=\"wp-image-127593\" width=\"937\" height=\"937\" srcset=\"https:\/\/www.hoymercedes.com.ar\/principal\/wp-content\/uploads\/2021\/04\/05.04.2021.jpg 800w, https:\/\/www.hoymercedes.com.ar\/principal\/wp-content\/uploads\/2021\/04\/05.04.2021-620x620.jpg 620w, https:\/\/www.hoymercedes.com.ar\/principal\/wp-content\/uploads\/2021\/04\/05.04.2021-150x150.jpg 150w\" sizes=\"auto, (max-width: 937px) 100vw, 937px\" \/><\/figure><\/div>\n","protected":false},"excerpt":{"rendered":"<p>Mientras la denominada segunda ola avanza en todo el pa\u00eds en nuestra ciudad se detectaron 30 nuevos casos positivos para &#8230; <a title=\"Covid en Mercedes: 30 positivos y 117 testeos\" class=\"read-more\" href=\"https:\/\/www.hoymercedes.com.ar\/principal\/2021\/04\/05\/covid-en-mercedes-30-positivos-y-117-testeos\/\" aria-label=\"Leer m\u00e1s sobre Covid en Mercedes: 30 positivos y 117 testeos\">Leer m\u00e1s<\/a><\/p>\n","protected":false},"author":1,"featured_media":127593,"comment_status":"closed","ping_status":"open","sticky":false,"template":"","format":"standard","meta":{"_monsterinsights_skip_tracking":false,"_monsterinsights_sitenote_active":false,"_monsterinsights_sitenote_note":"","_monsterinsights_sitenote_category":0,"jetpack_post_was_ever_published":false,"_jetpack_newsletter_access":"","_jetpack_dont_email_post_to_subs":false,"_jetpack_newsletter_tier_id":0,"_jetpack_memberships_contains_paywalled_content":false,"_jetpack_memberships_contains_paid_content":false,"footnotes":"","jetpack_publicize_message":"","jetpack_publicize_feature_enabled":true,"jetpack_social_post_already_shared":true,"jetpack_social_options":{"image_generator_settings":{"template":"highway","default_image_id":0,"font":"","enabled":false},"version":2},"_wpas_customize_per_network":false},"categories":[9791],"tags":[16175,16819,16854,134],"class_list":["post-127592","post","type-post","status-publish","format-standard","has-post-thumbnail","hentry","category-salud","tag-coronavirus","tag-covid","tag-informe-local","tag-salud","generate-columns","tablet-grid-50","mobile-grid-100","grid-parent","grid-50"],"jetpack_publicize_connections":[],"jetpack_featured_media_url":"https:\/\/www.hoymercedes.com.ar\/principal\/wp-content\/uploads\/2021\/04\/05.04.2021.jpg","wps_subtitle":"#Coronavirus","jetpack_sharing_enabled":true,"jetpack-related-posts":[{"id":128144,"url":"https:\/\/www.hoymercedes.com.ar\/principal\/2021\/04\/13\/covid-19-1-fallecida-55-positivos-y-record-de-testeos-en-mercedes\/","url_meta":{"origin":127592,"position":0},"title":"Covid-19: 1 fallecida, 55 positivos y r\u00e9cord de testeos en Mercedes","author":"hoymercedes","date":"13 abril, 2021","format":false,"excerpt":"Lamentamos informar el fallecimiento de una paciente, masculino, de 63 a\u00f1os de edad, portadora del virus. A su vez, durante la jornada de este lunes, en el Laboratorio de Virolog\u00eda Molecular se detectaron 55 nuevos positivos en el marco de una ola creciente en el pa\u00eds y el mundo, siendo\u2026","rel":"","context":"En \u00abSociedad\u00bb","block_context":{"text":"Sociedad","link":"https:\/\/www.hoymercedes.com.ar\/principal\/category\/sociedad\/"},"img":{"alt_text":"","src":"https:\/\/i0.wp.com\/www.hoymercedes.com.ar\/principal\/wp-content\/uploads\/2021\/04\/13.04.2021.jpg?resize=350%2C200&ssl=1","width":350,"height":200,"srcset":"https:\/\/i0.wp.com\/www.hoymercedes.com.ar\/principal\/wp-content\/uploads\/2021\/04\/13.04.2021.jpg?resize=350%2C200&ssl=1 1x, https:\/\/i0.wp.com\/www.hoymercedes.com.ar\/principal\/wp-content\/uploads\/2021\/04\/13.04.2021.jpg?resize=525%2C300&ssl=1 1.5x, https:\/\/i0.wp.com\/www.hoymercedes.com.ar\/principal\/wp-content\/uploads\/2021\/04\/13.04.2021.jpg?resize=700%2C400&ssl=1 2x"},"classes":[]},{"id":135701,"url":"https:\/\/www.hoymercedes.com.ar\/principal\/2021\/08\/21\/covid-en-mercedes-dos-positivos-entre-33-testeos\/","url_meta":{"origin":127592,"position":1},"title":"Covid en Mercedes: Dos positivos entre 33 testeos","author":"hoymercedes","date":"21 agosto, 2021","format":false,"excerpt":"De acuerdo a la informaci\u00f3n epidemiol\u00f3gica de Mercedes dada a conocer este s\u00e1bado a la noche, se confirmaron dos nuevos positivos de covid-19 que hace un total de 45 pacientes con el virus, teniendo en cuenta que hubo seis personas que recibieron el alta. Asimismo se destaca un 21% de\u2026","rel":"","context":"En \u00abSalud\u00bb","block_context":{"text":"Salud","link":"https:\/\/www.hoymercedes.com.ar\/principal\/category\/salud\/"},"img":{"alt_text":"","src":"https:\/\/i0.wp.com\/www.hoymercedes.com.ar\/principal\/wp-content\/uploads\/2021\/08\/WhatsApp-Image-2021-08-21-at-21.00.22.jpeg?resize=350%2C200&ssl=1","width":350,"height":200,"srcset":"https:\/\/i0.wp.com\/www.hoymercedes.com.ar\/principal\/wp-content\/uploads\/2021\/08\/WhatsApp-Image-2021-08-21-at-21.00.22.jpeg?resize=350%2C200&ssl=1 1x, https:\/\/i0.wp.com\/www.hoymercedes.com.ar\/principal\/wp-content\/uploads\/2021\/08\/WhatsApp-Image-2021-08-21-at-21.00.22.jpeg?resize=525%2C300&ssl=1 1.5x, https:\/\/i0.wp.com\/www.hoymercedes.com.ar\/principal\/wp-content\/uploads\/2021\/08\/WhatsApp-Image-2021-08-21-at-21.00.22.jpeg?resize=700%2C400&ssl=1 2x"},"classes":[]},{"id":128361,"url":"https:\/\/www.hoymercedes.com.ar\/principal\/2021\/04\/17\/covid-19-22-positivos-en-71-test-este-sabado-en-mercedes\/","url_meta":{"origin":127592,"position":2},"title":"Covid-19: 22 positivos en 71 test este s\u00e1bado en Mercedes","author":"hoymercedes","date":"17 abril, 2021","format":false,"excerpt":"En el d\u00eda de hoy en el Laboratorio de Virolog\u00eda Molecular se detectaron 22 nuevos positivos en el marco de una ola creciente en el pa\u00eds y el mundo, siendo de un total de 71 testeos. \u00a0A su vez 3103 personas obtuvieron el alta m\u00e9dica. El total de casos activos\u2026","rel":"","context":"En \u00abSalud\u00bb","block_context":{"text":"Salud","link":"https:\/\/www.hoymercedes.com.ar\/principal\/category\/salud\/"},"img":{"alt_text":"","src":"https:\/\/i0.wp.com\/www.hoymercedes.com.ar\/principal\/wp-content\/uploads\/2021\/04\/17.04.2021.jpg?resize=350%2C200&ssl=1","width":350,"height":200,"srcset":"https:\/\/i0.wp.com\/www.hoymercedes.com.ar\/principal\/wp-content\/uploads\/2021\/04\/17.04.2021.jpg?resize=350%2C200&ssl=1 1x, https:\/\/i0.wp.com\/www.hoymercedes.com.ar\/principal\/wp-content\/uploads\/2021\/04\/17.04.2021.jpg?resize=525%2C300&ssl=1 1.5x, https:\/\/i0.wp.com\/www.hoymercedes.com.ar\/principal\/wp-content\/uploads\/2021\/04\/17.04.2021.jpg?resize=700%2C400&ssl=1 2x"},"classes":[]},{"id":125000,"url":"https:\/\/www.hoymercedes.com.ar\/principal\/2021\/02\/17\/mercedes-sigue-sumando-casos-positivos-13-nuevos-confirmados-con-covid-19\/","url_meta":{"origin":127592,"position":3},"title":"Mercedes sigue sumando casos positivos: 13 nuevos confirmados con covid-19","author":"hoymercedes","date":"17 febrero, 2021","format":false,"excerpt":"La informaci\u00f3n epidemiol\u00f3gica de Mercedes de este mi\u00e9rcoles 17 de febrero, confirman 13 nuevos positivos entre los pacientes hisopados y los testeos procesados en el d\u00eda de la fecha. Adem\u00e1s, destacan que son 5 los pacientes que recibieron el alta de acuerdo a los protocolos vigentes. Con estas cifras son\u2026","rel":"","context":"En \u00abSalud\u00bb","block_context":{"text":"Salud","link":"https:\/\/www.hoymercedes.com.ar\/principal\/category\/salud\/"},"img":{"alt_text":"","src":"https:\/\/i0.wp.com\/www.hoymercedes.com.ar\/principal\/wp-content\/uploads\/2021\/02\/WhatsApp-Image-2021-02-17-at-22.08.51.jpeg?resize=350%2C200&ssl=1","width":350,"height":200,"srcset":"https:\/\/i0.wp.com\/www.hoymercedes.com.ar\/principal\/wp-content\/uploads\/2021\/02\/WhatsApp-Image-2021-02-17-at-22.08.51.jpeg?resize=350%2C200&ssl=1 1x, https:\/\/i0.wp.com\/www.hoymercedes.com.ar\/principal\/wp-content\/uploads\/2021\/02\/WhatsApp-Image-2021-02-17-at-22.08.51.jpeg?resize=525%2C300&ssl=1 1.5x, https:\/\/i0.wp.com\/www.hoymercedes.com.ar\/principal\/wp-content\/uploads\/2021\/02\/WhatsApp-Image-2021-02-17-at-22.08.51.jpeg?resize=700%2C400&ssl=1 2x, https:\/\/i0.wp.com\/www.hoymercedes.com.ar\/principal\/wp-content\/uploads\/2021\/02\/WhatsApp-Image-2021-02-17-at-22.08.51.jpeg?resize=1050%2C600&ssl=1 3x"},"classes":[]},{"id":127754,"url":"https:\/\/www.hoymercedes.com.ar\/principal\/2021\/04\/07\/covid-28-nuevos-casos-en-mercedes-y-35-altas-medicas\/","url_meta":{"origin":127592,"position":4},"title":"Covid: 28 nuevos casos en Mercedes y 35 altas m\u00e9dicas","author":"hoymercedes","date":"7 abril, 2021","format":false,"excerpt":"En el d\u00eda de la fecha en el Laboratorio de Virolog\u00eda Molecular se detectaron 28 nuevos positivos de un total de 128 testeos en el contexto de una segunda ola de covid-19 que est\u00e1 golpeando el pa\u00eds y el mundo. \u00a0A su vez 35 personas obtuvieron el alta m\u00e9dica. El\u2026","rel":"","context":"En \u00abSociedad\u00bb","block_context":{"text":"Sociedad","link":"https:\/\/www.hoymercedes.com.ar\/principal\/category\/sociedad\/"},"img":{"alt_text":"","src":"https:\/\/i0.wp.com\/www.hoymercedes.com.ar\/principal\/wp-content\/uploads\/2021\/04\/07.04.2021.jpg?resize=350%2C200&ssl=1","width":350,"height":200,"srcset":"https:\/\/i0.wp.com\/www.hoymercedes.com.ar\/principal\/wp-content\/uploads\/2021\/04\/07.04.2021.jpg?resize=350%2C200&ssl=1 1x, https:\/\/i0.wp.com\/www.hoymercedes.com.ar\/principal\/wp-content\/uploads\/2021\/04\/07.04.2021.jpg?resize=525%2C300&ssl=1 1.5x, https:\/\/i0.wp.com\/www.hoymercedes.com.ar\/principal\/wp-content\/uploads\/2021\/04\/07.04.2021.jpg?resize=700%2C400&ssl=1 2x"},"classes":[]},{"id":127809,"url":"https:\/\/www.hoymercedes.com.ar\/principal\/2021\/04\/08\/mercedes-39-nuevos-positivos-y-122-testeados\/","url_meta":{"origin":127592,"position":5},"title":"Mercedes: 39 nuevos positivos y 122 testeados","author":"hoymercedes","date":"8 abril, 2021","format":false,"excerpt":"En el d\u00eda de la fecha en el Laboratorio de Virolog\u00eda Molecular se detectaron 39 nuevos positivos en el marco de una ola creciente en el pa\u00eds y el mundo, siendo de un total de 122 testeos. \u00a0A su vez 20 personas obtuvieron el alta m\u00e9dica. El total de casos\u2026","rel":"","context":"En \u00abSalud\u00bb","block_context":{"text":"Salud","link":"https:\/\/www.hoymercedes.com.ar\/principal\/category\/salud\/"},"img":{"alt_text":"","src":"https:\/\/i0.wp.com\/www.hoymercedes.com.ar\/principal\/wp-content\/uploads\/2021\/04\/08.04.2021.jpg?resize=350%2C200&ssl=1","width":350,"height":200,"srcset":"https:\/\/i0.wp.com\/www.hoymercedes.com.ar\/principal\/wp-content\/uploads\/2021\/04\/08.04.2021.jpg?resize=350%2C200&ssl=1 1x, https:\/\/i0.wp.com\/www.hoymercedes.com.ar\/principal\/wp-content\/uploads\/2021\/04\/08.04.2021.jpg?resize=525%2C300&ssl=1 1.5x, https:\/\/i0.wp.com\/www.hoymercedes.com.ar\/principal\/wp-content\/uploads\/2021\/04\/08.04.2021.jpg?resize=700%2C400&ssl=1 2x"},"classes":[]}],"_links":{"self":[{"href":"https:\/\/www.hoymercedes.com.ar\/principal\/wp-json\/wp\/v2\/posts\/127592","targetHints":{"allow":["GET"]}}],"collection":[{"href":"https:\/\/www.hoymercedes.com.ar\/principal\/wp-json\/wp\/v2\/posts"}],"about":[{"href":"https:\/\/www.hoymercedes.com.ar\/principal\/wp-json\/wp\/v2\/types\/post"}],"author":[{"embeddable":true,"href":"https:\/\/www.hoymercedes.com.ar\/principal\/wp-json\/wp\/v2\/users\/1"}],"replies":[{"embeddable":true,"href":"https:\/\/www.hoymercedes.com.ar\/principal\/wp-json\/wp\/v2\/comments?post=127592"}],"version-history":[{"count":0,"href":"https:\/\/www.hoymercedes.com.ar\/principal\/wp-json\/wp\/v2\/posts\/127592\/revisions"}],"wp:featuredmedia":[{"embeddable":true,"href":"https:\/\/www.hoymercedes.com.ar\/principal\/wp-json\/wp\/v2\/media\/127593"}],"wp:attachment":[{"href":"https:\/\/www.hoymercedes.com.ar\/principal\/wp-json\/wp\/v2\/media?parent=127592"}],"wp:term":[{"taxonomy":"category","embeddable":true,"href":"https:\/\/www.hoymercedes.com.ar\/principal\/wp-json\/wp\/v2\/categories?post=127592"},{"taxonomy":"post_tag","embeddable":true,"href":"https:\/\/www.hoymercedes.com.ar\/principal\/wp-json\/wp\/v2\/tags?post=127592"}],"curies":[{"name":"wp","href":"https:\/\/api.w.org\/{rel}","templated":true}]}}