{"id":127601,"date":"2021-04-05T22:56:51","date_gmt":"2021-04-06T01:56:51","guid":{"rendered":"https:\/\/www.hoymercedes.com.ar\/principal\/?p=127601"},"modified":"2021-04-07T15:30:05","modified_gmt":"2021-04-07T18:30:05","slug":"covid-19-laboratorio-de-virologia-molecular-detecta-cepa-inglesa-en-pacientes-ya-recuperados","status":"publish","type":"post","link":"https:\/\/www.hoymercedes.com.ar\/principal\/2021\/04\/05\/covid-19-laboratorio-de-virologia-molecular-detecta-cepa-inglesa-en-pacientes-ya-recuperados\/","title":{"rendered":"Covid-19: Laboratorio de Virolog\u00eda Molecular detecta cepa inglesa en pacientes ya recuperados"},"content":{"rendered":"\n<p>Informamos a la comunidad que tras un minucioso proceso cient\u00edfico los profesionales del Laboratorio de Virolog\u00eda Molecular de nuestra ciudad, trabajando en red con el Consorcio de Vigilancia Gen\u00f3mica Nacional, encuadrado en el Proyecto P.A.I.S para la detecci\u00f3n y secuenciaci\u00f3n de nuevas cepas de sars-cov-2 (COVID 19), lograron detectar la variante europea de virus sars-cov-2, variante 501Y.V1 &#8211; linaje B.1.1.7 (Reino Unido).<\/p>\n\n\n\n<p>A trav\u00e9s de la secuenciaci\u00f3n del 10% de las muestras, gracias a la rigurosidad de los m\u00e9todos aplicados, se obtuvieron 2 muestras no relacionadas entre s\u00ed, con la variante brit\u00e1nica.<\/p>\n\n\n\n<p>Los pacientes se encuentran en buen estado de salud, obteniendo el alta, no requirieron internaci\u00f3n y los focos fueron controlados.<\/p>\n\n\n\n<p>Dada la circulaci\u00f3n de nuevas variantes en todo el territorio nacional y la regi\u00f3n, tal como se ha observado en los medios de comunicaci\u00f3n, reiteramos la importancia de extremar los cuidados.<\/p>\n\n\n\n<p>Sigamos respetando el distanciamiento social y las medidas socio sanitarias.<\/p>\n\n\n\n<figure class=\"wp-block-image size-large\"><img loading=\"lazy\" decoding=\"async\" width=\"803\" height=\"782\" data-attachment-id=\"127602\" data-permalink=\"https:\/\/www.hoymercedes.com.ar\/principal\/2021\/04\/05\/covid-19-laboratorio-de-virologia-molecular-detecta-cepa-inglesa-en-pacientes-ya-recuperados\/varientauk\/#main\" data-orig-file=\"https:\/\/www.hoymercedes.com.ar\/principal\/wp-content\/uploads\/2021\/04\/VarientaUK.jpg\" data-orig-size=\"803,782\" data-comments-opened=\"0\" data-image-meta=\"{&quot;aperture&quot;:&quot;0&quot;,&quot;credit&quot;:&quot;&quot;,&quot;camera&quot;:&quot;&quot;,&quot;caption&quot;:&quot;&quot;,&quot;created_timestamp&quot;:&quot;0&quot;,&quot;copyright&quot;:&quot;&quot;,&quot;focal_length&quot;:&quot;0&quot;,&quot;iso&quot;:&quot;0&quot;,&quot;shutter_speed&quot;:&quot;0&quot;,&quot;title&quot;:&quot;&quot;,&quot;orientation&quot;:&quot;0&quot;}\" data-image-title=\"VarientaUK\" data-image-description=\"\" data-image-caption=\"\" data-large-file=\"https:\/\/www.hoymercedes.com.ar\/principal\/wp-content\/uploads\/2021\/04\/VarientaUK.jpg\" src=\"https:\/\/www.hoymercedes.com.ar\/principal\/wp-content\/uploads\/2021\/04\/VarientaUK.jpg\" alt=\"\" class=\"wp-image-127602\" srcset=\"https:\/\/www.hoymercedes.com.ar\/principal\/wp-content\/uploads\/2021\/04\/VarientaUK.jpg 803w, https:\/\/www.hoymercedes.com.ar\/principal\/wp-content\/uploads\/2021\/04\/VarientaUK-630x614.jpg 630w, https:\/\/www.hoymercedes.com.ar\/principal\/wp-content\/uploads\/2021\/04\/VarientaUK-150x146.jpg 150w\" sizes=\"auto, (max-width: 803px) 100vw, 803px\" \/><\/figure>\n","protected":false},"excerpt":{"rendered":"<p>Informamos a la comunidad que tras un minucioso proceso cient\u00edfico los profesionales del Laboratorio de Virolog\u00eda Molecular de nuestra ciudad, &#8230; <a title=\"Covid-19: Laboratorio de Virolog\u00eda Molecular detecta cepa inglesa en pacientes ya recuperados\" class=\"read-more\" href=\"https:\/\/www.hoymercedes.com.ar\/principal\/2021\/04\/05\/covid-19-laboratorio-de-virologia-molecular-detecta-cepa-inglesa-en-pacientes-ya-recuperados\/\" aria-label=\"Leer m\u00e1s sobre Covid-19: Laboratorio de Virolog\u00eda Molecular detecta cepa inglesa en pacientes ya recuperados\">Leer m\u00e1s<\/a><\/p>\n","protected":false},"author":1,"featured_media":127602,"comment_status":"closed","ping_status":"open","sticky":false,"template":"","format":"standard","meta":{"_monsterinsights_skip_tracking":false,"_monsterinsights_sitenote_active":false,"_monsterinsights_sitenote_note":"","_monsterinsights_sitenote_category":0,"jetpack_post_was_ever_published":false,"_jetpack_newsletter_access":"","_jetpack_dont_email_post_to_subs":false,"_jetpack_newsletter_tier_id":0,"_jetpack_memberships_contains_paywalled_content":false,"_jetpack_memberships_contains_paid_content":false,"footnotes":"","jetpack_publicize_message":"","jetpack_publicize_feature_enabled":true,"jetpack_social_post_already_shared":true,"jetpack_social_options":{"image_generator_settings":{"template":"highway","default_image_id":0,"font":"","enabled":false},"version":2},"_wpas_customize_per_network":false},"categories":[9791],"tags":[16175,16819,16854],"class_list":["post-127601","post","type-post","status-publish","format-standard","has-post-thumbnail","hentry","category-salud","tag-coronavirus","tag-covid","tag-informe-local","generate-columns","tablet-grid-50","mobile-grid-100","grid-parent","grid-50"],"jetpack_publicize_connections":[],"jetpack_featured_media_url":"https:\/\/www.hoymercedes.com.ar\/principal\/wp-content\/uploads\/2021\/04\/VarientaUK.jpg","wps_subtitle":"#Coronavirus","jetpack_sharing_enabled":true,"jetpack-related-posts":[{"id":129165,"url":"https:\/\/www.hoymercedes.com.ar\/principal\/2021\/04\/28\/alerta-detectan-cepa-manaos-en-una-muestra-de-mercedes-y-una-de-suipacha\/","url_meta":{"origin":127601,"position":0},"title":"Alerta: detectan Cepa Manaos en una muestra de Mercedes y una de Suipacha","author":"hoymercedes","date":"28 abril, 2021","format":false,"excerpt":"Desde un comunicado oficial el Comit\u00e9 de Crisis se anunci\u00f3 que se detect\u00f3 la Cepa Manaos de Covid-19 en una muestra de Mercedes y una muestra de Suipacha tras los estudios cient\u00edficos efectuados en el Laboratorio de Virolog\u00eda Molecular. El comunicado expresa: Informamos a la comunidad que los profesionales del\u2026","rel":"","context":"En \u00abSalud\u00bb","block_context":{"text":"Salud","link":"https:\/\/www.hoymercedes.com.ar\/principal\/category\/salud\/"},"img":{"alt_text":"","src":"https:\/\/i0.wp.com\/www.hoymercedes.com.ar\/principal\/wp-content\/uploads\/2021\/04\/CepaManaos.png?resize=350%2C200&ssl=1","width":350,"height":200,"srcset":"https:\/\/i0.wp.com\/www.hoymercedes.com.ar\/principal\/wp-content\/uploads\/2021\/04\/CepaManaos.png?resize=350%2C200&ssl=1 1x, https:\/\/i0.wp.com\/www.hoymercedes.com.ar\/principal\/wp-content\/uploads\/2021\/04\/CepaManaos.png?resize=525%2C300&ssl=1 1.5x, https:\/\/i0.wp.com\/www.hoymercedes.com.ar\/principal\/wp-content\/uploads\/2021\/04\/CepaManaos.png?resize=700%2C400&ssl=1 2x, https:\/\/i0.wp.com\/www.hoymercedes.com.ar\/principal\/wp-content\/uploads\/2021\/04\/CepaManaos.png?resize=1050%2C600&ssl=1 3x"},"classes":[]},{"id":142355,"url":"https:\/\/www.hoymercedes.com.ar\/principal\/2022\/01\/05\/tercera-ola-detectan-cepa-omicrom-en-mercedes\/","url_meta":{"origin":127601,"position":1},"title":"Tercera Ola: detectan \u00abCepa Omicr\u00f3m\u00bb en Mercedes","author":"hoymercedes","date":"5 enero, 2022","format":false,"excerpt":"Se inform\u00f3 oficialmente que se detect\u00f3 la contagiosa cepa en Mercedes. Al igual que localidades de la regi\u00f3n se hall\u00f3 en un viajante al exterior y en otro sin eparente contacto estrecho. En toda la provincia ya es considerada \"comunitaria\". El comunicado es el siguiente: Informaci\u00f3n a la comunidad Informamos\u2026","rel":"","context":"En \u00abSociedad\u00bb","block_context":{"text":"Sociedad","link":"https:\/\/www.hoymercedes.com.ar\/principal\/category\/sociedad\/"},"img":{"alt_text":"","src":"https:\/\/i0.wp.com\/www.hoymercedes.com.ar\/principal\/wp-content\/uploads\/2022\/01\/Omicrom.jpg?resize=350%2C200&ssl=1","width":350,"height":200,"srcset":"https:\/\/i0.wp.com\/www.hoymercedes.com.ar\/principal\/wp-content\/uploads\/2022\/01\/Omicrom.jpg?resize=350%2C200&ssl=1 1x, https:\/\/i0.wp.com\/www.hoymercedes.com.ar\/principal\/wp-content\/uploads\/2022\/01\/Omicrom.jpg?resize=525%2C300&ssl=1 1.5x, https:\/\/i0.wp.com\/www.hoymercedes.com.ar\/principal\/wp-content\/uploads\/2022\/01\/Omicrom.jpg?resize=700%2C400&ssl=1 2x"},"classes":[]},{"id":157890,"url":"https:\/\/www.hoymercedes.com.ar\/principal\/2023\/02\/01\/laboratorio-del-dubarry-secuencio-el-genoma-completo-de-covid\/","url_meta":{"origin":127601,"position":2},"title":"Laboratorio del Dubarry secuenci\u00f3 el genoma completo de Covid","author":"hoymercedes","date":"1 febrero, 2023","format":false,"excerpt":"Desde el Hospital Blas L. Dubarry informaron que el Laboratorio de Virolog\u00eda Molecular del nosocomio estableci\u00f3 la secuenciaci\u00f3n del genoma completo de Covid.","rel":"","context":"En \u00abSalud\u00bb","block_context":{"text":"Salud","link":"https:\/\/www.hoymercedes.com.ar\/principal\/category\/salud\/"},"img":{"alt_text":"","src":"https:\/\/i0.wp.com\/www.hoymercedes.com.ar\/principal\/wp-content\/uploads\/2023\/02\/dubarry-0102-1.jpeg?resize=350%2C200&ssl=1","width":350,"height":200,"srcset":"https:\/\/i0.wp.com\/www.hoymercedes.com.ar\/principal\/wp-content\/uploads\/2023\/02\/dubarry-0102-1.jpeg?resize=350%2C200&ssl=1 1x, https:\/\/i0.wp.com\/www.hoymercedes.com.ar\/principal\/wp-content\/uploads\/2023\/02\/dubarry-0102-1.jpeg?resize=525%2C300&ssl=1 1.5x, https:\/\/i0.wp.com\/www.hoymercedes.com.ar\/principal\/wp-content\/uploads\/2023\/02\/dubarry-0102-1.jpeg?resize=700%2C400&ssl=1 2x"},"classes":[]},{"id":124785,"url":"https:\/\/www.hoymercedes.com.ar\/principal\/2021\/02\/13\/aparece-nueva-cepa-de-coronavirus-en-mercedes\/","url_meta":{"origin":127601,"position":3},"title":"Aparece nueva cepa de coronavirus en Mercedes","author":"hoymercedes","date":"13 febrero, 2021","format":false,"excerpt":"A trav\u00e9s de un comunicado oficial, las autoridades comunales informaron que el Laboratorio de Virolog\u00eda Molecular del Dubarry hall\u00f3 entre las muestras tomadas a los pacientes una de las nuevas cepas del Sars-cov2.","rel":"","context":"En \u00abMunicipio\u00bb","block_context":{"text":"Municipio","link":"https:\/\/www.hoymercedes.com.ar\/principal\/category\/municipio\/"},"img":{"alt_text":"","src":"https:\/\/i0.wp.com\/www.hoymercedes.com.ar\/principal\/wp-content\/uploads\/2021\/02\/IMG-20210213-WA0027.jpg?resize=350%2C200&ssl=1","width":350,"height":200,"srcset":"https:\/\/i0.wp.com\/www.hoymercedes.com.ar\/principal\/wp-content\/uploads\/2021\/02\/IMG-20210213-WA0027.jpg?resize=350%2C200&ssl=1 1x, https:\/\/i0.wp.com\/www.hoymercedes.com.ar\/principal\/wp-content\/uploads\/2021\/02\/IMG-20210213-WA0027.jpg?resize=525%2C300&ssl=1 1.5x, https:\/\/i0.wp.com\/www.hoymercedes.com.ar\/principal\/wp-content\/uploads\/2021\/02\/IMG-20210213-WA0027.jpg?resize=700%2C400&ssl=1 2x"},"classes":[]},{"id":138673,"url":"https:\/\/www.hoymercedes.com.ar\/principal\/2021\/10\/16\/covid-en-mercedes-confirman-tres-casos-de-la-variante-delta\/","url_meta":{"origin":127601,"position":4},"title":"Covid en Mercedes: confirman tres casos de la variante Delta","author":"hoymercedes","date":"16 octubre, 2021","format":false,"excerpt":"Las autoridades comunales y sanitarias enviaron una comunicaci\u00f3n en la noche del viernes que confirma que \"en tres muestras de pacientes\" se detect\u00f3 la variante \"de preocupaci\u00f3n (VOC) DELTA (Linaje B.1.617.2) de Sars-Cov2 mediante la secuencia parcial del gen S. Asimismo, informaron que este viernes un an\u00e1lisis dio positivo entre\u2026","rel":"","context":"En \u00abSalud\u00bb","block_context":{"text":"Salud","link":"https:\/\/www.hoymercedes.com.ar\/principal\/category\/salud\/"},"img":{"alt_text":"","src":"https:\/\/i0.wp.com\/www.hoymercedes.com.ar\/principal\/wp-content\/uploads\/2021\/10\/IMG-20211015-WA0071.jpg?resize=350%2C200&ssl=1","width":350,"height":200,"srcset":"https:\/\/i0.wp.com\/www.hoymercedes.com.ar\/principal\/wp-content\/uploads\/2021\/10\/IMG-20211015-WA0071.jpg?resize=350%2C200&ssl=1 1x, https:\/\/i0.wp.com\/www.hoymercedes.com.ar\/principal\/wp-content\/uploads\/2021\/10\/IMG-20211015-WA0071.jpg?resize=525%2C300&ssl=1 1.5x"},"classes":[]},{"id":116620,"url":"https:\/\/www.hoymercedes.com.ar\/principal\/2020\/09\/14\/coronavirus-20-positivos-y-un-fallecimiento-se-suman-en-mercedes\/","url_meta":{"origin":127601,"position":5},"title":"Coronavirus: 20 positivos y un fallecimiento se suman en Mercedes","author":"hoymercedes","date":"14 septiembre, 2020","format":false,"excerpt":"En el cierre de la jornada, las autoridades sanitarias de la ciudad confirmaron que 20 pacientes obtuvieron su resultado positivo tras los 89 an\u00e1lisis realizados por el Laboratorio de Virolog\u00eda Molecular. Asimismo, dieron cuenta del fallecimiento de una persona de 85 a\u00f1os que falleci\u00f3 siendo portadora del virus SARS-cov2. Parte\u2026","rel":"","context":"En \u00abSalud\u00bb","block_context":{"text":"Salud","link":"https:\/\/www.hoymercedes.com.ar\/principal\/category\/salud\/"},"img":{"alt_text":"","src":"https:\/\/i0.wp.com\/www.hoymercedes.com.ar\/principal\/wp-content\/uploads\/2020\/09\/WhatsApp-Image-2020-09-14-at-21.00.25.jpeg?resize=350%2C200&ssl=1","width":350,"height":200,"srcset":"https:\/\/i0.wp.com\/www.hoymercedes.com.ar\/principal\/wp-content\/uploads\/2020\/09\/WhatsApp-Image-2020-09-14-at-21.00.25.jpeg?resize=350%2C200&ssl=1 1x, https:\/\/i0.wp.com\/www.hoymercedes.com.ar\/principal\/wp-content\/uploads\/2020\/09\/WhatsApp-Image-2020-09-14-at-21.00.25.jpeg?resize=525%2C300&ssl=1 1.5x, https:\/\/i0.wp.com\/www.hoymercedes.com.ar\/principal\/wp-content\/uploads\/2020\/09\/WhatsApp-Image-2020-09-14-at-21.00.25.jpeg?resize=700%2C400&ssl=1 2x"},"classes":[]}],"_links":{"self":[{"href":"https:\/\/www.hoymercedes.com.ar\/principal\/wp-json\/wp\/v2\/posts\/127601","targetHints":{"allow":["GET"]}}],"collection":[{"href":"https:\/\/www.hoymercedes.com.ar\/principal\/wp-json\/wp\/v2\/posts"}],"about":[{"href":"https:\/\/www.hoymercedes.com.ar\/principal\/wp-json\/wp\/v2\/types\/post"}],"author":[{"embeddable":true,"href":"https:\/\/www.hoymercedes.com.ar\/principal\/wp-json\/wp\/v2\/users\/1"}],"replies":[{"embeddable":true,"href":"https:\/\/www.hoymercedes.com.ar\/principal\/wp-json\/wp\/v2\/comments?post=127601"}],"version-history":[{"count":0,"href":"https:\/\/www.hoymercedes.com.ar\/principal\/wp-json\/wp\/v2\/posts\/127601\/revisions"}],"wp:featuredmedia":[{"embeddable":true,"href":"https:\/\/www.hoymercedes.com.ar\/principal\/wp-json\/wp\/v2\/media\/127602"}],"wp:attachment":[{"href":"https:\/\/www.hoymercedes.com.ar\/principal\/wp-json\/wp\/v2\/media?parent=127601"}],"wp:term":[{"taxonomy":"category","embeddable":true,"href":"https:\/\/www.hoymercedes.com.ar\/principal\/wp-json\/wp\/v2\/categories?post=127601"},{"taxonomy":"post_tag","embeddable":true,"href":"https:\/\/www.hoymercedes.com.ar\/principal\/wp-json\/wp\/v2\/tags?post=127601"}],"curies":[{"name":"wp","href":"https:\/\/api.w.org\/{rel}","templated":true}]}}