{"id":127606,"date":"2021-04-06T09:12:10","date_gmt":"2021-04-06T12:12:10","guid":{"rendered":"https:\/\/www.hoymercedes.com.ar\/principal\/?p=127606"},"modified":"2021-04-07T15:28:42","modified_gmt":"2021-04-07T18:28:42","slug":"preocupa-un-extrano-sindrome-post-covid-detectado-en-ninos","status":"publish","type":"post","link":"https:\/\/www.hoymercedes.com.ar\/principal\/2021\/04\/06\/preocupa-un-extrano-sindrome-post-covid-detectado-en-ninos\/","title":{"rendered":"Preocupa un extra\u00f1o s\u00edndrome post Covid detectado en ni\u00f1os"},"content":{"rendered":"\n<p><em><strong>En Argentina se detectaron casos del S\u00edndrome Multisist\u00e9mico Inflamatorio Pedi\u00e1trico que preocupa cada vez m\u00e1s a las autoridades sanitarias de Europa y Estados Unidos.<\/strong><\/em><\/p>\n\n\n\n<div class=\"wp-block-image\"><figure class=\"aligncenter size-large\"><img loading=\"lazy\" decoding=\"async\" width=\"656\" height=\"370\" data-attachment-id=\"127607\" data-permalink=\"https:\/\/www.hoymercedes.com.ar\/principal\/2021\/04\/06\/preocupa-un-extrano-sindrome-post-covid-detectado-en-ninos\/nino-covid\/#main\" data-orig-file=\"https:\/\/www.hoymercedes.com.ar\/principal\/wp-content\/uploads\/2021\/04\/nino-covid.jpg\" data-orig-size=\"656,370\" data-comments-opened=\"0\" data-image-meta=\"{&quot;aperture&quot;:&quot;0&quot;,&quot;credit&quot;:&quot;&quot;,&quot;camera&quot;:&quot;&quot;,&quot;caption&quot;:&quot;&quot;,&quot;created_timestamp&quot;:&quot;0&quot;,&quot;copyright&quot;:&quot;&quot;,&quot;focal_length&quot;:&quot;0&quot;,&quot;iso&quot;:&quot;0&quot;,&quot;shutter_speed&quot;:&quot;0&quot;,&quot;title&quot;:&quot;&quot;,&quot;orientation&quot;:&quot;0&quot;}\" data-image-title=\"nino covid\" data-image-description=\"\" data-image-caption=\"\" data-large-file=\"https:\/\/www.hoymercedes.com.ar\/principal\/wp-content\/uploads\/2021\/04\/nino-covid.jpg\" src=\"https:\/\/www.hoymercedes.com.ar\/principal\/wp-content\/uploads\/2021\/04\/nino-covid.jpg\" alt=\"\" class=\"wp-image-127607\" srcset=\"https:\/\/www.hoymercedes.com.ar\/principal\/wp-content\/uploads\/2021\/04\/nino-covid.jpg 656w, https:\/\/www.hoymercedes.com.ar\/principal\/wp-content\/uploads\/2021\/04\/nino-covid-630x355.jpg 630w, https:\/\/www.hoymercedes.com.ar\/principal\/wp-content\/uploads\/2021\/04\/nino-covid-150x85.jpg 150w\" sizes=\"auto, (max-width: 656px) 100vw, 656px\" \/><\/figure><\/div>\n\n\n\n<p>Aunque los chicos que se contagian Covid-19 son mayormente asintom\u00e1ticos, un porcentaje de la poblaci\u00f3n que se recuper\u00f3 de la enfermedad, sufri\u00f3 un conjunto de signos y s\u00edntomas en las tres o cuatro semanas siguientes, que los m\u00e9dicos llamaron S\u00edndrome Multisist\u00e9mico Inflamatorio Pedi\u00e1trico (MIS-C).<\/p>\n\n\n\n<p>En Europa y Estados Unidos se encendi\u00f3 la alarma de una rara afecci\u00f3n infantil que inflama los vasos sangu\u00edneos. Francesco La Torre, un m\u00e9dico referente de la regi\u00f3n sur de Italia, inform\u00f3 que se detectaron hasta el momento 130 casos, 30% de los cuales termin\u00f3 en terapia intensiva<\/p>\n\n\n\n<p>Mientras tanto en la Argentina, seg\u00fan un estudio de la Sociedad de Pediatr\u00eda (SAP) publicado en febrero de este a\u00f1o, hubo al menos dos casos de pacientes cr\u00edticos.<\/p>\n\n\n\n<p>\u201cSu evoluci\u00f3n es potencialmente grave y puede presentar falla cardiovascular; la mortalidad es baja (del 2 %)\u201d, hab\u00edan advertido.<\/p>\n\n\n\n<p>En mayo de 2020 apareci\u00f3 el primer informe de compromiso multiorg\u00e1nico con shock circulatorio e inflamaci\u00f3n sist\u00e9mica en 8 ni\u00f1os argentinos con Covid-19.<\/p>\n\n\n\n<p>Sus caracter\u00edsticas eran similares a las de otras enfermedades como la de Kawasaki, el s\u00edndrome de shock t\u00f3xico, la linfohistiocitosis hemofagoc\u00edtica y el s\u00edndrome de activaci\u00f3n macrof\u00e1gica.<\/p>\n\n\n\n<p>El MIS-C que afecta a ni\u00f1as y ni\u00f1os de entre 3 y 12 a\u00f1os de edad, se define por la presencia de fiebre persistente, inflamaci\u00f3n y disfunci\u00f3n org\u00e1nica, dolores abdominales, conjuntivitis, dolor de garganta, manchas en el cuerpo y fatiga.<\/p>\n\n\n\n<p>En tal sentido, la SAP se\u00f1al\u00f3 que el tratamiento incluye inmunoglobulinas y luego con cortisona, durante tres d\u00edas, antes de proceder con la Anakirna<\/p>\n\n\n\n<p>Fuente: Redacci\u00f3n GLP<\/p>\n","protected":false},"excerpt":{"rendered":"<p>En Argentina se detectaron casos del S\u00edndrome Multisist\u00e9mico Inflamatorio Pedi\u00e1trico que preocupa cada vez m\u00e1s a las autoridades sanitarias de &#8230; <a title=\"Preocupa un extra\u00f1o s\u00edndrome post Covid detectado en ni\u00f1os\" class=\"read-more\" href=\"https:\/\/www.hoymercedes.com.ar\/principal\/2021\/04\/06\/preocupa-un-extrano-sindrome-post-covid-detectado-en-ninos\/\" aria-label=\"Leer m\u00e1s sobre Preocupa un extra\u00f1o s\u00edndrome post Covid detectado en ni\u00f1os\">Leer m\u00e1s<\/a><\/p>\n","protected":false},"author":1,"featured_media":127607,"comment_status":"closed","ping_status":"open","sticky":false,"template":"","format":"standard","meta":{"_monsterinsights_skip_tracking":false,"_monsterinsights_sitenote_active":false,"_monsterinsights_sitenote_note":"","_monsterinsights_sitenote_category":0,"jetpack_post_was_ever_published":false,"_jetpack_newsletter_access":"","_jetpack_dont_email_post_to_subs":false,"_jetpack_newsletter_tier_id":0,"_jetpack_memberships_contains_paywalled_content":false,"_jetpack_memberships_contains_paid_content":false,"footnotes":"","jetpack_publicize_message":"","jetpack_publicize_feature_enabled":true,"jetpack_social_post_already_shared":true,"jetpack_social_options":{"image_generator_settings":{"template":"highway","default_image_id":0,"font":"","enabled":false},"version":2},"_wpas_customize_per_network":false},"categories":[9791],"tags":[16175,16819,17658],"class_list":["post-127606","post","type-post","status-publish","format-standard","has-post-thumbnail","hentry","category-salud","tag-coronavirus","tag-covid","tag-salud-internacional","generate-columns","tablet-grid-50","mobile-grid-100","grid-parent","grid-50"],"jetpack_publicize_connections":[],"jetpack_featured_media_url":"https:\/\/www.hoymercedes.com.ar\/principal\/wp-content\/uploads\/2021\/04\/nino-covid.jpg","wps_subtitle":"Salud internacional","jetpack_sharing_enabled":true,"jetpack-related-posts":[{"id":160231,"url":"https:\/\/www.hoymercedes.com.ar\/principal\/2023\/03\/28\/h-dubarry-abren-consultorio-pediatrico-de-alto-riesgo\/","url_meta":{"origin":127606,"position":0},"title":"H. Dubarry: Abren consultorio pedi\u00e1trico de alto riesgo","author":"hoymercedes","date":"28 marzo, 2023","format":false,"excerpt":"Desde el Hospital Blas L. Dubarry anunciaron la apertura en la sala de consultorios externos pedi\u00e1tricos del Hospital Dubarry, el consultorio pedi\u00e1trico de Alto Riesgo que atender\u00e1 a pacientes seleccionados que tienen patolog\u00edas que requieren un manejo interdisciplinario. La atenci\u00f3n ser\u00e1 desde el 5 de abril, todos los mi\u00e9rcoles de\u2026","rel":"","context":"En \u00abSalud\u00bb","block_context":{"text":"Salud","link":"https:\/\/www.hoymercedes.com.ar\/principal\/category\/salud\/"},"img":{"alt_text":"","src":"https:\/\/i0.wp.com\/www.hoymercedes.com.ar\/principal\/wp-content\/uploads\/2023\/03\/hospital-cangaro-2.jpeg?resize=350%2C200&ssl=1","width":350,"height":200,"srcset":"https:\/\/i0.wp.com\/www.hoymercedes.com.ar\/principal\/wp-content\/uploads\/2023\/03\/hospital-cangaro-2.jpeg?resize=350%2C200&ssl=1 1x, https:\/\/i0.wp.com\/www.hoymercedes.com.ar\/principal\/wp-content\/uploads\/2023\/03\/hospital-cangaro-2.jpeg?resize=525%2C300&ssl=1 1.5x, https:\/\/i0.wp.com\/www.hoymercedes.com.ar\/principal\/wp-content\/uploads\/2023\/03\/hospital-cangaro-2.jpeg?resize=700%2C400&ssl=1 2x"},"classes":[]},{"id":134401,"url":"https:\/\/www.hoymercedes.com.ar\/principal\/2021\/07\/30\/provincia-envio-100-mil-turnos-para-chicos-y-chicas-de-12-a-17-anos-de-grupos-priorizados\/","url_meta":{"origin":127606,"position":1},"title":"Provincia envi\u00f3 100 mil turnos para chicos y chicas de 12 a 17 a\u00f1os de grupos priorizados","author":"hoymercedes","date":"30 julio, 2021","format":false,"excerpt":"Gobierno PBA - Este viernes, la provincia de Buenos Aires envi\u00f3 los primeros 100 mil turnos para menores de edad, de 12 a 17 a\u00f1os priorizados por sus condiciones de salud, que comenzar\u00e1n a aplicarse desde el pr\u00f3ximo martes 3 de agosto. Es indispensable que los chicos y chicas de\u2026","rel":"","context":"En \u00abProvincia\u00bb","block_context":{"text":"Provincia","link":"https:\/\/www.hoymercedes.com.ar\/principal\/category\/provincia\/"},"img":{"alt_text":"","src":"https:\/\/i0.wp.com\/www.hoymercedes.com.ar\/principal\/wp-content\/uploads\/2021\/07\/IMG_20210730_205252.jpg?resize=350%2C200&ssl=1","width":350,"height":200,"srcset":"https:\/\/i0.wp.com\/www.hoymercedes.com.ar\/principal\/wp-content\/uploads\/2021\/07\/IMG_20210730_205252.jpg?resize=350%2C200&ssl=1 1x, https:\/\/i0.wp.com\/www.hoymercedes.com.ar\/principal\/wp-content\/uploads\/2021\/07\/IMG_20210730_205252.jpg?resize=525%2C300&ssl=1 1.5x, https:\/\/i0.wp.com\/www.hoymercedes.com.ar\/principal\/wp-content\/uploads\/2021\/07\/IMG_20210730_205252.jpg?resize=700%2C400&ssl=1 2x, https:\/\/i0.wp.com\/www.hoymercedes.com.ar\/principal\/wp-content\/uploads\/2021\/07\/IMG_20210730_205252.jpg?resize=1050%2C600&ssl=1 3x, https:\/\/i0.wp.com\/www.hoymercedes.com.ar\/principal\/wp-content\/uploads\/2021\/07\/IMG_20210730_205252.jpg?resize=1400%2C800&ssl=1 4x"},"classes":[]},{"id":153417,"url":"https:\/\/www.hoymercedes.com.ar\/principal\/2022\/09\/26\/el-sabado-1-habra-recital-solidario-por-elena-bojorge\/","url_meta":{"origin":127606,"position":2},"title":"El s\u00e1bado 1\u00b0 habr\u00e1 recital solidario por Elena Bojorge","author":"hoymercedes","date":"26 septiembre, 2022","format":false,"excerpt":"El pr\u00f3ximo s\u00e1bado 1\u00b0 de octubre se llevar\u00e1 adelante un recital solidario. A partir de la hora 19 en el Centro Cultural La Trocha actuar\u00e1n Sanny, Big Guap, Senomar, Gran Lady y Polillas de Poliester.","rel":"","context":"En \u00abSociedad\u00bb","block_context":{"text":"Sociedad","link":"https:\/\/www.hoymercedes.com.ar\/principal\/category\/sociedad\/"},"img":{"alt_text":"","src":"https:\/\/i0.wp.com\/www.hoymercedes.com.ar\/principal\/wp-content\/uploads\/2022\/09\/elena-bojorge.jpg?resize=350%2C200&ssl=1","width":350,"height":200,"srcset":"https:\/\/i0.wp.com\/www.hoymercedes.com.ar\/principal\/wp-content\/uploads\/2022\/09\/elena-bojorge.jpg?resize=350%2C200&ssl=1 1x, https:\/\/i0.wp.com\/www.hoymercedes.com.ar\/principal\/wp-content\/uploads\/2022\/09\/elena-bojorge.jpg?resize=525%2C300&ssl=1 1.5x, https:\/\/i0.wp.com\/www.hoymercedes.com.ar\/principal\/wp-content\/uploads\/2022\/09\/elena-bojorge.jpg?resize=700%2C400&ssl=1 2x"},"classes":[]},{"id":71388,"url":"https:\/\/www.hoymercedes.com.ar\/principal\/2018\/01\/06\/invitan-a-informarse-sobre-sindrome-uremico-hemolitico-tras-detectarse-caso-en-la-region\/","url_meta":{"origin":127606,"position":3},"title":"Invitan a informarse sobre S\u00edndrome Ur\u00e9mico Hemol\u00edtico tras detectarse caso en la regi\u00f3n","author":"hoymercedes","date":"6 enero, 2018","format":false,"excerpt":"La Secretar\u00eda de Salud de la Municipalidad de Mercedes informa que se ha detectado un caso de S\u00edndrome Ur\u00e9mico Hemol\u00edtico en una localidad de la regi\u00f3n y por tal motivo invita a la poblaci\u00f3n a conocer sobre sus caracter\u00edsticas principales, transmisi\u00f3n y s\u00edntomas para generar conciencia y atenci\u00f3n en los\u2026","rel":"","context":"En \u00abMunicipio\u00bb","block_context":{"text":"Municipio","link":"https:\/\/www.hoymercedes.com.ar\/principal\/category\/municipio\/"},"img":{"alt_text":"","src":"https:\/\/i0.wp.com\/www.hoymercedes.com.ar\/principal\/wp-content\/uploads\/2018\/01\/SUH.jpg?resize=350%2C200&ssl=1","width":350,"height":200,"srcset":"https:\/\/i0.wp.com\/www.hoymercedes.com.ar\/principal\/wp-content\/uploads\/2018\/01\/SUH.jpg?resize=350%2C200&ssl=1 1x, https:\/\/i0.wp.com\/www.hoymercedes.com.ar\/principal\/wp-content\/uploads\/2018\/01\/SUH.jpg?resize=525%2C300&ssl=1 1.5x, https:\/\/i0.wp.com\/www.hoymercedes.com.ar\/principal\/wp-content\/uploads\/2018\/01\/SUH.jpg?resize=700%2C400&ssl=1 2x"},"classes":[]},{"id":61071,"url":"https:\/\/www.hoymercedes.com.ar\/principal\/2017\/03\/26\/dia-del-sindrome-de-down-juegos-musica-y-baile-con-integracion\/","url_meta":{"origin":127606,"position":4},"title":"D\u00eda del S\u00edndrome de Down: Juegos, m\u00fasica y baile con integraci\u00f3n","author":"hoymercedes","date":"26 marzo, 2017","format":false,"excerpt":"El 21 de marzo se conmemor\u00f3 el D\u00eda del S\u00edndrome de Down. Aquel d\u00eda la organizaci\u00f3n mercedina S\u00edndrome de Down Mercedes aprovech\u00f3 la oportunidad para concientizar e invitar a los vecinos a festejar este d\u00eda con una actividad en la tarde del s\u00e1bado. As\u00ed fue como la Plaza de la\u2026","rel":"","context":"En \u00abSalud\u00bb","block_context":{"text":"Salud","link":"https:\/\/www.hoymercedes.com.ar\/principal\/category\/salud\/"},"img":{"alt_text":"","src":"https:\/\/i0.wp.com\/www.hoymercedes.com.ar\/principal\/wp-content\/uploads\/2017\/03\/26-sindrome-down-2.jpg?resize=350%2C200&ssl=1","width":350,"height":200,"srcset":"https:\/\/i0.wp.com\/www.hoymercedes.com.ar\/principal\/wp-content\/uploads\/2017\/03\/26-sindrome-down-2.jpg?resize=350%2C200&ssl=1 1x, https:\/\/i0.wp.com\/www.hoymercedes.com.ar\/principal\/wp-content\/uploads\/2017\/03\/26-sindrome-down-2.jpg?resize=525%2C300&ssl=1 1.5x"},"classes":[]},{"id":60944,"url":"https:\/\/www.hoymercedes.com.ar\/principal\/2017\/03\/22\/este-sabado-celebran-el-dia-de-sindrome-de-down\/","url_meta":{"origin":127606,"position":5},"title":"Este s\u00e1bado celebran el D\u00eda de S\u00edndrome de Down","author":"hoymercedes","date":"22 marzo, 2017","format":false,"excerpt":"El pasado \u00a0martes\u00a0 21 de marzo se celebr\u00f3 el D\u00eda Mundial del S\u00edndrome de Down. La organizaci\u00f3n S\u00edndrome de Down Mercedes y la Direcci\u00f3n Municipal de Discapacidad lo festejaron con una jornada de difusi\u00f3n y concientizaci\u00f3n. Este s\u00e1bado 25 llevar\u00e1 adelante un d\u00eda de juegos, m\u00fasica, payasos y actividades deportivas\u2026","rel":"","context":"En \u00abComunidad\u00bb","block_context":{"text":"Comunidad","link":"https:\/\/www.hoymercedes.com.ar\/principal\/category\/comunidad\/"},"img":{"alt_text":"","src":"https:\/\/i0.wp.com\/www.hoymercedes.com.ar\/principal\/wp-content\/uploads\/2017\/03\/22-sindorme-down-1.jpg?resize=350%2C200&ssl=1","width":350,"height":200,"srcset":"https:\/\/i0.wp.com\/www.hoymercedes.com.ar\/principal\/wp-content\/uploads\/2017\/03\/22-sindorme-down-1.jpg?resize=350%2C200&ssl=1 1x, https:\/\/i0.wp.com\/www.hoymercedes.com.ar\/principal\/wp-content\/uploads\/2017\/03\/22-sindorme-down-1.jpg?resize=525%2C300&ssl=1 1.5x"},"classes":[]}],"_links":{"self":[{"href":"https:\/\/www.hoymercedes.com.ar\/principal\/wp-json\/wp\/v2\/posts\/127606","targetHints":{"allow":["GET"]}}],"collection":[{"href":"https:\/\/www.hoymercedes.com.ar\/principal\/wp-json\/wp\/v2\/posts"}],"about":[{"href":"https:\/\/www.hoymercedes.com.ar\/principal\/wp-json\/wp\/v2\/types\/post"}],"author":[{"embeddable":true,"href":"https:\/\/www.hoymercedes.com.ar\/principal\/wp-json\/wp\/v2\/users\/1"}],"replies":[{"embeddable":true,"href":"https:\/\/www.hoymercedes.com.ar\/principal\/wp-json\/wp\/v2\/comments?post=127606"}],"version-history":[{"count":0,"href":"https:\/\/www.hoymercedes.com.ar\/principal\/wp-json\/wp\/v2\/posts\/127606\/revisions"}],"wp:featuredmedia":[{"embeddable":true,"href":"https:\/\/www.hoymercedes.com.ar\/principal\/wp-json\/wp\/v2\/media\/127607"}],"wp:attachment":[{"href":"https:\/\/www.hoymercedes.com.ar\/principal\/wp-json\/wp\/v2\/media?parent=127606"}],"wp:term":[{"taxonomy":"category","embeddable":true,"href":"https:\/\/www.hoymercedes.com.ar\/principal\/wp-json\/wp\/v2\/categories?post=127606"},{"taxonomy":"post_tag","embeddable":true,"href":"https:\/\/www.hoymercedes.com.ar\/principal\/wp-json\/wp\/v2\/tags?post=127606"}],"curies":[{"name":"wp","href":"https:\/\/api.w.org\/{rel}","templated":true}]}}