{"id":127618,"date":"2021-04-06T11:16:00","date_gmt":"2021-04-06T14:16:00","guid":{"rendered":"https:\/\/www.hoymercedes.com.ar\/principal\/?p=127618"},"modified":"2021-04-07T15:27:52","modified_gmt":"2021-04-07T18:27:52","slug":"covid-en-lujan-otro-paciente-fallecido-y-12-nuevos-casos-positivos","status":"publish","type":"post","link":"https:\/\/www.hoymercedes.com.ar\/principal\/2021\/04\/06\/covid-en-lujan-otro-paciente-fallecido-y-12-nuevos-casos-positivos\/","title":{"rendered":"Covid en Luj\u00e1n: otro paciente fallecido y 12 nuevos casos positivos"},"content":{"rendered":"\n<p><em>Seg\u00fan informaron desde la Secretar\u00eda de Salud de la Municipalidad de Luj\u00e1n, el hombre que falleci\u00f3 ten\u00eda 78 a\u00f1os. De esta manera, ya son 165 las v\u00edctimas. Por su parte, este domingo recibieron el alta siete pacientes, se descartaron 39 casos en estudio y se configuraron 59 nuevos sospechosos.<\/em><\/p>\n\n\n\n<p>En su informe oficial N\u00b0 385, emitido este martes a las 7, la Secretar\u00eda de Salud del Partido de Luj\u00e1n inform\u00f3 que en las \u00faltimas 24 horas en dicha localidad falleci\u00f3 un lujanense con coronavirus. \u201cSe trata de un hombre de 78 a\u00f1os de edad que se encontraba internado en un efector de salud privado en el partido de Luj\u00e1n\u201d, se\u00f1alaron.<\/p>\n\n\n\n<p>Por su parte, se confirmaron 12 nuevos casos positivos de coronavirus. A su vez, se dieron de alta siete casos positivos para Covid-19. En tanto, se descartaron 39 casos en estudio y se configuraron 59 nuevos casos sospechosos de coronavirus.<\/p>\n\n\n\n<p>\u201cTodos los casos son asistidos seg\u00fan el protocolo de Covid-19 y en coordinaci\u00f3n con la Regi\u00f3n Sanitaria 7\u201d, se\u00f1alaron desde la cartera sanitaria.<\/p>\n\n\n\n<p>Hasta el momento, el Partido de Luj\u00e1n registra 7.384 casos positivos (de los cuales 165 fallecieron, 4.821 fueron dados de alta y 2.398 se encuentran en tratamiento) y 14.088 casos descartados<\/p>\n","protected":false},"excerpt":{"rendered":"<p>Seg\u00fan informaron desde la Secretar\u00eda de Salud de la Municipalidad de Luj\u00e1n, el hombre que falleci\u00f3 ten\u00eda 78 a\u00f1os. De &#8230; <a title=\"Covid en Luj\u00e1n: otro paciente fallecido y 12 nuevos casos positivos\" class=\"read-more\" href=\"https:\/\/www.hoymercedes.com.ar\/principal\/2021\/04\/06\/covid-en-lujan-otro-paciente-fallecido-y-12-nuevos-casos-positivos\/\" aria-label=\"Leer m\u00e1s sobre Covid en Luj\u00e1n: otro paciente fallecido y 12 nuevos casos positivos\">Leer m\u00e1s<\/a><\/p>\n","protected":false},"author":1,"featured_media":111450,"comment_status":"closed","ping_status":"open","sticky":false,"template":"","format":"standard","meta":{"_monsterinsights_skip_tracking":false,"_monsterinsights_sitenote_active":false,"_monsterinsights_sitenote_note":"","_monsterinsights_sitenote_category":0,"jetpack_post_was_ever_published":false,"_jetpack_newsletter_access":"","_jetpack_dont_email_post_to_subs":false,"_jetpack_newsletter_tier_id":0,"_jetpack_memberships_contains_paywalled_content":false,"_jetpack_memberships_contains_paid_content":false,"footnotes":"","jetpack_publicize_message":"","jetpack_publicize_feature_enabled":true,"jetpack_social_post_already_shared":true,"jetpack_social_options":{"image_generator_settings":{"template":"highway","default_image_id":0,"font":"","enabled":false},"version":2},"_wpas_customize_per_network":false},"categories":[5501],"tags":[17482,16819,86,134],"class_list":["post-127618","post","type-post","status-publish","format-standard","has-post-thumbnail","hentry","category-region","tag-coronavirus-en-la-region","tag-covid","tag-lujan","tag-salud","generate-columns","tablet-grid-50","mobile-grid-100","grid-parent","grid-50"],"jetpack_publicize_connections":[],"jetpack_featured_media_url":"https:\/\/www.hoymercedes.com.ar\/principal\/wp-content\/uploads\/2020\/05\/31-Coronavirus-Estudios-696x429-1.jpg","wps_subtitle":"Coronavirus en la regi\u00f3n","jetpack_sharing_enabled":true,"_links":{"self":[{"href":"https:\/\/www.hoymercedes.com.ar\/principal\/wp-json\/wp\/v2\/posts\/127618","targetHints":{"allow":["GET"]}}],"collection":[{"href":"https:\/\/www.hoymercedes.com.ar\/principal\/wp-json\/wp\/v2\/posts"}],"about":[{"href":"https:\/\/www.hoymercedes.com.ar\/principal\/wp-json\/wp\/v2\/types\/post"}],"author":[{"embeddable":true,"href":"https:\/\/www.hoymercedes.com.ar\/principal\/wp-json\/wp\/v2\/users\/1"}],"replies":[{"embeddable":true,"href":"https:\/\/www.hoymercedes.com.ar\/principal\/wp-json\/wp\/v2\/comments?post=127618"}],"version-history":[{"count":0,"href":"https:\/\/www.hoymercedes.com.ar\/principal\/wp-json\/wp\/v2\/posts\/127618\/revisions"}],"wp:featuredmedia":[{"embeddable":true,"href":"https:\/\/www.hoymercedes.com.ar\/principal\/wp-json\/wp\/v2\/media\/111450"}],"wp:attachment":[{"href":"https:\/\/www.hoymercedes.com.ar\/principal\/wp-json\/wp\/v2\/media?parent=127618"}],"wp:term":[{"taxonomy":"category","embeddable":true,"href":"https:\/\/www.hoymercedes.com.ar\/principal\/wp-json\/wp\/v2\/categories?post=127618"},{"taxonomy":"post_tag","embeddable":true,"href":"https:\/\/www.hoymercedes.com.ar\/principal\/wp-json\/wp\/v2\/tags?post=127618"}],"curies":[{"name":"wp","href":"https:\/\/api.w.org\/{rel}","templated":true}]}}