{"id":127621,"date":"2021-04-06T13:55:00","date_gmt":"2021-04-06T16:55:00","guid":{"rendered":"https:\/\/www.hoymercedes.com.ar\/principal\/?p=127621"},"modified":"2021-04-07T15:26:51","modified_gmt":"2021-04-07T18:26:51","slug":"breves-policiales-detenciones-durante-el-fin-de-semana","status":"publish","type":"post","link":"https:\/\/www.hoymercedes.com.ar\/principal\/2021\/04\/06\/breves-policiales-detenciones-durante-el-fin-de-semana\/","title":{"rendered":"Breves policiales: detenciones durante el fin de semana"},"content":{"rendered":"\n<p><strong><em>Los informes policiales de la Polic\u00eda Comunal de Mercedes de los \u00faltimos d\u00edas dan cuenta de la detenci\u00f3n de varias personas por diferentes causas. Algunos de los aprehendidos fueron por poseer drogas en sus prendas, o por tratar de ingresas estupefacientes a la c\u00e1rcel de Mercedes. <\/em><\/strong><\/p>\n\n\n\n<p>Por la infracci\u00f3n de la Ley 23737 (ley de estupefacientes) aprehendieron  a un hombre mayor de edad. Se le incaut\u00f3 \u00abentre sus prendas plantin (marihuana) y envoltorios de nylon con sustancia compacta verde pardusca simil marihuana (total 15,9 grs, test positivo para con marihuana)\u00bb. Unos d\u00edas m\u00e1s tarde, desde la Unidad Penitenciaria N\u00b0 5 informan que \u00abal realizar requisa a un interno del penal incautan un envoltorio de nylon negro con sustancia simil marihuana, y una faca de hierro de 16 cm. Test orientativo arroja resultado positivo para con marihuana, peso\u00bb. El 1\u00b0 de abril, tambi\u00e9n en la c\u00e1rcel de Mercedes, aprehendieron a una mujer con domicilio en Chivilcoy \u00abquien intento ingresar al penal disimulado en mercader\u00eda, envoltorio de naylon compacto, con sustancia verde parduzca simil marihuana. Test orientativo positivo para con marihuana, peso 11 gramos\u00bb. <\/p>\n\n\n\n<p>Asimismo, la Estaci\u00f3n Comunal de Mercedes procedi\u00f3 a la detenci\u00f3n por \u00abparadero activo\u00bb en calles 29 y 12 Mercedes, \u00abdando cumplimiento a OSE vigente a la interceptar y detener a femenina mayor de edad con domicilio en la localidad de Gral. Rodriguez, sobre quien pesa Pedido de Paradero Activo en expte. 445530\/2019\u00bb y el mismo d\u00eda en calles 23 y 40 detienen a un hombre. \u00abHabiendo dado cumplimiento a orden judicial en relaci\u00f3n a causa carat. Amenazas, Da\u00f1os, Lesiones leves, Resistencia a la Autoridad y Rebeld\u00eda con la injerencia de Juzg. Correccional 1 y Gtias en turno Dpto Judicial Mercedes\u00bb. <\/p>\n\n\n\n<p>Las detenciones est\u00e1n en causas que corren en la Fiscal\u00eda N\u00b0 3 y en Juzgados del Departamento Judicial Mercedes. Para no incurrir en dificultar las respectivas investigaciones no se difunden nombres. <\/p>\n","protected":false},"excerpt":{"rendered":"<p>Los informes policiales de la Polic\u00eda Comunal de Mercedes de los \u00faltimos d\u00edas dan cuenta de la detenci\u00f3n de varias &#8230; <a title=\"Breves policiales: detenciones durante el fin de semana\" class=\"read-more\" href=\"https:\/\/www.hoymercedes.com.ar\/principal\/2021\/04\/06\/breves-policiales-detenciones-durante-el-fin-de-semana\/\" aria-label=\"Leer m\u00e1s sobre Breves policiales: detenciones durante el fin de semana\">Leer m\u00e1s<\/a><\/p>\n","protected":false},"author":1,"featured_media":125642,"comment_status":"closed","ping_status":"open","sticky":false,"template":"","format":"standard","meta":{"_monsterinsights_skip_tracking":false,"_monsterinsights_sitenote_active":false,"_monsterinsights_sitenote_note":"","_monsterinsights_sitenote_category":0,"jetpack_post_was_ever_published":false,"_jetpack_newsletter_access":"","_jetpack_dont_email_post_to_subs":false,"_jetpack_newsletter_tier_id":0,"_jetpack_memberships_contains_paywalled_content":false,"_jetpack_memberships_contains_paid_content":false,"footnotes":"","jetpack_publicize_message":"","jetpack_publicize_feature_enabled":true,"jetpack_social_post_already_shared":true,"jetpack_social_options":{"image_generator_settings":{"template":"highway","default_image_id":0,"font":"","enabled":false},"version":2},"_wpas_customize_per_network":false},"categories":[85],"tags":[15056,17653,215,96],"class_list":["post-127621","post","type-post","status-publish","format-standard","has-post-thumbnail","hentry","category-policial","tag-aprehenciones","tag-breves-policiales","tag-detenciones","tag-policial-2","generate-columns","tablet-grid-50","mobile-grid-100","grid-parent","grid-50"],"jetpack_publicize_connections":[],"jetpack_featured_media_url":"https:\/\/www.hoymercedes.com.ar\/principal\/wp-content\/uploads\/2021\/03\/02-movil-policia.jpg","wps_subtitle":"Informe oficial","jetpack_sharing_enabled":true,"_links":{"self":[{"href":"https:\/\/www.hoymercedes.com.ar\/principal\/wp-json\/wp\/v2\/posts\/127621","targetHints":{"allow":["GET"]}}],"collection":[{"href":"https:\/\/www.hoymercedes.com.ar\/principal\/wp-json\/wp\/v2\/posts"}],"about":[{"href":"https:\/\/www.hoymercedes.com.ar\/principal\/wp-json\/wp\/v2\/types\/post"}],"author":[{"embeddable":true,"href":"https:\/\/www.hoymercedes.com.ar\/principal\/wp-json\/wp\/v2\/users\/1"}],"replies":[{"embeddable":true,"href":"https:\/\/www.hoymercedes.com.ar\/principal\/wp-json\/wp\/v2\/comments?post=127621"}],"version-history":[{"count":0,"href":"https:\/\/www.hoymercedes.com.ar\/principal\/wp-json\/wp\/v2\/posts\/127621\/revisions"}],"wp:featuredmedia":[{"embeddable":true,"href":"https:\/\/www.hoymercedes.com.ar\/principal\/wp-json\/wp\/v2\/media\/125642"}],"wp:attachment":[{"href":"https:\/\/www.hoymercedes.com.ar\/principal\/wp-json\/wp\/v2\/media?parent=127621"}],"wp:term":[{"taxonomy":"category","embeddable":true,"href":"https:\/\/www.hoymercedes.com.ar\/principal\/wp-json\/wp\/v2\/categories?post=127621"},{"taxonomy":"post_tag","embeddable":true,"href":"https:\/\/www.hoymercedes.com.ar\/principal\/wp-json\/wp\/v2\/tags?post=127621"}],"curies":[{"name":"wp","href":"https:\/\/api.w.org\/{rel}","templated":true}]}}