{"id":127641,"date":"2021-04-07T17:15:00","date_gmt":"2021-04-07T20:15:00","guid":{"rendered":"https:\/\/www.hoymercedes.com.ar\/principal\/?p=127641"},"modified":"2021-04-07T17:12:04","modified_gmt":"2021-04-07T20:12:04","slug":"boxeo-amateur-en-moreno","status":"publish","type":"post","link":"https:\/\/www.hoymercedes.com.ar\/principal\/2021\/04\/07\/boxeo-amateur-en-moreno\/","title":{"rendered":"Boxeo amateur en Moreno"},"content":{"rendered":"\n<p><strong><em>Los pupilos de Ciro\u00a0Crocci\u00a0contin\u00faan sumando experiencia arriba del cuadril\u00e1tero. Mariano\u00a0Barreira\u00a0consigui\u00f3 el t\u00edtulo \u201cBoxeo del Oeste de los Valientes Pugilistas\u201d tras una excelente actuaci\u00f3n.\u00a0<\/em><\/strong><\/p>\n\n\n\n<div class=\"wp-block-image\"><figure class=\"aligncenter size-large\"><img loading=\"lazy\" decoding=\"async\" width=\"1024\" height=\"768\" data-attachment-id=\"127610\" data-permalink=\"https:\/\/www.hoymercedes.com.ar\/principal\/2021\/04\/06\/santi-scasso-volvio-a-la-competencia-en-bragado\/dboxeo-1\/#main\" data-orig-file=\"https:\/\/www.hoymercedes.com.ar\/principal\/wp-content\/uploads\/2021\/04\/dboxeo-1-e1617713130410.jpeg\" data-orig-size=\"800,600\" data-comments-opened=\"0\" data-image-meta=\"{&quot;aperture&quot;:&quot;0&quot;,&quot;credit&quot;:&quot;&quot;,&quot;camera&quot;:&quot;&quot;,&quot;caption&quot;:&quot;&quot;,&quot;created_timestamp&quot;:&quot;0&quot;,&quot;copyright&quot;:&quot;&quot;,&quot;focal_length&quot;:&quot;0&quot;,&quot;iso&quot;:&quot;0&quot;,&quot;shutter_speed&quot;:&quot;0&quot;,&quot;title&quot;:&quot;&quot;,&quot;orientation&quot;:&quot;0&quot;}\" data-image-title=\"dboxeo 1\" data-image-description=\"\" data-image-caption=\"\" data-large-file=\"https:\/\/www.hoymercedes.com.ar\/principal\/wp-content\/uploads\/2021\/04\/dboxeo-1-1024x768.jpeg\" src=\"https:\/\/www.hoymercedes.com.ar\/principal\/wp-content\/uploads\/2021\/04\/dboxeo-1-1024x768.jpeg\" alt=\"\" class=\"wp-image-127610\"\/><\/figure><\/div>\n\n\n\n<p>El pasado s\u00e1bado en el Club&nbsp;Alumni&nbsp;de la localidad de Moreno, varios p\u00fagiles mercedinos participaron de una velada box\u00edstica amateur, acompa\u00f1ados por su entrenador Ciro&nbsp;Crocci.&nbsp;<\/p>\n\n\n\n<p>Con la organizaci\u00f3n de Vicente R\u00edos, cinco pupilos de&nbsp;Corcci&nbsp;se hicieron presentes en el festival y en representaci\u00f3n de nuestra ciudad. Cabe destacar que varios de ellos realizaron su debut en el cuadril\u00e1tero.&nbsp;<\/p>\n\n\n\n<p>En cuanto a los resultados de la jornada, el destacado pas\u00f3 por Mariano&nbsp;Barreira&nbsp;quien consigui\u00f3 el t\u00edtulo \u201cBoxeo del Oeste de los Valientes Pugilistas\u201d tras una excelente actuaci\u00f3n ante un experimentado rival el cual lo sobrepasaba en unos pocos kilos y al menos 5 peleas en su haber.&nbsp;<\/p>\n\n\n\n<p>En tanto, tambi\u00e9n tuvieron sus minutos&nbsp;Francisco P\u00e9rez, quien&nbsp;&nbsp;perdi\u00f3&nbsp;por puntos tras los tres round de combate, sumando las presentaciones en la modalidad de exhibici\u00f3n de&nbsp;&nbsp;<\/p>\n\n\n\n<p>Santino Villalba, Joaqu\u00edn Villalba y&nbsp;Braian&nbsp;Escudero quienes realizaron un excelente papel arriba del&nbsp;ring.&nbsp;<\/p>\n\n\n\n<p>En tanto, los boxeadores locales de la mano de Ciro\u00a0Crocci\u00a0continuar\u00e1n sumando experiencia. El pr\u00f3ximo 10 de abril se presentar\u00e1n en el Club Deportivo Moreno.\u00a0<\/p>\n\n\n\n<p>Colaboraci\u00f3n: Mariano Oyarz\u00fa<\/p>\n","protected":false},"excerpt":{"rendered":"<p>Los pupilos de Ciro\u00a0Crocci\u00a0contin\u00faan sumando experiencia arriba del cuadril\u00e1tero. Mariano\u00a0Barreira\u00a0consigui\u00f3 el t\u00edtulo \u201cBoxeo del Oeste de los Valientes Pugilistas\u201d tras &#8230; <a title=\"Boxeo amateur en Moreno\" class=\"read-more\" href=\"https:\/\/www.hoymercedes.com.ar\/principal\/2021\/04\/07\/boxeo-amateur-en-moreno\/\" aria-label=\"Leer m\u00e1s sobre Boxeo amateur en Moreno\">Leer m\u00e1s<\/a><\/p>\n","protected":false},"author":1,"featured_media":127610,"comment_status":"closed","ping_status":"open","sticky":false,"template":"","format":"standard","meta":{"_monsterinsights_skip_tracking":false,"_monsterinsights_sitenote_active":false,"_monsterinsights_sitenote_note":"","_monsterinsights_sitenote_category":0,"jetpack_post_was_ever_published":false,"_jetpack_newsletter_access":"","_jetpack_dont_email_post_to_subs":false,"_jetpack_newsletter_tier_id":0,"_jetpack_memberships_contains_paywalled_content":false,"_jetpack_memberships_contains_paid_content":false,"footnotes":"","jetpack_publicize_message":"","jetpack_publicize_feature_enabled":true,"jetpack_social_post_already_shared":true,"jetpack_social_options":{"image_generator_settings":{"template":"highway","default_image_id":0,"font":"","enabled":false},"version":2},"_wpas_customize_per_network":false},"categories":[21],"tags":[17646,1279,17647,6696],"class_list":["post-127641","post","type-post","status-publish","format-standard","has-post-thumbnail","hentry","category-deportes","tag-amateur","tag-boxeo","tag-competencia-regional","tag-deporte","generate-columns","tablet-grid-50","mobile-grid-100","grid-parent","grid-50"],"jetpack_publicize_connections":[],"jetpack_featured_media_url":"https:\/\/www.hoymercedes.com.ar\/principal\/wp-content\/uploads\/2021\/04\/dboxeo-1-e1617713130410.jpeg","wps_subtitle":"Boxeo","jetpack_sharing_enabled":true,"_links":{"self":[{"href":"https:\/\/www.hoymercedes.com.ar\/principal\/wp-json\/wp\/v2\/posts\/127641","targetHints":{"allow":["GET"]}}],"collection":[{"href":"https:\/\/www.hoymercedes.com.ar\/principal\/wp-json\/wp\/v2\/posts"}],"about":[{"href":"https:\/\/www.hoymercedes.com.ar\/principal\/wp-json\/wp\/v2\/types\/post"}],"author":[{"embeddable":true,"href":"https:\/\/www.hoymercedes.com.ar\/principal\/wp-json\/wp\/v2\/users\/1"}],"replies":[{"embeddable":true,"href":"https:\/\/www.hoymercedes.com.ar\/principal\/wp-json\/wp\/v2\/comments?post=127641"}],"version-history":[{"count":0,"href":"https:\/\/www.hoymercedes.com.ar\/principal\/wp-json\/wp\/v2\/posts\/127641\/revisions"}],"wp:featuredmedia":[{"embeddable":true,"href":"https:\/\/www.hoymercedes.com.ar\/principal\/wp-json\/wp\/v2\/media\/127610"}],"wp:attachment":[{"href":"https:\/\/www.hoymercedes.com.ar\/principal\/wp-json\/wp\/v2\/media?parent=127641"}],"wp:term":[{"taxonomy":"category","embeddable":true,"href":"https:\/\/www.hoymercedes.com.ar\/principal\/wp-json\/wp\/v2\/categories?post=127641"},{"taxonomy":"post_tag","embeddable":true,"href":"https:\/\/www.hoymercedes.com.ar\/principal\/wp-json\/wp\/v2\/tags?post=127641"}],"curies":[{"name":"wp","href":"https:\/\/api.w.org\/{rel}","templated":true}]}}