{"id":127664,"date":"2021-04-07T07:23:00","date_gmt":"2021-04-07T10:23:00","guid":{"rendered":"https:\/\/www.hoymercedes.com.ar\/principal\/?p=127664"},"modified":"2021-04-07T15:24:25","modified_gmt":"2021-04-07T18:24:25","slug":"ministro-costa-e-intendente-ustarroz-firman-convenio-para-sumar-a-mercedes-al-programa-compra-mas-cerca","status":"publish","type":"post","link":"https:\/\/www.hoymercedes.com.ar\/principal\/2021\/04\/07\/ministro-costa-e-intendente-ustarroz-firman-convenio-para-sumar-a-mercedes-al-programa-compra-mas-cerca\/","title":{"rendered":"Ministro Costa e intendente Ustarroz firman convenio para sumar a Mercedes al programa \u201cCompr\u00e1 M\u00e1s Cerca\u201d"},"content":{"rendered":"\n<p> El intendente de Mercedes Juan Ignacio Ustarroz recibi\u00f3 al Ministro de Producci\u00f3n, Ciencia e Innovaci\u00f3n Tecnol\u00f3gica de la Provincia de Buenos Aires, Augusto Costa. Ambos, firmaron un convenio para incorporar nuestra Comuna al programa provincial \u201cCompr\u00e1 M\u00e1s Cerca\u201d.\u00a0La iniciativa busca establecer precios de referencia en comercios de cercan\u00eda, como despensas y minimercados. El mismo se implementar\u00e1 a trav\u00e9s de \u201cDefensa del Consumidor\u201d a cargo de Eugenia C\u00f3dega. En la r\u00fabrica estuvo tambi\u00e9n presente Guillermo Rabinovich, Subsecretar\u00eda de Desarrollo Comercial y Promoci\u00f3n de Inversiones y Clara Zunino, secretaria de gobierno comunal. \u00a0<\/p>\n\n\n\n<div class=\"wp-block-image\"><figure class=\"aligncenter size-large\"><img loading=\"lazy\" decoding=\"async\" width=\"800\" height=\"533\" data-attachment-id=\"127666\" data-permalink=\"https:\/\/www.hoymercedes.com.ar\/principal\/2021\/04\/07\/ministro-costa-e-intendente-ustarroz-firman-convenio-para-sumar-a-mercedes-al-programa-compra-mas-cerca\/costa010\/#main\" data-orig-file=\"https:\/\/www.hoymercedes.com.ar\/principal\/wp-content\/uploads\/2021\/04\/Costa010.jpg\" data-orig-size=\"800,533\" data-comments-opened=\"0\" data-image-meta=\"{&quot;aperture&quot;:&quot;0&quot;,&quot;credit&quot;:&quot;&quot;,&quot;camera&quot;:&quot;&quot;,&quot;caption&quot;:&quot;&quot;,&quot;created_timestamp&quot;:&quot;1617727402&quot;,&quot;copyright&quot;:&quot;&quot;,&quot;focal_length&quot;:&quot;0&quot;,&quot;iso&quot;:&quot;0&quot;,&quot;shutter_speed&quot;:&quot;0&quot;,&quot;title&quot;:&quot;&quot;,&quot;orientation&quot;:&quot;0&quot;}\" data-image-title=\"Costa010\" data-image-description=\"\" data-image-caption=\"\" data-large-file=\"https:\/\/www.hoymercedes.com.ar\/principal\/wp-content\/uploads\/2021\/04\/Costa010.jpg\" src=\"https:\/\/www.hoymercedes.com.ar\/principal\/wp-content\/uploads\/2021\/04\/Costa010.jpg\" alt=\"\" class=\"wp-image-127666\" srcset=\"https:\/\/www.hoymercedes.com.ar\/principal\/wp-content\/uploads\/2021\/04\/Costa010.jpg 800w, https:\/\/www.hoymercedes.com.ar\/principal\/wp-content\/uploads\/2021\/04\/Costa010-630x420.jpg 630w, https:\/\/www.hoymercedes.com.ar\/principal\/wp-content\/uploads\/2021\/04\/Costa010-150x100.jpg 150w, https:\/\/www.hoymercedes.com.ar\/principal\/wp-content\/uploads\/2021\/04\/Costa010-700x465.jpg 700w\" sizes=\"auto, (max-width: 800px) 100vw, 800px\" \/><\/figure><\/div>\n\n\n\n<p>El encuentro en el Palacio Municipal, tras diversas gestiones, permiti\u00f3 este importante avance para nuestra comunidad al incorporarnos al programa que lanz\u00f3 el gobernador Kicillof y se complementa con los nacionales, como \u201cPrecios Cuidados\u201d. &nbsp;<\/p>\n\n\n\n<p>Al respecto Eugenia C\u00f3dega coment\u00f3 que \u201cestamos muy agradecidos al ministro por visitarnos y permitirnos ser parte de este importante dispositivo de acompa\u00f1amiento a las familias mercedinas\u201d sostuvo y coment\u00f3 que \u201ctambi\u00e9n a nuestro intendente que constantemente nos insta a generar mecanismos de cuidado de los consumidores\u201d narr\u00f3 entre otros conceptos la funcionaria a cargo del \u00e1rea. &nbsp;<\/p>\n\n\n\n<p><strong>Herramientas &nbsp;<\/strong><\/p>\n\n\n\n<p>Por su parte,&nbsp;Juan Ustarroz, afirm\u00f3 que \u201cqueremos agradecer al ministro por este gran paso que damos, sumando herramientas para trabajar desde nuestra \u00e1rea de Defensa del Consumidor, codo a codo con los comerciantes y especialmente los de cercan\u00eda, que son donde una gran mayor\u00eda de la poblaci\u00f3n asiste a realizar sus compras\u201d manifest\u00f3. &nbsp;<\/p>\n\n\n\n<p>M\u00e1s adelante coment\u00f3 que tambi\u00e9n \u201cestamos avanzando, adem\u00e1s, en conjunto por un subsidio que est\u00e1 pr\u00f3ximo a salir para potenciar la producci\u00f3n local. Tambi\u00e9n le informamos al ministro c\u00f3mo vamos a anexar m\u00e1s terrenos al Sector Industrial Planificado, c\u00f3mo estamos pensando y dise\u00f1ando junto a la C\u00e1mara Econ\u00f3mica de nuestra ciudad, junto a distintos sectores de la producci\u00f3n, para justamente ampliar ese sector\u201d cont\u00f3 y dijo que \u201csabemos que la pol\u00edtica p\u00fablica es esencial para generar empleo, generar producci\u00f3n\u201d. &nbsp;<\/p>\n\n\n\n<p><strong>Trabajo &nbsp;<\/strong><\/p>\n\n\n\n<p>Manifest\u00f3 el jefe comunal estar \u201cmuy agradecido con un Ministerio que est\u00e1 cerca de los municipios, est\u00e1 cerca de la gente, est\u00e1 cerca del pueblo. Que escucha, que intenta por todos los medios articular acciones conducentes para atravesar esta situaci\u00f3n. No podemos soslayar la cuesti\u00f3n de la pandemia. Estamos muy preocupados y ocupados\u201d afirm\u00f3 el jefe comunal y coment\u00f3 que \u201cUna l\u00ednea clara que tiene el gobernador es trabajar en todos los frentes. Saber que la situaci\u00f3n de la pandemia afecta principalmente a la salud, pero tambi\u00e9n en lo que es la econom\u00eda, en lo que es lo social, lo que es lo cultura y tratar de trabajar as\u00ed, articuladamente entre el gobierno provincial, los municipios, la comunidad de cada municipio\u201d sostuvo y remarc\u00f3 que \u201ctratar desde una perspectiva solidaria, desde una perspectiva de inclusi\u00f3n, de integraci\u00f3n, de hacer la uni\u00f3n que hace realmente la fuerza para poder llevar adelante pol\u00edticas p\u00fablicas que nos permitan atravesar esta segunda ola que estamos transitando y poder generar las bases de sustentaci\u00f3n desde lo productivo, atendiendo las realidades del comercio, atendiendo la realidad del turismo, atendiendo la realidad de las pymes, atendiendo la realidad de los consumidores. Una agenda muy basta. Siempre muy agradecido con el gran acompa\u00f1amiento de la provincia de Buenos Aires. Y en particular del ministerio\u201d sostuvo el intendente Ustarroz. \u00a0<\/p>\n\n\n\n<div class=\"wp-block-image\"><figure class=\"aligncenter size-large\"><img loading=\"lazy\" decoding=\"async\" width=\"800\" height=\"533\" data-attachment-id=\"127667\" data-permalink=\"https:\/\/www.hoymercedes.com.ar\/principal\/2021\/04\/07\/ministro-costa-e-intendente-ustarroz-firman-convenio-para-sumar-a-mercedes-al-programa-compra-mas-cerca\/costa035\/#main\" data-orig-file=\"https:\/\/www.hoymercedes.com.ar\/principal\/wp-content\/uploads\/2021\/04\/Costa035.jpg\" data-orig-size=\"800,533\" data-comments-opened=\"0\" data-image-meta=\"{&quot;aperture&quot;:&quot;0&quot;,&quot;credit&quot;:&quot;&quot;,&quot;camera&quot;:&quot;&quot;,&quot;caption&quot;:&quot;&quot;,&quot;created_timestamp&quot;:&quot;1617727978&quot;,&quot;copyright&quot;:&quot;&quot;,&quot;focal_length&quot;:&quot;0&quot;,&quot;iso&quot;:&quot;0&quot;,&quot;shutter_speed&quot;:&quot;0&quot;,&quot;title&quot;:&quot;&quot;,&quot;orientation&quot;:&quot;0&quot;}\" data-image-title=\"Costa035\" data-image-description=\"\" data-image-caption=\"\" data-large-file=\"https:\/\/www.hoymercedes.com.ar\/principal\/wp-content\/uploads\/2021\/04\/Costa035.jpg\" src=\"https:\/\/www.hoymercedes.com.ar\/principal\/wp-content\/uploads\/2021\/04\/Costa035.jpg\" alt=\"\" class=\"wp-image-127667\" srcset=\"https:\/\/www.hoymercedes.com.ar\/principal\/wp-content\/uploads\/2021\/04\/Costa035.jpg 800w, https:\/\/www.hoymercedes.com.ar\/principal\/wp-content\/uploads\/2021\/04\/Costa035-630x420.jpg 630w, https:\/\/www.hoymercedes.com.ar\/principal\/wp-content\/uploads\/2021\/04\/Costa035-150x100.jpg 150w, https:\/\/www.hoymercedes.com.ar\/principal\/wp-content\/uploads\/2021\/04\/Costa035-700x465.jpg 700w\" sizes=\"auto, (max-width: 800px) 100vw, 800px\" \/><\/figure><\/div>\n\n\n\n<p><strong>Gestiones &nbsp;<\/strong><\/p>\n\n\n\n<p>Por su parte, el economista y&nbsp;Ministro de Producci\u00f3n, Ciencia e Innovaci\u00f3n Tecnol\u00f3gica de la Provincia de Buenos Aires, Augusto Costa, afirmo ante que todo que \u201ces una alegr\u00eda volver a Mercedes. Le agradezco mucho al intendente y su equipo por recibirnos una vez m\u00e1s. Pero sobretodo porque cada visita viene en el marco de una agenda de trabajo que significa traer propuestas, programas, iniciativas para mejorar las condiciones de vida de la gente de Mercedes. Y en esta oportunidad tenemos la posibilidad de sumar al Municipio al programa \u201cCompra m\u00e1s cerca\u201d, que es una pol\u00edtica muy importante porque viene a integrar dentro del esquema de una pol\u00edtica p\u00fablica a los sectores m\u00e1s vulnerables del comercio y de la producci\u00f3n\u201d &nbsp;<\/p>\n\n\n\n<p>Especific\u00f3 que \u201cson los autoservicios, los peque\u00f1os comercios de barrios, los almacenes que no forman parte de ning\u00fan programa nacional porque no tienen el tama\u00f1o o la escala que suelen tener quienes participan de las pol\u00edticas nacionales, particularmente \u201cPrecios cuidados\u201d pero que sin embargo el comercio m\u00e1s peque\u00f1o representa el 70 por ciento de las compras y de las ventas minoristas en la Argentina\u201d narr\u00f3. &nbsp;<\/p>\n\n\n\n<p><strong>Integraci\u00f3n &nbsp;<\/strong><\/p>\n\n\n\n<p>\u201cEntonces con la Provincia y el Municipio estamos integrando esta parte del comercio a un esquema de cuidados, a un esquema de precios de referencia, un esquema donde buscamos evitar los abusos por parte de quienes tienen capacidad de hacerlo. Y m\u00e1s cuando estamos trabajando en una econom\u00eda con mercados concentrados, donde si el Estado no est\u00e1 presente, cada vez tiene menos oportunidades los m\u00e1s peque\u00f1os y hay menos competencia y la terminan pagando, los consumidores y las consumidoras precios m\u00e1s altos y quien no puede seguir con su emprendimiento porque se lo comen los m\u00e1s grandes. Entonces esta es una oportunidad muy importante. Estamos seguros que a partir de esta firma, de este convenio formal, Mercedes va a incorporar much\u00edsimos comercios y tambi\u00e9n a Pymes regionales que tampoco pueden abastecer a grandes supermercados o grandes comercializadores, pero si al comercio de proximidad para que podamos ofrecer la oportunidad a consumidores y consumidoras, m\u00e1s alternativas pero tambi\u00e9n tranquilidad de que saben que cuando compren un producto que est\u00e1 dentro del programa \u201cCompr\u00e1 m\u00e1s cerca\u201d, el precio es razonable y eso quiere decir que se est\u00e1 sacando la cantidad de plata del bolsillo corresponde para que el comercio gane lo que corresponde, para que el proveedor se lleve lo que corresponde. Entonces ah\u00ed me parece un avance muy importante y para nosotros sumar a Mercedes es algo prioritario. Sobre todo, porque sabemos que necesitamos respuestas en ese sentido\u201d dijo el ministro. &nbsp;<\/p>\n\n\n\n<p><strong>Planificaci\u00f3n &nbsp;<\/strong><\/p>\n\n\n\n<p>Despu\u00e9s seguir con nuestra agenda de industria, de turismo y de cultura. De actividad econ\u00f3mica en general sabiendo que nuestras prioridades en contexto de pandemia es sostener la producci\u00f3n y trabajo que eso se logra \u00fanicamente con m\u00e1s coordinaci\u00f3n entre el Estado Nacional, Provincial y Municipal, muy aceitada. Y tenemos much\u00edsimas propuestas, medidas e iniciativas que ayer presentamos en la legislatura de la Provincia de Buenos Aires y que a nosotros nos importa que lleguen a quienes lo necesitan en cada municipio y particularmente en Mercedes\u201d \u201c &nbsp;<\/p>\n\n\n\n<p>Con toda esta agenda va a ser una visita muy intensa y en realidad marca una continuidad de trabajo permanente que hay con el intendente, con sus equipos y que creemos, por supuesto, vamos a integrar. Y seguramente dentro de poquito volveremos para seguir avanzando en esta agenda. Como dec\u00eda el intendente la posibilidad de mejorar el Sector Industrial Planificado, el Parque Industrial es uno de los grandes hitos que me parece van a marcar los pr\u00f3ximos meses porque para una producci\u00f3n mucho m\u00e1s competitiva y el fortalecimiento con las empresas, tener la posibilidad de contar con las instalaciones adecuadas es fundamental y sabemos que se est\u00e1 trabajando y hay recursos para poder avanzar en eso.&nbsp;&nbsp;Muchas expectativas de seguir sumando y trayendo respuestas a necesidades en Mercedes. Y esto en l\u00ednea con lo que pide el gobernador que es estar cada uno de los ministros en el territorio, con quienes lo necesiten y acompa\u00f1ando a cada uno de los intendentes e intendentas\u201d sostuvo. &nbsp;<\/p>\n\n\n\n<p><strong>Encuentro &nbsp;<\/strong><\/p>\n\n\n\n<p>La reuni\u00f3n de trabajo se concret\u00f3 en el palacio municipal donde adem\u00e1s estuvieron los equipos t\u00e9cnicos para atender los detalles de su implementaci\u00f3n. Entre ellos desde Defensa del Consumidos y la Secretar\u00eda de Gobierno. \u00a0<\/p>\n\n\n\n<p>Fuente: Prensa Municipal<\/p>\n","protected":false},"excerpt":{"rendered":"<p>El intendente de Mercedes Juan Ignacio Ustarroz recibi\u00f3 al Ministro de Producci\u00f3n, Ciencia e Innovaci\u00f3n Tecnol\u00f3gica de la Provincia de &#8230; <a title=\"Ministro Costa e intendente Ustarroz firman convenio para sumar a Mercedes al programa \u201cCompr\u00e1 M\u00e1s Cerca\u201d\" class=\"read-more\" href=\"https:\/\/www.hoymercedes.com.ar\/principal\/2021\/04\/07\/ministro-costa-e-intendente-ustarroz-firman-convenio-para-sumar-a-mercedes-al-programa-compra-mas-cerca\/\" aria-label=\"Leer m\u00e1s sobre Ministro Costa e intendente Ustarroz firman convenio para sumar a Mercedes al programa \u201cCompr\u00e1 M\u00e1s Cerca\u201d\">Leer m\u00e1s<\/a><\/p>\n","protected":false},"author":1,"featured_media":127667,"comment_status":"closed","ping_status":"open","sticky":false,"template":"","format":"standard","meta":{"_monsterinsights_skip_tracking":false,"_monsterinsights_sitenote_active":false,"_monsterinsights_sitenote_note":"","_monsterinsights_sitenote_category":0,"jetpack_post_was_ever_published":false,"_jetpack_newsletter_access":"","_jetpack_dont_email_post_to_subs":false,"_jetpack_newsletter_tier_id":0,"_jetpack_memberships_contains_paywalled_content":false,"_jetpack_memberships_contains_paid_content":false,"footnotes":"","jetpack_publicize_message":"","jetpack_publicize_feature_enabled":true,"jetpack_social_post_already_shared":true,"jetpack_social_options":{"image_generator_settings":{"template":"highway","default_image_id":0,"font":"","enabled":false},"version":2},"_wpas_customize_per_network":false},"categories":[30],"tags":[9504,2582,11153,244],"class_list":["post-127664","post","type-post","status-publish","format-standard","has-post-thumbnail","hentry","category-municipio","tag-convenio","tag-defensa-del-consumidor","tag-ministerio-de-produccion","tag-municipio-2","generate-columns","tablet-grid-50","mobile-grid-100","grid-parent","grid-50"],"jetpack_publicize_connections":[],"jetpack_featured_media_url":"https:\/\/www.hoymercedes.com.ar\/principal\/wp-content\/uploads\/2021\/04\/Costa035.jpg","wps_subtitle":"En la jornada del martes","jetpack_sharing_enabled":true,"jetpack-related-posts":[{"id":127890,"url":"https:\/\/www.hoymercedes.com.ar\/principal\/2021\/04\/10\/codega-es-muy-importante-mercedes-se-sume-al-programa-compra-mas-cerca\/","url_meta":{"origin":127664,"position":0},"title":"C\u00f3dega: \u201cEs muy importante Mercedes se sume al programa \u201cCompr\u00e1 M\u00e1s Cerca\u201d","author":"hoymercedes","date":"10 abril, 2021","format":false,"excerpt":"Por Prensa Municipal - Tras la firma del convenio realizada por el intendente Ustarroz con el Ministro Costa llega a nuestra ciudad el programa \u201cCompra M\u00e1s Cerca. El \u00e1rea de Defensa al Consumidor aplicar\u00e1 el programa que apunta a un ser referente de precios en productos esenciales. \u00a0 La visita\u2026","rel":"","context":"En \u00abMunicipio\u00bb","block_context":{"text":"Municipio","link":"https:\/\/www.hoymercedes.com.ar\/principal\/category\/municipio\/"},"img":{"alt_text":"","src":"https:\/\/i0.wp.com\/www.hoymercedes.com.ar\/principal\/wp-content\/uploads\/2021\/04\/SJA_4302.jpg?resize=350%2C200&ssl=1","width":350,"height":200,"srcset":"https:\/\/i0.wp.com\/www.hoymercedes.com.ar\/principal\/wp-content\/uploads\/2021\/04\/SJA_4302.jpg?resize=350%2C200&ssl=1 1x, https:\/\/i0.wp.com\/www.hoymercedes.com.ar\/principal\/wp-content\/uploads\/2021\/04\/SJA_4302.jpg?resize=525%2C300&ssl=1 1.5x, https:\/\/i0.wp.com\/www.hoymercedes.com.ar\/principal\/wp-content\/uploads\/2021\/04\/SJA_4302.jpg?resize=700%2C400&ssl=1 2x"},"classes":[]},{"id":175859,"url":"https:\/\/www.hoymercedes.com.ar\/principal\/2024\/05\/21\/ustarroz-firma-importante-convenio-con-ministerio-de-agricultura-de-la-provincia\/","url_meta":{"origin":127664,"position":1},"title":"Ustarroz firma importante convenio con Ministerio de Agricultura de la Provincia","author":"hoymercedes","date":"21 mayo, 2024","format":false,"excerpt":"El jefe comunal recibi\u00f3 a Javier Rodr\u00edguez, Ministerio de Agricultura de la Provincia, con quien firm\u00f3 un convenio para que Mercedes integre el programa Mercado Bonaerense, siendo una puerta de gesti\u00f3n y trabajo que busca beneficiar y apoyar a las y los productores locales, como as\u00ed tambi\u00e9n consumidores. Programa Este\u2026","rel":"","context":"En \u00abMunicipio\u00bb","block_context":{"text":"Municipio","link":"https:\/\/www.hoymercedes.com.ar\/principal\/category\/municipio\/"},"img":{"alt_text":"Ustarroz firma importante convenio con Ministerio de Agricultura de la Provincia","src":"https:\/\/i0.wp.com\/www.hoymercedes.com.ar\/principal\/wp-content\/uploads\/2024\/05\/Ustarroz-Rodriguez-2024-1.jpg?resize=350%2C200&ssl=1","width":350,"height":200,"srcset":"https:\/\/i0.wp.com\/www.hoymercedes.com.ar\/principal\/wp-content\/uploads\/2024\/05\/Ustarroz-Rodriguez-2024-1.jpg?resize=350%2C200&ssl=1 1x, https:\/\/i0.wp.com\/www.hoymercedes.com.ar\/principal\/wp-content\/uploads\/2024\/05\/Ustarroz-Rodriguez-2024-1.jpg?resize=525%2C300&ssl=1 1.5x, https:\/\/i0.wp.com\/www.hoymercedes.com.ar\/principal\/wp-content\/uploads\/2024\/05\/Ustarroz-Rodriguez-2024-1.jpg?resize=700%2C400&ssl=1 2x, https:\/\/i0.wp.com\/www.hoymercedes.com.ar\/principal\/wp-content\/uploads\/2024\/05\/Ustarroz-Rodriguez-2024-1.jpg?resize=1050%2C600&ssl=1 3x"},"classes":[]},{"id":111369,"url":"https:\/\/www.hoymercedes.com.ar\/principal\/2020\/05\/29\/firman-convenio-con-el-ministerio-de-desarrollo-agrario\/","url_meta":{"origin":127664,"position":2},"title":"Firman convenio con el Ministerio de Desarrollo Agrario","author":"hoymercedes","date":"29 mayo, 2020","format":false,"excerpt":"El intendente de nuestra ciudad Juan Ignacio Ustarroz recibi\u00f3 en el palacio municipal al ministro de Desarrollo Agrario Bonaerense, Javier Rodr\u00edguez, con el cu\u00e1l firm\u00f3 un convenio que permitir\u00e1 a los productores de la zona obtener su gu\u00eda de traslado de vacunos por autogesti\u00f3n a trav\u00e9s de Internet. De acuerdo\u2026","rel":"","context":"En \u00abMunicipio\u00bb","block_context":{"text":"Municipio","link":"https:\/\/www.hoymercedes.com.ar\/principal\/category\/municipio\/"},"img":{"alt_text":"","src":"https:\/\/i0.wp.com\/www.hoymercedes.com.ar\/principal\/wp-content\/uploads\/2020\/05\/29-min-agrario.jpeg?resize=350%2C200&ssl=1","width":350,"height":200,"srcset":"https:\/\/i0.wp.com\/www.hoymercedes.com.ar\/principal\/wp-content\/uploads\/2020\/05\/29-min-agrario.jpeg?resize=350%2C200&ssl=1 1x, https:\/\/i0.wp.com\/www.hoymercedes.com.ar\/principal\/wp-content\/uploads\/2020\/05\/29-min-agrario.jpeg?resize=525%2C300&ssl=1 1.5x, https:\/\/i0.wp.com\/www.hoymercedes.com.ar\/principal\/wp-content\/uploads\/2020\/05\/29-min-agrario.jpeg?resize=700%2C400&ssl=1 2x"},"classes":[]},{"id":114332,"url":"https:\/\/www.hoymercedes.com.ar\/principal\/2020\/07\/30\/municipipo-de-mercedes-firma-convenio-con-ministro-arroyo\/","url_meta":{"origin":127664,"position":3},"title":"Municipipo de Mercedes firma convenio con Ministro Arroyo","author":"hoymercedes","date":"30 julio, 2020","format":false,"excerpt":"El intendente Ustarroz recibi\u00f3 y firm\u00f3 convenio con el ministro de Desarrollo Social de la naci\u00f3n, Daniel Arroyo. Se busca potencial acciones de gesti\u00f3n y articulaci\u00f3n de pol\u00edticas de Estado. Tras la r\u00fabrica visitaron la iglesia San Jos\u00e9. \u201cEs muy importante recibir el acompa\u00f1amiento permanente y sistem\u00e1tico por parte del\u2026","rel":"","context":"En \u00abMunicipio\u00bb","block_context":{"text":"Municipio","link":"https:\/\/www.hoymercedes.com.ar\/principal\/category\/municipio\/"},"img":{"alt_text":"","src":"https:\/\/i0.wp.com\/www.hoymercedes.com.ar\/principal\/wp-content\/uploads\/2020\/07\/DSC05690.jpg?resize=350%2C200&ssl=1","width":350,"height":200,"srcset":"https:\/\/i0.wp.com\/www.hoymercedes.com.ar\/principal\/wp-content\/uploads\/2020\/07\/DSC05690.jpg?resize=350%2C200&ssl=1 1x, https:\/\/i0.wp.com\/www.hoymercedes.com.ar\/principal\/wp-content\/uploads\/2020\/07\/DSC05690.jpg?resize=525%2C300&ssl=1 1.5x, https:\/\/i0.wp.com\/www.hoymercedes.com.ar\/principal\/wp-content\/uploads\/2020\/07\/DSC05690.jpg?resize=700%2C400&ssl=1 2x"},"classes":[]},{"id":113081,"url":"https:\/\/www.hoymercedes.com.ar\/principal\/2020\/07\/03\/municipio-firma-convenio-con-infraestructura-nacional\/","url_meta":{"origin":127664,"position":4},"title":"Municipio firma convenio con infraestructura nacional","author":"hoymercedes","date":"3 julio, 2020","format":false,"excerpt":"Fuente: Prensa Municipal - El intendente Juan Ignacio Ustarroz concret\u00f3 este jueves, en el palacio Municipal, la firma de un importante convenio con el Ministro de Infraestructura, Gabriel Katopodis. El mismo conllevar\u00e1 la realizaci\u00f3n de obras para el mejoramiento de la presi\u00f3n de agua, como as\u00ed tambi\u00e9n, en la red\u2026","rel":"","context":"En \u00abMunicipio\u00bb","block_context":{"text":"Municipio","link":"https:\/\/www.hoymercedes.com.ar\/principal\/category\/municipio\/"},"img":{"alt_text":"","src":"https:\/\/i0.wp.com\/www.hoymercedes.com.ar\/principal\/wp-content\/uploads\/2020\/07\/03-Ustarroz-KatopodisSJA_9921.jpg?resize=350%2C200&ssl=1","width":350,"height":200,"srcset":"https:\/\/i0.wp.com\/www.hoymercedes.com.ar\/principal\/wp-content\/uploads\/2020\/07\/03-Ustarroz-KatopodisSJA_9921.jpg?resize=350%2C200&ssl=1 1x, https:\/\/i0.wp.com\/www.hoymercedes.com.ar\/principal\/wp-content\/uploads\/2020\/07\/03-Ustarroz-KatopodisSJA_9921.jpg?resize=525%2C300&ssl=1 1.5x, https:\/\/i0.wp.com\/www.hoymercedes.com.ar\/principal\/wp-content\/uploads\/2020\/07\/03-Ustarroz-KatopodisSJA_9921.jpg?resize=700%2C400&ssl=1 2x"},"classes":[]},{"id":118945,"url":"https:\/\/www.hoymercedes.com.ar\/principal\/2020\/10\/23\/ministro-alak-visito-la-carcel-y-firmo-convenio-con-el-municipio\/","url_meta":{"origin":127664,"position":5},"title":"Ministro Alak visit\u00f3 la c\u00e1rcel y firm\u00f3 convenio con el Municipio","author":"hoymercedes","date":"23 octubre, 2020","format":false,"excerpt":"El ministro de Justicia y Derechos Humanos de la Provincia, Julio Alak, junto al intendente de Mercedes, Juan Ignacio Ustarroz, firmaron este viernes un convenio de colaboraci\u00f3n que busca fomentar la educaci\u00f3n y la formaci\u00f3n laboral de las personas privadas de la libertad que se encuentran alojadas en la Unidad\u2026","rel":"","context":"En \u00abProvincia\u00bb","block_context":{"text":"Provincia","link":"https:\/\/www.hoymercedes.com.ar\/principal\/category\/provincia\/"},"img":{"alt_text":"","src":"https:\/\/i0.wp.com\/www.hoymercedes.com.ar\/principal\/wp-content\/uploads\/2020\/10\/22-min-alak-2.jpeg?resize=350%2C200&ssl=1","width":350,"height":200,"srcset":"https:\/\/i0.wp.com\/www.hoymercedes.com.ar\/principal\/wp-content\/uploads\/2020\/10\/22-min-alak-2.jpeg?resize=350%2C200&ssl=1 1x, https:\/\/i0.wp.com\/www.hoymercedes.com.ar\/principal\/wp-content\/uploads\/2020\/10\/22-min-alak-2.jpeg?resize=525%2C300&ssl=1 1.5x, https:\/\/i0.wp.com\/www.hoymercedes.com.ar\/principal\/wp-content\/uploads\/2020\/10\/22-min-alak-2.jpeg?resize=700%2C400&ssl=1 2x"},"classes":[]}],"_links":{"self":[{"href":"https:\/\/www.hoymercedes.com.ar\/principal\/wp-json\/wp\/v2\/posts\/127664","targetHints":{"allow":["GET"]}}],"collection":[{"href":"https:\/\/www.hoymercedes.com.ar\/principal\/wp-json\/wp\/v2\/posts"}],"about":[{"href":"https:\/\/www.hoymercedes.com.ar\/principal\/wp-json\/wp\/v2\/types\/post"}],"author":[{"embeddable":true,"href":"https:\/\/www.hoymercedes.com.ar\/principal\/wp-json\/wp\/v2\/users\/1"}],"replies":[{"embeddable":true,"href":"https:\/\/www.hoymercedes.com.ar\/principal\/wp-json\/wp\/v2\/comments?post=127664"}],"version-history":[{"count":0,"href":"https:\/\/www.hoymercedes.com.ar\/principal\/wp-json\/wp\/v2\/posts\/127664\/revisions"}],"wp:featuredmedia":[{"embeddable":true,"href":"https:\/\/www.hoymercedes.com.ar\/principal\/wp-json\/wp\/v2\/media\/127667"}],"wp:attachment":[{"href":"https:\/\/www.hoymercedes.com.ar\/principal\/wp-json\/wp\/v2\/media?parent=127664"}],"wp:term":[{"taxonomy":"category","embeddable":true,"href":"https:\/\/www.hoymercedes.com.ar\/principal\/wp-json\/wp\/v2\/categories?post=127664"},{"taxonomy":"post_tag","embeddable":true,"href":"https:\/\/www.hoymercedes.com.ar\/principal\/wp-json\/wp\/v2\/tags?post=127664"}],"curies":[{"name":"wp","href":"https:\/\/api.w.org\/{rel}","templated":true}]}}