{"id":127823,"date":"2021-04-09T07:28:00","date_gmt":"2021-04-09T10:28:00","guid":{"rendered":"http:\/\/www.hoymercedes.com.ar\/principal\/?p=127823"},"modified":"2021-04-10T11:19:13","modified_gmt":"2021-04-10T14:19:13","slug":"capacitacion-a-concejales-en-la-ley-micaela","status":"publish","type":"post","link":"https:\/\/www.hoymercedes.com.ar\/principal\/2021\/04\/09\/capacitacion-a-concejales-en-la-ley-micaela\/","title":{"rendered":"Capacitaci\u00f3n a Concejales en la Ley Micaela"},"content":{"rendered":"\n<p>La Direcci\u00f3n de Pol\u00edticas de G\u00e9neros y Diversidad municipal comenz\u00f3 la capacitaci\u00f3n en g\u00e9nero y violencia, enmarcada dentro de la ley Micaela, a los ediles del Honorable Concejo Deliberante de nuestra ciudad. Esta formaci\u00f3n es obligatoria para todas las personas que trabajan en la funci\u00f3n p\u00fablica.\u00a0\u00a0\u00a0\u00a0<\/p>\n\n\n\n<div class=\"wp-block-image\"><figure class=\"aligncenter size-large\"><img loading=\"lazy\" decoding=\"async\" width=\"800\" height=\"567\" data-attachment-id=\"127824\" data-permalink=\"https:\/\/www.hoymercedes.com.ar\/principal\/2021\/04\/09\/capacitacion-a-concejales-en-la-ley-micaela\/09-concejales-ley-micaela\/#main\" data-orig-file=\"https:\/\/www.hoymercedes.com.ar\/principal\/wp-content\/uploads\/2021\/04\/09-concejales-ley-micaela.jpeg\" data-orig-size=\"800,567\" data-comments-opened=\"0\" data-image-meta=\"{&quot;aperture&quot;:&quot;0&quot;,&quot;credit&quot;:&quot;&quot;,&quot;camera&quot;:&quot;&quot;,&quot;caption&quot;:&quot;&quot;,&quot;created_timestamp&quot;:&quot;0&quot;,&quot;copyright&quot;:&quot;&quot;,&quot;focal_length&quot;:&quot;0&quot;,&quot;iso&quot;:&quot;0&quot;,&quot;shutter_speed&quot;:&quot;0&quot;,&quot;title&quot;:&quot;&quot;,&quot;orientation&quot;:&quot;0&quot;}\" data-image-title=\"09 concejales ley micaela\" data-image-description=\"\" data-image-caption=\"\" data-large-file=\"https:\/\/www.hoymercedes.com.ar\/principal\/wp-content\/uploads\/2021\/04\/09-concejales-ley-micaela.jpeg\" src=\"https:\/\/www.hoymercedes.com.ar\/principal\/wp-content\/uploads\/2021\/04\/09-concejales-ley-micaela.jpeg\" alt=\"\" class=\"wp-image-127824\" srcset=\"https:\/\/www.hoymercedes.com.ar\/principal\/wp-content\/uploads\/2021\/04\/09-concejales-ley-micaela.jpeg 800w, https:\/\/www.hoymercedes.com.ar\/principal\/wp-content\/uploads\/2021\/04\/09-concejales-ley-micaela-630x447.jpeg 630w, https:\/\/www.hoymercedes.com.ar\/principal\/wp-content\/uploads\/2021\/04\/09-concejales-ley-micaela-150x106.jpeg 150w, https:\/\/www.hoymercedes.com.ar\/principal\/wp-content\/uploads\/2021\/04\/09-concejales-ley-micaela-120x85.jpeg 120w\" sizes=\"auto, (max-width: 800px) 100vw, 800px\" \/><\/figure><\/div>\n\n\n\n<p>La concejala Andrea Bozzini, qui\u00e9n adem\u00e1s preside la Comisi\u00f3n de G\u00e9nero cont\u00f3 \u201cla Direcci\u00f3n de G\u00e9nero desde hace al menos dos a\u00f1os viene realizando estas capacitaciones que cumplimenta esta ley que tiene la obligatoriedad de que toda persona que brinde servicios p\u00fablicos sean capacitados en forma permanente en cuestiones de g\u00e9nero\u201d y agreg\u00f3 \u201cayer nos toc\u00f3 los concejales y concejalas y a toda la personal planta permanente del Concejo Deliberante\u201d. &nbsp;<\/p>\n\n\n\n<p>En este sentido, Bozzini, describi\u00f3 \u201ctuvimos la primera jornada en el ex Instituto Unzu\u00e9 al aire libre, teniendo en cuenta los protocolos y haci\u00e9ndolo de manera cuidada\u201d y apunt\u00f3 \u201cla Direcci\u00f3n de G\u00e9nero tiene un equipo interdisciplinario que trabaja much\u00edsimo, no s\u00f3lo en la atenci\u00f3n a las v\u00edctimas sino tambi\u00e9n cuenta con un equipo preventivo que est\u00e1 a cargo de estas capacitaciones\u201d. &nbsp;<\/p>\n\n\n\n<p>&nbsp;A su vez, la edil se\u00f1al\u00f3 \u201ces una capacitaci\u00f3n muy participativa, din\u00e1mica, donde todos participan, se sacan dudas y en el cual, insisto, cuidamos todos los protocolos vigentes. A partir de las participaciones y los aportes de todos se va construyendo los conceptos\u201d y a\u00f1adi\u00f3 \u201ceste equipo de g\u00e9nero lo que hace es planificar y repensar cada encuentro, por supuesto, desde la teor\u00eda de compartir la ley, pero siempre ajustada a las distintas realidades, en este caso legislativo, es decir, pensando en cada grupo que lo va a recibir\u201d. &nbsp;<\/p>\n\n\n\n<p>\u201cTodos tenemos que aprender, todos tenemos un rol importante y aquellos que tenemos funciones p\u00fablicas doble obligaci\u00f3n de saber, capacitarnos en estas tem\u00e1ticas tan importantes\u201d afirm\u00f3 la concejala Andrea Bozzini. &nbsp;<\/p>\n\n\n\n<p>La propuesta aborda ejes tem\u00e1ticos como sexo-g\u00e9nero, roles y estereotipos, violencia simb\u00f3lica, marco normativo nacional contra la violencia de g\u00e9nero, tipos de violencia de g\u00e9nero, etc. Por otro lado, recupera todos los recursos estatales disponibles para el abordaje de la problem\u00e1tica, entendiendo que la responsabilidad que tiene cada agente del Estado de conocerlo, con el objeto de garantizar que, ante la demanda de una mujer en situaci\u00f3n de violencia, \u00e9ste sabr\u00e1 c\u00f3mo asesorar adecuadamente. \u00a0<\/p>\n\n\n\n<p>Fuente: Prensa Municipal<\/p>\n","protected":false},"excerpt":{"rendered":"<p>La Direcci\u00f3n de Pol\u00edticas de G\u00e9neros y Diversidad municipal comenz\u00f3 la capacitaci\u00f3n en g\u00e9nero y violencia, enmarcada dentro de la &#8230; <a title=\"Capacitaci\u00f3n a Concejales en la Ley Micaela\" class=\"read-more\" href=\"https:\/\/www.hoymercedes.com.ar\/principal\/2021\/04\/09\/capacitacion-a-concejales-en-la-ley-micaela\/\" aria-label=\"Leer m\u00e1s sobre Capacitaci\u00f3n a Concejales en la Ley Micaela\">Leer m\u00e1s<\/a><\/p>\n","protected":false},"author":1,"featured_media":127824,"comment_status":"closed","ping_status":"open","sticky":false,"template":"","format":"standard","meta":{"_monsterinsights_skip_tracking":false,"_monsterinsights_sitenote_active":false,"_monsterinsights_sitenote_note":"","_monsterinsights_sitenote_category":0,"jetpack_post_was_ever_published":false,"_jetpack_newsletter_access":"","_jetpack_dont_email_post_to_subs":false,"_jetpack_newsletter_tier_id":0,"_jetpack_memberships_contains_paywalled_content":false,"_jetpack_memberships_contains_paid_content":false,"footnotes":"","jetpack_publicize_message":"","jetpack_publicize_feature_enabled":true,"jetpack_social_post_already_shared":true,"jetpack_social_options":{"image_generator_settings":{"template":"highway","default_image_id":0,"font":"","enabled":false},"version":2},"_wpas_customize_per_network":false},"categories":[30],"tags":[8656,16256,244],"class_list":["post-127823","post","type-post","status-publish","format-standard","has-post-thumbnail","hentry","category-municipio","tag-capacitacion","tag-ley-micaela","tag-municipio-2","generate-columns","tablet-grid-50","mobile-grid-100","grid-parent","grid-50"],"jetpack_publicize_connections":[],"jetpack_featured_media_url":"https:\/\/www.hoymercedes.com.ar\/principal\/wp-content\/uploads\/2021\/04\/09-concejales-ley-micaela.jpeg","wps_subtitle":"Capacitaci\u00f3n legislativa","jetpack_sharing_enabled":true,"_links":{"self":[{"href":"https:\/\/www.hoymercedes.com.ar\/principal\/wp-json\/wp\/v2\/posts\/127823","targetHints":{"allow":["GET"]}}],"collection":[{"href":"https:\/\/www.hoymercedes.com.ar\/principal\/wp-json\/wp\/v2\/posts"}],"about":[{"href":"https:\/\/www.hoymercedes.com.ar\/principal\/wp-json\/wp\/v2\/types\/post"}],"author":[{"embeddable":true,"href":"https:\/\/www.hoymercedes.com.ar\/principal\/wp-json\/wp\/v2\/users\/1"}],"replies":[{"embeddable":true,"href":"https:\/\/www.hoymercedes.com.ar\/principal\/wp-json\/wp\/v2\/comments?post=127823"}],"version-history":[{"count":0,"href":"https:\/\/www.hoymercedes.com.ar\/principal\/wp-json\/wp\/v2\/posts\/127823\/revisions"}],"wp:featuredmedia":[{"embeddable":true,"href":"https:\/\/www.hoymercedes.com.ar\/principal\/wp-json\/wp\/v2\/media\/127824"}],"wp:attachment":[{"href":"https:\/\/www.hoymercedes.com.ar\/principal\/wp-json\/wp\/v2\/media?parent=127823"}],"wp:term":[{"taxonomy":"category","embeddable":true,"href":"https:\/\/www.hoymercedes.com.ar\/principal\/wp-json\/wp\/v2\/categories?post=127823"},{"taxonomy":"post_tag","embeddable":true,"href":"https:\/\/www.hoymercedes.com.ar\/principal\/wp-json\/wp\/v2\/tags?post=127823"}],"curies":[{"name":"wp","href":"https:\/\/api.w.org\/{rel}","templated":true}]}}