{"id":12786,"date":"2012-05-10T11:44:27","date_gmt":"2012-05-10T11:44:27","guid":{"rendered":"http:\/\/www.hoymercedes.com.ar\/principal\/?p=12786"},"modified":"2012-05-10T11:44:27","modified_gmt":"2012-05-10T11:44:27","slug":"actividades-del-iml-mercedes-presentan-libro-la-casa-esta-en-orden","status":"publish","type":"post","link":"https:\/\/www.hoymercedes.com.ar\/principal\/2012\/05\/10\/actividades-del-iml-mercedes-presentan-libro-la-casa-esta-en-orden\/","title":{"rendered":"Actividades del IML Mercedes: Presentan libro: \u00abLa Casa est\u00e1 en orden\u00bb"},"content":{"rendered":"<p><a href=\"https:\/\/www.hoymercedes.com.ar\/principal\/wp-content\/uploads\/2012\/05\/LaCasaEstaEnOrden.jpg\"><img loading=\"lazy\" decoding=\"async\" data-attachment-id=\"12788\" data-permalink=\"https:\/\/www.hoymercedes.com.ar\/principal\/2012\/05\/10\/actividades-del-iml-mercedes-presentan-libro-la-casa-esta-en-orden\/prueba-tapa-jaunarena-1-12\/#main\" data-orig-file=\"https:\/\/www.hoymercedes.com.ar\/principal\/wp-content\/uploads\/2012\/05\/LaCasaEstaEnOrden.jpg\" data-orig-size=\"612,912\" data-comments-opened=\"1\" data-image-meta=\"{&quot;aperture&quot;:&quot;0&quot;,&quot;credit&quot;:&quot;&quot;,&quot;camera&quot;:&quot;&quot;,&quot;caption&quot;:&quot;&quot;,&quot;created_timestamp&quot;:&quot;0&quot;,&quot;copyright&quot;:&quot;&quot;,&quot;focal_length&quot;:&quot;0&quot;,&quot;iso&quot;:&quot;0&quot;,&quot;shutter_speed&quot;:&quot;0&quot;,&quot;title&quot;:&quot;prueba tapa jaunarena 1-12&quot;}\" data-image-title=\"La Casa Est\u00e1 en Orden &amp;#8211; Jaunarena\" data-image-description=\"\" data-image-caption=\"\" data-large-file=\"https:\/\/www.hoymercedes.com.ar\/principal\/wp-content\/uploads\/2012\/05\/LaCasaEstaEnOrden.jpg\" class=\"aligncenter size-full wp-image-12788\" title=\"La Casa Est\u00e1 en Orden - Jaunarena\" src=\"https:\/\/www.hoymercedes.com.ar\/principal\/wp-content\/uploads\/2012\/05\/LaCasaEstaEnOrden.jpg\" alt=\"\" width=\"612\" height=\"912\" srcset=\"https:\/\/www.hoymercedes.com.ar\/principal\/wp-content\/uploads\/2012\/05\/LaCasaEstaEnOrden.jpg 612w, https:\/\/www.hoymercedes.com.ar\/principal\/wp-content\/uploads\/2012\/05\/LaCasaEstaEnOrden-416x620.jpg 416w\" sizes=\"auto, (max-width: 612px) 100vw, 612px\" \/><\/a><\/p>\n<p>Despu\u00e9s de las actividades sobre \u00abViolencia de genero\u00bb con la compa\u00f1\u00eda de la Diputada Nacional Maria Luisa Storani y la presentaci\u00f3n del libro \u00abLa otra Juventud\u00bb con la participaci\u00f3n del autor del libro Oscar Mui\u00f1o y con la visita especial de Federico Freddi Storani y Leopoldo Moreau, el IML propone mas actividades para este 2012.<\/p>\n<p>En el marco de las actividades que se llevaran durante todo el 2012, la Filial Mercedes del Instituto Mois\u00e9s Lebensohn, presenta en esta oportunidad el libro \u00abLa casa esta en orden\u00bb de Horacio Jaunarena, Ministro de Defensa durante la presidencia de Raul Alfons\u00edn.<\/p>\n<p>El 19 de abril pasado se cumplieron 25 a\u00f1os de una de las movilizaciones populares m\u00e1s grandes de las que se tenga memoria. Fue la resistencia pac\u00edfica a la rebeli\u00f3n militar de Semana Santa, encabezada por Aldo Rico.<\/p>\n<p>Horacio Jaunarena cuenta en su libro, todas las intrigas de aquel momento hist\u00f3rico de la joven democracia argentina.<\/p>\n<p>La cita ser\u00e1 en el Honorable Concejo Deliberante de nuestra ciudad, el jueves 10 de Mayo a las 19.00 hs. La modalidad ser\u00e1 una entrevista p\u00fablica a cargo de la periodista local Susana Spano.<\/p>\n","protected":false},"excerpt":{"rendered":"<p>Despu\u00e9s de las actividades sobre \u00abViolencia de genero\u00bb con la compa\u00f1\u00eda de la Diputada Nacional Maria Luisa Storani y la &#8230; <a title=\"Actividades del IML Mercedes: Presentan libro: \u00abLa Casa est\u00e1 en orden\u00bb\" class=\"read-more\" href=\"https:\/\/www.hoymercedes.com.ar\/principal\/2012\/05\/10\/actividades-del-iml-mercedes-presentan-libro-la-casa-esta-en-orden\/\" aria-label=\"Leer m\u00e1s sobre Actividades del IML Mercedes: Presentan libro: \u00abLa Casa est\u00e1 en orden\u00bb\">Leer m\u00e1s<\/a><\/p>\n","protected":false},"author":1,"featured_media":0,"comment_status":"open","ping_status":"open","sticky":false,"template":"","format":"standard","meta":{"_monsterinsights_skip_tracking":false,"_monsterinsights_sitenote_active":false,"_monsterinsights_sitenote_note":"","_monsterinsights_sitenote_category":0,"jetpack_post_was_ever_published":false,"_jetpack_newsletter_access":"","_jetpack_dont_email_post_to_subs":false,"_jetpack_newsletter_tier_id":0,"_jetpack_memberships_contains_paywalled_content":false,"_jetpack_memberships_contains_paid_content":false,"footnotes":"","jetpack_publicize_message":"","jetpack_publicize_feature_enabled":true,"jetpack_social_post_already_shared":false,"jetpack_social_options":{"image_generator_settings":{"template":"highway","default_image_id":0,"font":"","enabled":false},"version":2},"_wpas_customize_per_network":false},"categories":[5],"tags":[2170],"class_list":["post-12786","post","type-post","status-publish","format-standard","hentry","category-politica","tag-la-casa-esta-en-orden","generate-columns","tablet-grid-50","mobile-grid-100","grid-parent","grid-50"],"jetpack_publicize_connections":[],"jetpack_featured_media_url":"","wps_subtitle":"","jetpack_sharing_enabled":true,"_links":{"self":[{"href":"https:\/\/www.hoymercedes.com.ar\/principal\/wp-json\/wp\/v2\/posts\/12786","targetHints":{"allow":["GET"]}}],"collection":[{"href":"https:\/\/www.hoymercedes.com.ar\/principal\/wp-json\/wp\/v2\/posts"}],"about":[{"href":"https:\/\/www.hoymercedes.com.ar\/principal\/wp-json\/wp\/v2\/types\/post"}],"author":[{"embeddable":true,"href":"https:\/\/www.hoymercedes.com.ar\/principal\/wp-json\/wp\/v2\/users\/1"}],"replies":[{"embeddable":true,"href":"https:\/\/www.hoymercedes.com.ar\/principal\/wp-json\/wp\/v2\/comments?post=12786"}],"version-history":[{"count":0,"href":"https:\/\/www.hoymercedes.com.ar\/principal\/wp-json\/wp\/v2\/posts\/12786\/revisions"}],"wp:attachment":[{"href":"https:\/\/www.hoymercedes.com.ar\/principal\/wp-json\/wp\/v2\/media?parent=12786"}],"wp:term":[{"taxonomy":"category","embeddable":true,"href":"https:\/\/www.hoymercedes.com.ar\/principal\/wp-json\/wp\/v2\/categories?post=12786"},{"taxonomy":"post_tag","embeddable":true,"href":"https:\/\/www.hoymercedes.com.ar\/principal\/wp-json\/wp\/v2\/tags?post=12786"}],"curies":[{"name":"wp","href":"https:\/\/api.w.org\/{rel}","templated":true}]}}