{"id":127969,"date":"2021-04-11T10:26:54","date_gmt":"2021-04-11T13:26:54","guid":{"rendered":"https:\/\/www.hoymercedes.com.ar\/principal\/?p=127969"},"modified":"2021-04-11T21:23:53","modified_gmt":"2021-04-12T00:23:53","slug":"covid-en-lujan-dos-hombres-fallecieron-y-94-nuevos-casos-positivos","status":"publish","type":"post","link":"https:\/\/www.hoymercedes.com.ar\/principal\/2021\/04\/11\/covid-en-lujan-dos-hombres-fallecieron-y-94-nuevos-casos-positivos\/","title":{"rendered":"Covid en Luj\u00e1n: dos hombres fallecieron y 94 nuevos casos positivos"},"content":{"rendered":"\n<p><em>Seg\u00fan informaron desde la Secretar\u00eda de Salud de Luj\u00e1n, los vecinos fallecidos ten\u00edan 55 y 80 a\u00f1os. De esta manera, ya son 173 las v\u00edctimas. Por su parte, este s\u00e1bado recibieron el alta 14 pacientes, se descartaron 80 en estudio y se configuraron 179 nuevos sospechosos.<\/em><\/p>\n\n\n\n<p>En su informe oficial N\u00b0 390, emitido este domingo a las 7, la Secretar\u00eda de Salud de la Municipalidad de Luj\u00e1n inform\u00f3 que en las \u00faltimas 24 horas en el Partido de Luj\u00e1n fallecieron otros dos lujanenses con coronavirus.<\/p>\n\n\n\n<p>\u201cSe trata de un hombre de 80 a\u00f1os de edad que se encontraba internado en un efector de salud privado en el partido de Luj\u00e1n, y otro un hombre de 55 a\u00f1os de edad que se encontraba internado en un efector de salud p\u00fablico en el partido de Luj\u00e1n\u201d, se\u00f1alaron.<\/p>\n\n\n\n<p>Por su parte, se confirmaron 94 nuevos casos positivos de coronavirus. A su vez, se dieron de alta 14 casos positivos para Covid-19. En tanto, se descartaron 80 casos en estudio y se configuraron 179 nuevos casos sospechosos de coronavirus.<\/p>\n\n\n\n<p>\u201cTodos los casos son asistidos seg\u00fan el protocolo de Covid-19 y en coordinaci\u00f3n con la Regi\u00f3n Sanitaria 7\u201d, se\u00f1alaron desde la cartera sanitaria.<\/p>\n\n\n\n<p>Hasta el momento, el Partido de Luj\u00e1n registra 7.822 casos positivos (de los cuales 173 fallecieron, 4.957 fueron dados de alta y 2.688 se encuentran en tratamiento) y 14.534 casos descartados.<\/p>\n","protected":false},"excerpt":{"rendered":"<p>Seg\u00fan informaron desde la Secretar\u00eda de Salud de Luj\u00e1n, los vecinos fallecidos ten\u00edan 55 y 80 a\u00f1os. De esta manera, &#8230; <a title=\"Covid en Luj\u00e1n: dos hombres fallecieron y 94 nuevos casos positivos\" class=\"read-more\" href=\"https:\/\/www.hoymercedes.com.ar\/principal\/2021\/04\/11\/covid-en-lujan-dos-hombres-fallecieron-y-94-nuevos-casos-positivos\/\" aria-label=\"Leer m\u00e1s sobre Covid en Luj\u00e1n: dos hombres fallecieron y 94 nuevos casos positivos\">Leer m\u00e1s<\/a><\/p>\n","protected":false},"author":1,"featured_media":126216,"comment_status":"closed","ping_status":"open","sticky":false,"template":"","format":"standard","meta":{"_monsterinsights_skip_tracking":false,"_monsterinsights_sitenote_active":false,"_monsterinsights_sitenote_note":"","_monsterinsights_sitenote_category":0,"jetpack_post_was_ever_published":false,"_jetpack_newsletter_access":"","_jetpack_dont_email_post_to_subs":false,"_jetpack_newsletter_tier_id":0,"_jetpack_memberships_contains_paywalled_content":false,"_jetpack_memberships_contains_paid_content":false,"footnotes":"","jetpack_publicize_message":"","jetpack_publicize_feature_enabled":true,"jetpack_social_post_already_shared":true,"jetpack_social_options":{"image_generator_settings":{"template":"highway","default_image_id":0,"font":"","enabled":false},"version":2},"_wpas_customize_per_network":false},"categories":[5501],"tags":[16175,16819,86,17048,9322],"class_list":["post-127969","post","type-post","status-publish","format-standard","has-post-thumbnail","hentry","category-region","tag-coronavirus","tag-covid","tag-lujan","tag-nuevos-casos","tag-region","generate-columns","tablet-grid-50","mobile-grid-100","grid-parent","grid-50"],"jetpack_publicize_connections":[],"jetpack_featured_media_url":"https:\/\/www.hoymercedes.com.ar\/principal\/wp-content\/uploads\/2021\/03\/Coronavirus-Test-696x464-1.jpg","wps_subtitle":"Coronavirus en la regi\u00f3n","jetpack_sharing_enabled":true,"_links":{"self":[{"href":"https:\/\/www.hoymercedes.com.ar\/principal\/wp-json\/wp\/v2\/posts\/127969","targetHints":{"allow":["GET"]}}],"collection":[{"href":"https:\/\/www.hoymercedes.com.ar\/principal\/wp-json\/wp\/v2\/posts"}],"about":[{"href":"https:\/\/www.hoymercedes.com.ar\/principal\/wp-json\/wp\/v2\/types\/post"}],"author":[{"embeddable":true,"href":"https:\/\/www.hoymercedes.com.ar\/principal\/wp-json\/wp\/v2\/users\/1"}],"replies":[{"embeddable":true,"href":"https:\/\/www.hoymercedes.com.ar\/principal\/wp-json\/wp\/v2\/comments?post=127969"}],"version-history":[{"count":0,"href":"https:\/\/www.hoymercedes.com.ar\/principal\/wp-json\/wp\/v2\/posts\/127969\/revisions"}],"wp:featuredmedia":[{"embeddable":true,"href":"https:\/\/www.hoymercedes.com.ar\/principal\/wp-json\/wp\/v2\/media\/126216"}],"wp:attachment":[{"href":"https:\/\/www.hoymercedes.com.ar\/principal\/wp-json\/wp\/v2\/media?parent=127969"}],"wp:term":[{"taxonomy":"category","embeddable":true,"href":"https:\/\/www.hoymercedes.com.ar\/principal\/wp-json\/wp\/v2\/categories?post=127969"},{"taxonomy":"post_tag","embeddable":true,"href":"https:\/\/www.hoymercedes.com.ar\/principal\/wp-json\/wp\/v2\/tags?post=127969"}],"curies":[{"name":"wp","href":"https:\/\/api.w.org\/{rel}","templated":true}]}}