{"id":12818,"date":"2012-05-11T12:28:29","date_gmt":"2012-05-11T12:28:29","guid":{"rendered":"http:\/\/www.hoymercedes.com.ar\/principal\/?p=12818"},"modified":"2012-05-11T12:28:29","modified_gmt":"2012-05-11T12:28:29","slug":"el-viernes-18-se-llevara-a-cabo-la-noche-de-los-museos-en-mercedes","status":"publish","type":"post","link":"https:\/\/www.hoymercedes.com.ar\/principal\/2012\/05\/11\/el-viernes-18-se-llevara-a-cabo-la-noche-de-los-museos-en-mercedes\/","title":{"rendered":"El Viernes 18 se llevar\u00e1 a cabo la \u00abNoche de los Museos\u00bb en Mercedes"},"content":{"rendered":"<p><a href=\"https:\/\/www.hoymercedes.com.ar\/principal\/wp-content\/uploads\/2012\/05\/Afiche-2011.jpg\"><img loading=\"lazy\" decoding=\"async\" data-attachment-id=\"12820\" data-permalink=\"https:\/\/www.hoymercedes.com.ar\/principal\/2012\/05\/11\/el-viernes-18-se-llevara-a-cabo-la-noche-de-los-museos-en-mercedes\/afiche-2012-noche-de-los-museos-promo-curvas\/#main\" data-orig-file=\"https:\/\/www.hoymercedes.com.ar\/principal\/wp-content\/uploads\/2012\/05\/Afiche-2011.jpg\" data-orig-size=\"612,433\" data-comments-opened=\"1\" data-image-meta=\"{&quot;aperture&quot;:&quot;0&quot;,&quot;credit&quot;:&quot;&quot;,&quot;camera&quot;:&quot;&quot;,&quot;caption&quot;:&quot;&quot;,&quot;created_timestamp&quot;:&quot;0&quot;,&quot;copyright&quot;:&quot;&quot;,&quot;focal_length&quot;:&quot;0&quot;,&quot;iso&quot;:&quot;0&quot;,&quot;shutter_speed&quot;:&quot;0&quot;,&quot;title&quot;:&quot;AFICHE 2012 NOCHE DE LOS MUSEOS PROMO CURVAS&quot;}\" data-image-title=\"AFICHE 2012 NOCHE DE LOS MUSEOS PROMO CURVAS\" data-image-description=\"\" data-image-caption=\"\" data-large-file=\"https:\/\/www.hoymercedes.com.ar\/principal\/wp-content\/uploads\/2012\/05\/Afiche-2011.jpg\" class=\"aligncenter size-full wp-image-12820\" title=\"AFICHE 2012 NOCHE DE LOS MUSEOS PROMO CURVAS\" src=\"https:\/\/www.hoymercedes.com.ar\/principal\/wp-content\/uploads\/2012\/05\/Afiche-2011.jpg\" alt=\"\" width=\"612\" height=\"433\" \/><\/a><\/p>\n<p>La Direcci\u00f3n de Cultura y Educaci\u00f3n informa que ya est\u00e1 confirmado el cronograma de actividades desarrollado para el pr\u00f3ximo viernes 18 de mayo en el marco de La noche de los Museos.<\/p>\n<p>Muestras est\u00e1ticas desde las 18hs y hasta las 00hs:<\/p>\n<p>\u00b7 Visita guiada a la casa\/taller del artista pl\u00e1stico Octimio Landi (Calle 39 e\/ 34 y 32). Exposici\u00f3n de sus obras de escultura, cer\u00e1mica, pintura y grabados.<\/p>\n<p>\u00b7 Exposici\u00f3n fotogr\u00e1fica de autores locales en el Concejo Deliberante (Av. 29 N\u00ba 575) y foyer del Teatro Argentino (calle 27 N\u00ba 578, 1\u00ba piso). Invita: Foto Club Mercedes y la Direcci\u00f3n de Cultura y Educaci\u00f3n<\/p>\n<p>\u00b7 Muestra a los confines del Teatro. Instalaciones e intervenciones a cargo de Pablo Russo, C\u00e9sar Lalla, Ver\u00f3nica Dur\u00e1n, Mar\u00eda Eugenia Scioli, Stella Daly, Jorge Blanco y m\u00e1s. (Teatro Argentino, calle 27 N\u00ba 578)<\/p>\n<p>\u00b7 Viaje en el tiempo para conocer m\u00e1s sobre nuestro pasado. Museo Hist\u00f3rico Dr. V\u00edctor M\u00edguez (calle 12 e\/ 21 y 23)<\/p>\n<p>\u00b7 Muestra de artes pl\u00e1sticas. Patrimonio art\u00edstico de la Municipalidad de Mercedes. Complejo Cultural Ameghino Mar\u00edn (calle 26 esq. 21).<\/p>\n<p><strong>Actividades din\u00e1micas y shows en vivo:<\/strong><\/p>\n<p>\u00b7 19.00hs: \u201cBouquet de ausencias\u201d, representaci\u00f3n teatral con Gabriela Lorusso y Pepe Jaramillo. Direcci\u00f3n: Gabriela Lorusso. Museo Hist\u00f3rico Dr. V\u00edctor M\u00edguez (calle 12 e\/ 21 y 23)<\/p>\n<p>\u00b7 20.00hs: Presentaci\u00f3n de \u201cTen\u00edan que ser mujeres\u201d, nueva producci\u00f3n literaria de Felipe Pigna. Charla del autor. Biblioteca Sarmiento (Av. 29 e\/ 28 y 30) Invitan: FM Santa Mar\u00eda, Industrias Magromer, Concejo de Ciencias Econ\u00f3micas y Direcci\u00f3n de Cultura y Educaci\u00f3n de la Municipalidad de Mercedes.<\/p>\n<p>\u00b7 21.30hs: Alguito de blues con Amarili D\u00edaz, Gustavo Zoni y Pali Passaro. Complejo Cultural Ameghino Mar\u00edn (calle 26 esq. 21).<\/p>\n<p>\u00b7 23.00hs: Show en vivo de Nadia Boffi y Larry La Regina. (Teatro Argentino, calle 27 N\u00ba 578)<\/p>\n<p>\u00b7 00.30hs: Cierre de la Noche de los Museos en Centro Cultural El Limonero. Pe\u00f1a folkl\u00f3rica con Oscar Rossello y amigos.<\/p>\n<p>Cada una de las sedes, con sus muestras y espect\u00e1culos, tendr\u00e1n abiertas sus puertas desde las 18hs, con entrada libre y gratuita en cada uno de los casos.<\/p>\n<p><a href=\"https:\/\/www.hoymercedes.com.ar\/principal\/wp-content\/uploads\/2012\/05\/Afiche-II-2011.jpg\"><img loading=\"lazy\" decoding=\"async\" data-attachment-id=\"12821\" data-permalink=\"https:\/\/www.hoymercedes.com.ar\/principal\/2012\/05\/11\/el-viernes-18-se-llevara-a-cabo-la-noche-de-los-museos-en-mercedes\/afiche-2012-noche-de-los-museos-detalle-curvas\/#main\" data-orig-file=\"https:\/\/www.hoymercedes.com.ar\/principal\/wp-content\/uploads\/2012\/05\/Afiche-II-2011.jpg\" data-orig-size=\"612,433\" data-comments-opened=\"1\" data-image-meta=\"{&quot;aperture&quot;:&quot;0&quot;,&quot;credit&quot;:&quot;&quot;,&quot;camera&quot;:&quot;&quot;,&quot;caption&quot;:&quot;&quot;,&quot;created_timestamp&quot;:&quot;0&quot;,&quot;copyright&quot;:&quot;&quot;,&quot;focal_length&quot;:&quot;0&quot;,&quot;iso&quot;:&quot;0&quot;,&quot;shutter_speed&quot;:&quot;0&quot;,&quot;title&quot;:&quot;AFICHE 2012 NOCHE DE LOS MUSEOS DETALLE CURVAS&quot;}\" data-image-title=\"AFICHE 2012 NOCHE DE LOS MUSEOS DETALLE CURVAS\" data-image-description=\"\" data-image-caption=\"\" data-large-file=\"https:\/\/www.hoymercedes.com.ar\/principal\/wp-content\/uploads\/2012\/05\/Afiche-II-2011.jpg\" class=\"aligncenter size-full wp-image-12821\" title=\"AFICHE 2012 NOCHE DE LOS MUSEOS DETALLE CURVAS\" src=\"https:\/\/www.hoymercedes.com.ar\/principal\/wp-content\/uploads\/2012\/05\/Afiche-II-2011.jpg\" alt=\"\" width=\"612\" height=\"433\" srcset=\"https:\/\/www.hoymercedes.com.ar\/principal\/wp-content\/uploads\/2012\/05\/Afiche-II-2011.jpg 612w, https:\/\/www.hoymercedes.com.ar\/principal\/wp-content\/uploads\/2012\/05\/Afiche-II-2011-300x212.jpg 300w\" sizes=\"auto, (max-width: 612px) 100vw, 612px\" \/><\/a><\/p>\n","protected":false},"excerpt":{"rendered":"<p>La Direcci\u00f3n de Cultura y Educaci\u00f3n informa que ya est\u00e1 confirmado el cronograma de actividades desarrollado para el pr\u00f3ximo viernes &#8230; <a title=\"El Viernes 18 se llevar\u00e1 a cabo la \u00abNoche de los Museos\u00bb en Mercedes\" class=\"read-more\" href=\"https:\/\/www.hoymercedes.com.ar\/principal\/2012\/05\/11\/el-viernes-18-se-llevara-a-cabo-la-noche-de-los-museos-en-mercedes\/\" aria-label=\"Leer m\u00e1s sobre El Viernes 18 se llevar\u00e1 a cabo la \u00abNoche de los Museos\u00bb en Mercedes\">Leer m\u00e1s<\/a><\/p>\n","protected":false},"author":1,"featured_media":0,"comment_status":"open","ping_status":"open","sticky":false,"template":"","format":"standard","meta":{"_monsterinsights_skip_tracking":false,"_monsterinsights_sitenote_active":false,"_monsterinsights_sitenote_note":"","_monsterinsights_sitenote_category":0,"jetpack_post_was_ever_published":false,"_jetpack_newsletter_access":"","_jetpack_dont_email_post_to_subs":false,"_jetpack_newsletter_tier_id":0,"_jetpack_memberships_contains_paywalled_content":false,"_jetpack_memberships_contains_paid_content":false,"footnotes":"","jetpack_publicize_message":"","jetpack_publicize_feature_enabled":true,"jetpack_social_post_already_shared":false,"jetpack_social_options":{"image_generator_settings":{"template":"highway","default_image_id":0,"font":"","enabled":false},"version":2},"_wpas_customize_per_network":false},"categories":[30],"tags":[739,10,2175],"class_list":["post-12818","post","type-post","status-publish","format-standard","hentry","category-municipio","tag-direccion-de-cultura","tag-mercedes","tag-noche-de-los-museos","generate-columns","tablet-grid-50","mobile-grid-100","grid-parent","grid-50"],"jetpack_publicize_connections":[],"jetpack_featured_media_url":"","wps_subtitle":"","jetpack_sharing_enabled":true,"_links":{"self":[{"href":"https:\/\/www.hoymercedes.com.ar\/principal\/wp-json\/wp\/v2\/posts\/12818","targetHints":{"allow":["GET"]}}],"collection":[{"href":"https:\/\/www.hoymercedes.com.ar\/principal\/wp-json\/wp\/v2\/posts"}],"about":[{"href":"https:\/\/www.hoymercedes.com.ar\/principal\/wp-json\/wp\/v2\/types\/post"}],"author":[{"embeddable":true,"href":"https:\/\/www.hoymercedes.com.ar\/principal\/wp-json\/wp\/v2\/users\/1"}],"replies":[{"embeddable":true,"href":"https:\/\/www.hoymercedes.com.ar\/principal\/wp-json\/wp\/v2\/comments?post=12818"}],"version-history":[{"count":0,"href":"https:\/\/www.hoymercedes.com.ar\/principal\/wp-json\/wp\/v2\/posts\/12818\/revisions"}],"wp:attachment":[{"href":"https:\/\/www.hoymercedes.com.ar\/principal\/wp-json\/wp\/v2\/media?parent=12818"}],"wp:term":[{"taxonomy":"category","embeddable":true,"href":"https:\/\/www.hoymercedes.com.ar\/principal\/wp-json\/wp\/v2\/categories?post=12818"},{"taxonomy":"post_tag","embeddable":true,"href":"https:\/\/www.hoymercedes.com.ar\/principal\/wp-json\/wp\/v2\/tags?post=12818"}],"curies":[{"name":"wp","href":"https:\/\/api.w.org\/{rel}","templated":true}]}}