{"id":128356,"date":"2021-04-17T18:15:00","date_gmt":"2021-04-17T21:15:00","guid":{"rendered":"https:\/\/www.hoymercedes.com.ar\/principal\/?p=128356"},"modified":"2021-04-17T20:52:21","modified_gmt":"2021-04-17T23:52:21","slug":"reclaman-que-le-otorguen-la-prision-domiciliaria-a-nancy-montiel","status":"publish","type":"post","link":"https:\/\/www.hoymercedes.com.ar\/principal\/2021\/04\/17\/reclaman-que-le-otorguen-la-prision-domiciliaria-a-nancy-montiel\/","title":{"rendered":"Reclaman que le otorguen la prisi\u00f3n domiciliaria a Nancy Montiel"},"content":{"rendered":"\n<p>Promediando la ma\u00f1ana del viernes, un grupo de amigos y familiares de Nancy Montiel se hicieron presentes en la puerta de los Tribunales de Mercedes para reclamar la prisi\u00f3n domiciliaria de la mujer. Nancy es de General Rodr\u00edguez y est\u00e1 detenida acusada del haber participado de un \u00abhomicidio en banda\u00bb de un hombre que est\u00e1, a su vez, acusado de ser uno de los abusadores del hijo menor de Nancy. <\/p>\n\n\n\n<div class=\"wp-block-image\"><figure class=\"aligncenter size-large\"><img loading=\"lazy\" decoding=\"async\" width=\"1024\" height=\"683\" data-attachment-id=\"128352\" data-permalink=\"https:\/\/www.hoymercedes.com.ar\/principal\/2021\/04\/17\/esta-abierta-la-inscripcion-local-para-los-juegos-bonarenses\/img_20210416_114737799\/#main\" data-orig-file=\"https:\/\/www.hoymercedes.com.ar\/principal\/wp-content\/uploads\/2021\/04\/IMG_20210416_114737799-scaled-e1618691499967.jpg\" data-orig-size=\"800,533\" data-comments-opened=\"0\" data-image-meta=\"{&quot;aperture&quot;:&quot;2&quot;,&quot;credit&quot;:&quot;&quot;,&quot;camera&quot;:&quot;Moto G (5S) Plus&quot;,&quot;caption&quot;:&quot;&quot;,&quot;created_timestamp&quot;:&quot;1618573658&quot;,&quot;copyright&quot;:&quot;&quot;,&quot;focal_length&quot;:&quot;3.59&quot;,&quot;iso&quot;:&quot;100&quot;,&quot;shutter_speed&quot;:&quot;0.002&quot;,&quot;title&quot;:&quot;&quot;,&quot;orientation&quot;:&quot;1&quot;}\" data-image-title=\"IMG_20210416_114737799\" data-image-description=\"\" data-image-caption=\"\" data-large-file=\"https:\/\/www.hoymercedes.com.ar\/principal\/wp-content\/uploads\/2021\/04\/IMG_20210416_114737799-1024x683.jpg\" src=\"https:\/\/www.hoymercedes.com.ar\/principal\/wp-content\/uploads\/2021\/04\/IMG_20210416_114737799-1024x683.jpg\" alt=\"\" class=\"wp-image-128352\"\/><\/figure><\/div>\n\n\n\n<p>La causa original est\u00e1 en el departamento judicial de Moreno General Rodr\u00edguez y es una de las fiscales de ese lugar pidi\u00f3 su detenci\u00f3n. Sin embargo, las instancias superiores se encuentran en Mercedes y hasta la ciudad llegaron familiares y amigos para acompa\u00f1ar al abogado a presentar, nuevamente, el pedido de prisi\u00f3n domiciliaria de Nancy, ya que es madre de familia y tiene a su cargo, hijos que a\u00fan son menores de edad. <\/p>\n\n\n\n<p>En la esquina de 29 y 26, frente a la puerta principal del Palacio de Tribunales, cortaron las calles e hicieron un fuerte reclamo ante la Justicia. \u201cEsto es una causa armada y ahora uno de los acusados, Claudio Montiel, est\u00e1 libre. \u00c9l hab\u00eda sido detenido el 24 de setiembre del 2020 por haber abusado de mi hermano. Estuvo acusado de abuso agravado hasta hace unos d\u00edas en el penal de Melchor Romero de La Plata\u201d, explic\u00f3 Maira, una de las hijas de Nancy desde el meg\u00e1fono antes los presentes. <\/p>\n\n\n\n<p>\u201cA mi mam\u00e1 la detienen, la acusaron de haber matado a uno de los abusadores de mi hermano, sin tener una sola prueba en su contra. Mi mam\u00e1 hizo todo lo que ten\u00eda que hacer, pero la Justicia nunca hace nada. El 23 de septiembre se la llevan enga\u00f1ada a mi mam\u00e1 a la comisaria, y ah\u00ed la acusan del homicidio de Palavecino.\u00a0Le dijeron que ten\u00eda que ir a declarar, pero cuando lleg\u00f3 a la comisaria la dejaron detenida\u201d, agrega y explica que Nancy estuvo unos d\u00edas en la comisar\u00eda de\u00a0General Rodr\u00edguez, la trasladaron a la primera de\u00a0Ituzaing\u00f3, y actualmente est\u00e1 detenida en el penal de\u00a0Los\u00a0 Hornos.<\/p>\n\n\n\n<p>Sobre la liberaci\u00f3n de su t\u00edo, acusado de haber abusado a su sobrino junto a la otra persona que fue asesinada, Maira dijo: \u201cLo dejan libre porque tiene esquizofrenia cr\u00f3nica y es una persona con una enfermedad psiqui\u00e1trica. Cuando me entere que estaba en libertad, hable con la secretaria de la fiscal, porque la fiscal Gabriela Urrutia no me atendio, y la secretar\u00eda me dijo que Claudio Montiel no estaba conciente de lo que hacia en el momento del abuso, pero lo dejaron libre, y viviendo a 15 cuadras de donde vive mi hermano que fue abusado\u201d.<\/p>\n\n\n\n<p>\u00abLa indignaci\u00f3n es tal, porque refuerza el planteo de la responsabilidad del Estado, a trav\u00e9s de la justicia, en la protecci\u00f3n de los violadores y femicidas y la criminalizaci\u00f3n de las v\u00edctimas ya que Nancy Montiel sigue en la c\u00e1rcel\u00bb, agregan los convocados a la marcha del viernes \u00faltimos en los Tribunales de Mercedes.<\/p>\n\n\n\n<p>Colaboraci\u00f3n: TusNoticias.com.ar<br>Fotograf\u00eda: HoyMercedes.com.ar<\/p>\n","protected":false},"excerpt":{"rendered":"<p>Promediando la ma\u00f1ana del viernes, un grupo de amigos y familiares de Nancy Montiel se hicieron presentes en la puerta &#8230; <a title=\"Reclaman que le otorguen la prisi\u00f3n domiciliaria a Nancy Montiel\" class=\"read-more\" href=\"https:\/\/www.hoymercedes.com.ar\/principal\/2021\/04\/17\/reclaman-que-le-otorguen-la-prision-domiciliaria-a-nancy-montiel\/\" aria-label=\"Leer m\u00e1s sobre Reclaman que le otorguen la prisi\u00f3n domiciliaria a Nancy Montiel\">Leer m\u00e1s<\/a><\/p>\n","protected":false},"author":1,"featured_media":128352,"comment_status":"closed","ping_status":"open","sticky":false,"template":"","format":"standard","meta":{"_monsterinsights_skip_tracking":false,"_monsterinsights_sitenote_active":false,"_monsterinsights_sitenote_note":"","_monsterinsights_sitenote_category":0,"jetpack_post_was_ever_published":false,"_jetpack_newsletter_access":"","_jetpack_dont_email_post_to_subs":false,"_jetpack_newsletter_tier_id":0,"_jetpack_memberships_contains_paywalled_content":false,"_jetpack_memberships_contains_paid_content":false,"footnotes":"","jetpack_publicize_message":"","jetpack_publicize_feature_enabled":true,"jetpack_social_post_already_shared":true,"jetpack_social_options":{"image_generator_settings":{"template":"highway","default_image_id":0,"font":"","enabled":false},"version":2},"_wpas_customize_per_network":false},"categories":[85],"tags":[325,96,606],"class_list":["post-128356","post","type-post","status-publish","format-standard","has-post-thumbnail","hentry","category-policial","tag-justicia","tag-policial-2","tag-tribunales","generate-columns","tablet-grid-50","mobile-grid-100","grid-parent","grid-50"],"jetpack_publicize_connections":[],"jetpack_featured_media_url":"https:\/\/www.hoymercedes.com.ar\/principal\/wp-content\/uploads\/2021\/04\/IMG_20210416_114737799-scaled-e1618691499967.jpg","wps_subtitle":"En los Tribunales de Mercedes","jetpack_sharing_enabled":true,"_links":{"self":[{"href":"https:\/\/www.hoymercedes.com.ar\/principal\/wp-json\/wp\/v2\/posts\/128356","targetHints":{"allow":["GET"]}}],"collection":[{"href":"https:\/\/www.hoymercedes.com.ar\/principal\/wp-json\/wp\/v2\/posts"}],"about":[{"href":"https:\/\/www.hoymercedes.com.ar\/principal\/wp-json\/wp\/v2\/types\/post"}],"author":[{"embeddable":true,"href":"https:\/\/www.hoymercedes.com.ar\/principal\/wp-json\/wp\/v2\/users\/1"}],"replies":[{"embeddable":true,"href":"https:\/\/www.hoymercedes.com.ar\/principal\/wp-json\/wp\/v2\/comments?post=128356"}],"version-history":[{"count":0,"href":"https:\/\/www.hoymercedes.com.ar\/principal\/wp-json\/wp\/v2\/posts\/128356\/revisions"}],"wp:featuredmedia":[{"embeddable":true,"href":"https:\/\/www.hoymercedes.com.ar\/principal\/wp-json\/wp\/v2\/media\/128352"}],"wp:attachment":[{"href":"https:\/\/www.hoymercedes.com.ar\/principal\/wp-json\/wp\/v2\/media?parent=128356"}],"wp:term":[{"taxonomy":"category","embeddable":true,"href":"https:\/\/www.hoymercedes.com.ar\/principal\/wp-json\/wp\/v2\/categories?post=128356"},{"taxonomy":"post_tag","embeddable":true,"href":"https:\/\/www.hoymercedes.com.ar\/principal\/wp-json\/wp\/v2\/tags?post=128356"}],"curies":[{"name":"wp","href":"https:\/\/api.w.org\/{rel}","templated":true}]}}