{"id":128487,"date":"2021-04-19T16:40:00","date_gmt":"2021-04-19T19:40:00","guid":{"rendered":"https:\/\/www.hoymercedes.com.ar\/principal\/?p=128487"},"modified":"2021-04-19T16:14:34","modified_gmt":"2021-04-19T19:14:34","slug":"ustarroz-y-ministro-mario-meoni-recorrieron-planta-industrial-de-agrele","status":"publish","type":"post","link":"https:\/\/www.hoymercedes.com.ar\/principal\/2021\/04\/19\/ustarroz-y-ministro-mario-meoni-recorrieron-planta-industrial-de-agrele\/","title":{"rendered":"Ustarroz y Ministro Mario Meoni recorrieron planta industrial de Agrele"},"content":{"rendered":"\n<div class=\"wp-block-image\"><figure class=\"aligncenter size-large\"><img loading=\"lazy\" decoding=\"async\" width=\"939\" height=\"626\" data-attachment-id=\"128488\" data-permalink=\"https:\/\/www.hoymercedes.com.ar\/principal\/2021\/04\/19\/ustarroz-y-ministro-mario-meoni-recorrieron-planta-industrial-de-agrele\/dsc06012\/#main\" data-orig-file=\"https:\/\/www.hoymercedes.com.ar\/principal\/wp-content\/uploads\/2021\/04\/DSC06012.jpg\" data-orig-size=\"939,626\" data-comments-opened=\"0\" data-image-meta=\"{&quot;aperture&quot;:&quot;0&quot;,&quot;credit&quot;:&quot;&quot;,&quot;camera&quot;:&quot;&quot;,&quot;caption&quot;:&quot;&quot;,&quot;created_timestamp&quot;:&quot;0&quot;,&quot;copyright&quot;:&quot;&quot;,&quot;focal_length&quot;:&quot;0&quot;,&quot;iso&quot;:&quot;0&quot;,&quot;shutter_speed&quot;:&quot;0&quot;,&quot;title&quot;:&quot;&quot;,&quot;orientation&quot;:&quot;0&quot;}\" data-image-title=\"DSC06012\" data-image-description=\"\" data-image-caption=\"\" data-large-file=\"https:\/\/www.hoymercedes.com.ar\/principal\/wp-content\/uploads\/2021\/04\/DSC06012.jpg\" src=\"https:\/\/www.hoymercedes.com.ar\/principal\/wp-content\/uploads\/2021\/04\/DSC06012.jpg\" alt=\"\" class=\"wp-image-128488\" srcset=\"https:\/\/www.hoymercedes.com.ar\/principal\/wp-content\/uploads\/2021\/04\/DSC06012.jpg 939w, https:\/\/www.hoymercedes.com.ar\/principal\/wp-content\/uploads\/2021\/04\/DSC06012-630x420.jpg 630w, https:\/\/www.hoymercedes.com.ar\/principal\/wp-content\/uploads\/2021\/04\/DSC06012-150x100.jpg 150w\" sizes=\"auto, (max-width: 939px) 100vw, 939px\" \/><\/figure><\/div>\n\n\n\n<p>El intendente Juan Ignacio Ustarroz junto al Ministro de Transporte&nbsp;de la Naci\u00f3n, Mario Meoni, recorrieron la planta industrial Agrale. All\u00ed, junto a las autoridades del lugar pudieron observar el proceso de producci\u00f3n, desarrollo y avances tecnol\u00f3gicos de esta empresa, que apuntan a la eficiencia energ\u00e9tica destinada al cuidado del ambiente. Fueron recibidos y efectuaron una mesa de trabajo amplia con el gerente administrativo de la firma, Ignacio Armendariz, y el gerente financiero, Leonardo Moroziuk.<\/p>\n\n\n\n<p>Adem\u00e1s del jefe comunal, por parte de la Comuna estuvo presente la secretaria de gobierno, Mar\u00eda Clara Zunino y el Director de Producci\u00f3n, Patricio Ballesty. El Diputado Nacional Carlos Selva fue parte del encuentro, como as\u00ed tambi\u00e9n Marcos Farina, subsecretario de transporte automotor del Ministerio.<\/p>\n\n\n\n<p><strong>Articulaci\u00f3n<\/strong><strong><\/strong><\/p>\n\n\n\n<p>El intendente Ustarroz manifest\u00f3 \u201cestamos muy agradecidos por la visita del ministro, Mario Meoni, qui\u00e9n viene desarrollando un importante trabajo. En particular, en el d\u00eda de hoy, estuvimos apoyando y acompa\u00f1ando, como Estado, todo el proceso de producci\u00f3n de Agrale desde la perspectiva de un Gobierno Nacional que apuesta a la producci\u00f3n, al empleo y a tener una agenda ambiental\u201d.<\/p>\n\n\n\n<p>En este sentido, el Dr. Ustarroz indic\u00f3 \u201ccon Mario Meoni venimos trabajando desde el primer d\u00eda, con qui\u00e9n tenemos una agenda local que estamos llevando adelante, en la cual priorizamos la movilidad urbana sustentable, ciclo v\u00edas para la ciudad, donde tenemos el subsidio para el transporte local, un tren tur\u00edstico, es decir, una agenda muy completa que gracias a su gran equipo venimos desarrollando y avanzando\u201d y recalc\u00f3 \u201cpara nosotros es realmente un orgullo que un ministro de nuestro Gobierno Nacional est\u00e9 cerca de la producci\u00f3n, el empleo y una agenda ambientalmente sustentable\u201d. &nbsp;&nbsp;&nbsp;<\/p>\n\n\n\n<p><strong>Encuentro<\/strong><strong><\/strong><\/p>\n\n\n\n<p>Mario Meoni, Ministro de Transporte, agradeci\u00f3 \u201ca las autoridades de Agrale por recibirnos en esta planta fabril, al intendente de Mercedes, juan Ignacio Ustarroz que siempre es tan amable con nosotros. En este caso recibi\u00e9ndonos en su ciudad, viendo el desarrollo de una industria que para nosotros es muy interesante y que tiene que ver con la producci\u00f3n de chasis para buses con los diferentes tipos de motricidades\u201d y detall\u00f3 \u201cen el caso del GNC que nos interesa much\u00edsimo poder avanzar, lo mismo en el prototipo del bus el\u00e9ctrico que tiene que ver con hacer m\u00e1s eficiente el sistema energ\u00e9tico y as\u00ed contaminar mucho menos\u201d.<\/p>\n\n\n\n<figure class=\"wp-block-image size-large\"><img loading=\"lazy\" decoding=\"async\" width=\"934\" height=\"625\" data-attachment-id=\"128489\" data-permalink=\"https:\/\/www.hoymercedes.com.ar\/principal\/2021\/04\/19\/ustarroz-y-ministro-mario-meoni-recorrieron-planta-industrial-de-agrele\/dsc05994\/#main\" data-orig-file=\"https:\/\/www.hoymercedes.com.ar\/principal\/wp-content\/uploads\/2021\/04\/DSC05994.jpg\" data-orig-size=\"934,625\" data-comments-opened=\"0\" data-image-meta=\"{&quot;aperture&quot;:&quot;0&quot;,&quot;credit&quot;:&quot;&quot;,&quot;camera&quot;:&quot;&quot;,&quot;caption&quot;:&quot;&quot;,&quot;created_timestamp&quot;:&quot;0&quot;,&quot;copyright&quot;:&quot;&quot;,&quot;focal_length&quot;:&quot;0&quot;,&quot;iso&quot;:&quot;0&quot;,&quot;shutter_speed&quot;:&quot;0&quot;,&quot;title&quot;:&quot;&quot;,&quot;orientation&quot;:&quot;0&quot;}\" data-image-title=\"DSC05994\" data-image-description=\"\" data-image-caption=\"\" data-large-file=\"https:\/\/www.hoymercedes.com.ar\/principal\/wp-content\/uploads\/2021\/04\/DSC05994.jpg\" src=\"https:\/\/www.hoymercedes.com.ar\/principal\/wp-content\/uploads\/2021\/04\/DSC05994.jpg\" alt=\"\" class=\"wp-image-128489\" srcset=\"https:\/\/www.hoymercedes.com.ar\/principal\/wp-content\/uploads\/2021\/04\/DSC05994.jpg 934w, https:\/\/www.hoymercedes.com.ar\/principal\/wp-content\/uploads\/2021\/04\/DSC05994-630x422.jpg 630w, https:\/\/www.hoymercedes.com.ar\/principal\/wp-content\/uploads\/2021\/04\/DSC05994-150x100.jpg 150w\" sizes=\"auto, (max-width: 934px) 100vw, 934px\" \/><\/figure>\n\n\n\n<p><strong>Ambiente<\/strong><strong><\/strong><\/p>\n\n\n\n<p>En este sentido, Meoni apunt\u00f3 \u201ces una decisi\u00f3n del Gobierno Nacional que tengamos una agenda ambiental que evolucione en ese sentido, y el trasporte es el tercer contaminante del pa\u00eds, por tanto, toda la tecnolog\u00eda que se pueda agregar para paliar de este problema es bienvenida\u201d y destac\u00f3 \u201cmuy contento de ver, no s\u00f3lo todo lo que tiene que ver con los buses, sino tambi\u00e9n, con lo que tiene que ver con el transporte urbano de mercader\u00eda, como es el caso de los camiones a GNC, una transformaci\u00f3n muy interesante y la producci\u00f3n de transporte agr\u00edcola\u201d.<\/p>\n\n\n\n<p>\u201cLo que apuntamos como Gobierno es que la industria Argentina evolucione, crezca y le de m\u00e1s trabajo a los argentinos\u201d subray\u00f3 Mario Meoni, Ministro de Transporte. \u00a0\u00a0<\/p>\n\n\n\n<figure class=\"wp-block-image size-large\"><img loading=\"lazy\" decoding=\"async\" width=\"939\" height=\"626\" data-attachment-id=\"128490\" data-permalink=\"https:\/\/www.hoymercedes.com.ar\/principal\/2021\/04\/19\/ustarroz-y-ministro-mario-meoni-recorrieron-planta-industrial-de-agrele\/dsc06025\/#main\" data-orig-file=\"https:\/\/www.hoymercedes.com.ar\/principal\/wp-content\/uploads\/2021\/04\/DSC06025.jpg\" data-orig-size=\"939,626\" data-comments-opened=\"0\" data-image-meta=\"{&quot;aperture&quot;:&quot;0&quot;,&quot;credit&quot;:&quot;&quot;,&quot;camera&quot;:&quot;&quot;,&quot;caption&quot;:&quot;&quot;,&quot;created_timestamp&quot;:&quot;0&quot;,&quot;copyright&quot;:&quot;&quot;,&quot;focal_length&quot;:&quot;0&quot;,&quot;iso&quot;:&quot;0&quot;,&quot;shutter_speed&quot;:&quot;0&quot;,&quot;title&quot;:&quot;&quot;,&quot;orientation&quot;:&quot;0&quot;}\" data-image-title=\"DSC06025\" data-image-description=\"\" data-image-caption=\"\" data-large-file=\"https:\/\/www.hoymercedes.com.ar\/principal\/wp-content\/uploads\/2021\/04\/DSC06025.jpg\" src=\"https:\/\/www.hoymercedes.com.ar\/principal\/wp-content\/uploads\/2021\/04\/DSC06025.jpg\" alt=\"\" class=\"wp-image-128490\" srcset=\"https:\/\/www.hoymercedes.com.ar\/principal\/wp-content\/uploads\/2021\/04\/DSC06025.jpg 939w, https:\/\/www.hoymercedes.com.ar\/principal\/wp-content\/uploads\/2021\/04\/DSC06025-630x420.jpg 630w, https:\/\/www.hoymercedes.com.ar\/principal\/wp-content\/uploads\/2021\/04\/DSC06025-150x100.jpg 150w\" sizes=\"auto, (max-width: 939px) 100vw, 939px\" \/><\/figure>\n\n\n\n<p><strong>Trabajo<\/strong><strong><\/strong><\/p>\n\n\n\n<p>Desde hace tiempo la Municipalidad viene articulando con la empresa Agrale, a qui\u00e9n se le ha comprado varias de las maquinarias en uso desde Servicios P\u00fablicos tras la firma de un convenio, como as\u00ed tambi\u00e9n con el Ministerio articulando diversas intervenciones y gestiones donde, hoy, adem\u00e1s de la mesa de trabajo con Agrele se pudieron tratar temer de inter\u00e9s comunal.<\/p>\n\n\n\n<p>Info: MM\/DP\/HM<\/p>\n","protected":false},"excerpt":{"rendered":"<p>El intendente Juan Ignacio Ustarroz junto al Ministro de Transporte&nbsp;de la Naci\u00f3n, Mario Meoni, recorrieron la planta industrial Agrale. All\u00ed, &#8230; <a title=\"Ustarroz y Ministro Mario Meoni recorrieron planta industrial de Agrele\" class=\"read-more\" href=\"https:\/\/www.hoymercedes.com.ar\/principal\/2021\/04\/19\/ustarroz-y-ministro-mario-meoni-recorrieron-planta-industrial-de-agrele\/\" aria-label=\"Leer m\u00e1s sobre Ustarroz y Ministro Mario Meoni recorrieron planta industrial de Agrele\">Leer m\u00e1s<\/a><\/p>\n","protected":false},"author":1,"featured_media":128488,"comment_status":"closed","ping_status":"open","sticky":false,"template":"","format":"standard","meta":{"_monsterinsights_skip_tracking":false,"_monsterinsights_sitenote_active":false,"_monsterinsights_sitenote_note":"","_monsterinsights_sitenote_category":0,"jetpack_post_was_ever_published":false,"_jetpack_newsletter_access":"","_jetpack_dont_email_post_to_subs":false,"_jetpack_newsletter_tier_id":0,"_jetpack_memberships_contains_paywalled_content":false,"_jetpack_memberships_contains_paid_content":false,"footnotes":"","jetpack_publicize_message":"","jetpack_publicize_feature_enabled":true,"jetpack_social_post_already_shared":true,"jetpack_social_options":{"image_generator_settings":{"template":"highway","default_image_id":0,"font":"","enabled":false},"version":2},"_wpas_customize_per_network":false},"categories":[30],"tags":[950,17705,14348],"class_list":["post-128487","post","type-post","status-publish","format-standard","has-post-thumbnail","hentry","category-municipio","tag-agrale","tag-ballesty","tag-zunino","generate-columns","tablet-grid-50","mobile-grid-100","grid-parent","grid-50"],"jetpack_publicize_connections":[],"jetpack_featured_media_url":"https:\/\/www.hoymercedes.com.ar\/principal\/wp-content\/uploads\/2021\/04\/DSC06012.jpg","wps_subtitle":"Producci\u00f3n nacional ","jetpack_sharing_enabled":true,"_links":{"self":[{"href":"https:\/\/www.hoymercedes.com.ar\/principal\/wp-json\/wp\/v2\/posts\/128487","targetHints":{"allow":["GET"]}}],"collection":[{"href":"https:\/\/www.hoymercedes.com.ar\/principal\/wp-json\/wp\/v2\/posts"}],"about":[{"href":"https:\/\/www.hoymercedes.com.ar\/principal\/wp-json\/wp\/v2\/types\/post"}],"author":[{"embeddable":true,"href":"https:\/\/www.hoymercedes.com.ar\/principal\/wp-json\/wp\/v2\/users\/1"}],"replies":[{"embeddable":true,"href":"https:\/\/www.hoymercedes.com.ar\/principal\/wp-json\/wp\/v2\/comments?post=128487"}],"version-history":[{"count":0,"href":"https:\/\/www.hoymercedes.com.ar\/principal\/wp-json\/wp\/v2\/posts\/128487\/revisions"}],"wp:featuredmedia":[{"embeddable":true,"href":"https:\/\/www.hoymercedes.com.ar\/principal\/wp-json\/wp\/v2\/media\/128488"}],"wp:attachment":[{"href":"https:\/\/www.hoymercedes.com.ar\/principal\/wp-json\/wp\/v2\/media?parent=128487"}],"wp:term":[{"taxonomy":"category","embeddable":true,"href":"https:\/\/www.hoymercedes.com.ar\/principal\/wp-json\/wp\/v2\/categories?post=128487"},{"taxonomy":"post_tag","embeddable":true,"href":"https:\/\/www.hoymercedes.com.ar\/principal\/wp-json\/wp\/v2\/tags?post=128487"}],"curies":[{"name":"wp","href":"https:\/\/api.w.org\/{rel}","templated":true}]}}