{"id":12861,"date":"2012-05-13T02:20:26","date_gmt":"2012-05-13T02:20:26","guid":{"rendered":"http:\/\/www.hoymercedes.com.ar\/principal\/?p=12861"},"modified":"2012-05-13T02:20:26","modified_gmt":"2012-05-13T02:20:26","slug":"vacunacion-anti-gripal-en-barrio-san-antonio","status":"publish","type":"post","link":"https:\/\/www.hoymercedes.com.ar\/principal\/2012\/05\/13\/vacunacion-anti-gripal-en-barrio-san-antonio\/","title":{"rendered":"Vacunaci\u00f3n anti gripal en Barrio San Antonio"},"content":{"rendered":"<div>El pr\u00f3ximo martes 15 de mayo se llevar\u00e1 a cabo una jornada sanitaria en el \u00e1mbito del barrio San Antonio donde los representantes barriales y el personal del Hospital Blas L Dubarry recibir\u00e1n a los vecinos en el marco de una campa\u00f1a de vacunaci\u00f3n anti gripal.<\/div>\n<div><\/div>\n<div>Encabezada por el Director del nosocomio local, Dr. Rodolfo Pr\u00edncipi, se producir\u00e1 la atenci\u00f3n a todos aquellos vecinos que se acerquen a la \u00a0sala sanitaria y que deseen recibir la vacuna anti gripal.<\/div>\n<div><\/div>\n<div>La direcci\u00f3n de la Sala es calle 11, 22 y14. Desde la Sociedad de Fomento invitan a toda la poblaci\u00f3n del barrio a que sean parte del encuentro y protejan su salud.<\/div>\n<div><\/div>\n","protected":false},"excerpt":{"rendered":"<p>El pr\u00f3ximo martes 15 de mayo se llevar\u00e1 a cabo una jornada sanitaria en el \u00e1mbito del barrio San Antonio &#8230; <a title=\"Vacunaci\u00f3n anti gripal en Barrio San Antonio\" class=\"read-more\" href=\"https:\/\/www.hoymercedes.com.ar\/principal\/2012\/05\/13\/vacunacion-anti-gripal-en-barrio-san-antonio\/\" aria-label=\"Leer m\u00e1s sobre Vacunaci\u00f3n anti gripal en Barrio San Antonio\">Leer m\u00e1s<\/a><\/p>\n","protected":false},"author":1,"featured_media":0,"comment_status":"open","ping_status":"open","sticky":false,"template":"","format":"standard","meta":{"_monsterinsights_skip_tracking":false,"_monsterinsights_sitenote_active":false,"_monsterinsights_sitenote_note":"","_monsterinsights_sitenote_category":0,"jetpack_post_was_ever_published":false,"_jetpack_newsletter_access":"","_jetpack_dont_email_post_to_subs":false,"_jetpack_newsletter_tier_id":0,"_jetpack_memberships_contains_paywalled_content":false,"_jetpack_memberships_contains_paid_content":false,"footnotes":"","jetpack_publicize_message":"","jetpack_publicize_feature_enabled":true,"jetpack_social_post_already_shared":false,"jetpack_social_options":{"image_generator_settings":{"template":"highway","default_image_id":0,"font":"","enabled":false},"version":2},"_wpas_customize_per_network":false},"categories":[1],"tags":[526,2181,532],"class_list":["post-12861","post","type-post","status-publish","format-standard","hentry","category-opinion","tag-barrio-san-antonio","tag-campana-anti-gripal-mercedes","tag-fito-principi","generate-columns","tablet-grid-50","mobile-grid-100","grid-parent","grid-50"],"jetpack_publicize_connections":[],"jetpack_featured_media_url":"","wps_subtitle":"","jetpack_sharing_enabled":true,"_links":{"self":[{"href":"https:\/\/www.hoymercedes.com.ar\/principal\/wp-json\/wp\/v2\/posts\/12861","targetHints":{"allow":["GET"]}}],"collection":[{"href":"https:\/\/www.hoymercedes.com.ar\/principal\/wp-json\/wp\/v2\/posts"}],"about":[{"href":"https:\/\/www.hoymercedes.com.ar\/principal\/wp-json\/wp\/v2\/types\/post"}],"author":[{"embeddable":true,"href":"https:\/\/www.hoymercedes.com.ar\/principal\/wp-json\/wp\/v2\/users\/1"}],"replies":[{"embeddable":true,"href":"https:\/\/www.hoymercedes.com.ar\/principal\/wp-json\/wp\/v2\/comments?post=12861"}],"version-history":[{"count":0,"href":"https:\/\/www.hoymercedes.com.ar\/principal\/wp-json\/wp\/v2\/posts\/12861\/revisions"}],"wp:attachment":[{"href":"https:\/\/www.hoymercedes.com.ar\/principal\/wp-json\/wp\/v2\/media?parent=12861"}],"wp:term":[{"taxonomy":"category","embeddable":true,"href":"https:\/\/www.hoymercedes.com.ar\/principal\/wp-json\/wp\/v2\/categories?post=12861"},{"taxonomy":"post_tag","embeddable":true,"href":"https:\/\/www.hoymercedes.com.ar\/principal\/wp-json\/wp\/v2\/tags?post=12861"}],"curies":[{"name":"wp","href":"https:\/\/api.w.org\/{rel}","templated":true}]}}