{"id":12865,"date":"2012-05-13T02:52:35","date_gmt":"2012-05-13T02:52:35","guid":{"rendered":"http:\/\/www.hoymercedes.com.ar\/principal\/?p=12865"},"modified":"2012-05-13T02:52:35","modified_gmt":"2012-05-13T02:52:35","slug":"selva-nuevamente-junto-a-scioli","status":"publish","type":"post","link":"https:\/\/www.hoymercedes.com.ar\/principal\/2012\/05\/13\/selva-nuevamente-junto-a-scioli\/","title":{"rendered":"Selva nuevamente junto a Scioli"},"content":{"rendered":"<p><a href=\"https:\/\/www.hoymercedes.com.ar\/principal\/wp-content\/uploads\/2012\/05\/selva-scioli.jpg\"><img loading=\"lazy\" decoding=\"async\" data-attachment-id=\"12867\" data-permalink=\"https:\/\/www.hoymercedes.com.ar\/principal\/2012\/05\/13\/selva-nuevamente-junto-a-scioli\/selva-scioli-2\/#main\" data-orig-file=\"https:\/\/www.hoymercedes.com.ar\/principal\/wp-content\/uploads\/2012\/05\/selva-scioli.jpg\" data-orig-size=\"612,393\" data-comments-opened=\"1\" data-image-meta=\"{&quot;aperture&quot;:&quot;0&quot;,&quot;credit&quot;:&quot;&quot;,&quot;camera&quot;:&quot;&quot;,&quot;caption&quot;:&quot;&quot;,&quot;created_timestamp&quot;:&quot;0&quot;,&quot;copyright&quot;:&quot;&quot;,&quot;focal_length&quot;:&quot;0&quot;,&quot;iso&quot;:&quot;0&quot;,&quot;shutter_speed&quot;:&quot;0&quot;,&quot;title&quot;:&quot;&quot;}\" data-image-title=\"selva-scioli\" data-image-description=\"\" data-image-caption=\"\" data-large-file=\"https:\/\/www.hoymercedes.com.ar\/principal\/wp-content\/uploads\/2012\/05\/selva-scioli.jpg\" class=\"aligncenter size-full wp-image-12867\" title=\"selva-scioli\" src=\"https:\/\/www.hoymercedes.com.ar\/principal\/wp-content\/uploads\/2012\/05\/selva-scioli.jpg\" alt=\"\" width=\"612\" height=\"393\" \/><\/a><\/p>\n<p>Seg\u00fan se informa desde medios platense el intendente Carlos Selva estuvo nuevamente en un acto en la gobernaci\u00f3n junto al m\u00e1ximo representante pol\u00edtico admistrativo: Daniel Scioli para anuncios de planificaci\u00f3n estatal hasta 2020.<\/p>\n<p>Adem\u00e1s de Selva fueron de la partida Oscar Luciani, de Luj\u00e1n y\u00a0Ricardo Curutchet de Marcos Paz.<\/p>\n<p>Dentro de los anuncios efectuados en La Plata se encuentran\u00a0el \u00abPlan Estrat\u00e9gico Productivo 2020\u00bb y en el lanzamiento del programa \u201cEmpecemos en casa\u201d que buscar\u00e1 regularizar el empleo del personal dom\u00e9stico.<\/p>\n<p>El Plan Estrat\u00e9gico buscar\u00e1\u00a0complementarse\u00a0con medidas similares provenientes del Gobierno Nacional mientras que el programa \u00abEmpecemos en casa\u00bb intentar\u00e1 que los trabajadores\u00a0\u201cpuedan sentir el reconocimiento, el orgullo y la seguridad social que se merecen a partir del esfuerzo que hacen todos los d\u00edas y de la enorme responsabilidad que tienen\u201d, sostuvo el gobernador Scioli.<\/p>\n<p>Entre empresarios y 25 intendente Selva estuvo presente y tal como ilustra la foto fue de los que comparti\u00f3 la fila inmediata posterior a las autoridades provinciales.<\/p>\n<p>&nbsp;<\/p>\n<p>&nbsp;<\/p>\n","protected":false},"excerpt":{"rendered":"<p>Seg\u00fan se informa desde medios platense el intendente Carlos Selva estuvo nuevamente en un acto en la gobernaci\u00f3n junto al &#8230; <a title=\"Selva nuevamente junto a Scioli\" class=\"read-more\" href=\"https:\/\/www.hoymercedes.com.ar\/principal\/2012\/05\/13\/selva-nuevamente-junto-a-scioli\/\" aria-label=\"Leer m\u00e1s sobre Selva nuevamente junto a Scioli\">Leer m\u00e1s<\/a><\/p>\n","protected":false},"author":1,"featured_media":0,"comment_status":"open","ping_status":"open","sticky":false,"template":"","format":"standard","meta":{"_monsterinsights_skip_tracking":false,"_monsterinsights_sitenote_active":false,"_monsterinsights_sitenote_note":"","_monsterinsights_sitenote_category":0,"jetpack_post_was_ever_published":false,"_jetpack_newsletter_access":"","_jetpack_dont_email_post_to_subs":false,"_jetpack_newsletter_tier_id":0,"_jetpack_memberships_contains_paywalled_content":false,"_jetpack_memberships_contains_paid_content":false,"footnotes":"","jetpack_publicize_message":"","jetpack_publicize_feature_enabled":true,"jetpack_social_post_already_shared":false,"jetpack_social_options":{"image_generator_settings":{"template":"highway","default_image_id":0,"font":"","enabled":false},"version":2},"_wpas_customize_per_network":false},"categories":[5],"tags":[721,18],"class_list":["post-12865","post","type-post","status-publish","format-standard","hentry","category-politica","tag-scioli","tag-selva","generate-columns","tablet-grid-50","mobile-grid-100","grid-parent","grid-50"],"jetpack_publicize_connections":[],"jetpack_featured_media_url":"","wps_subtitle":"","jetpack_sharing_enabled":true,"_links":{"self":[{"href":"https:\/\/www.hoymercedes.com.ar\/principal\/wp-json\/wp\/v2\/posts\/12865","targetHints":{"allow":["GET"]}}],"collection":[{"href":"https:\/\/www.hoymercedes.com.ar\/principal\/wp-json\/wp\/v2\/posts"}],"about":[{"href":"https:\/\/www.hoymercedes.com.ar\/principal\/wp-json\/wp\/v2\/types\/post"}],"author":[{"embeddable":true,"href":"https:\/\/www.hoymercedes.com.ar\/principal\/wp-json\/wp\/v2\/users\/1"}],"replies":[{"embeddable":true,"href":"https:\/\/www.hoymercedes.com.ar\/principal\/wp-json\/wp\/v2\/comments?post=12865"}],"version-history":[{"count":0,"href":"https:\/\/www.hoymercedes.com.ar\/principal\/wp-json\/wp\/v2\/posts\/12865\/revisions"}],"wp:attachment":[{"href":"https:\/\/www.hoymercedes.com.ar\/principal\/wp-json\/wp\/v2\/media?parent=12865"}],"wp:term":[{"taxonomy":"category","embeddable":true,"href":"https:\/\/www.hoymercedes.com.ar\/principal\/wp-json\/wp\/v2\/categories?post=12865"},{"taxonomy":"post_tag","embeddable":true,"href":"https:\/\/www.hoymercedes.com.ar\/principal\/wp-json\/wp\/v2\/tags?post=12865"}],"curies":[{"name":"wp","href":"https:\/\/api.w.org\/{rel}","templated":true}]}}