{"id":128874,"date":"2021-04-24T17:30:00","date_gmt":"2021-04-24T20:30:00","guid":{"rendered":"https:\/\/www.hoymercedes.com.ar\/principal\/?p=128874"},"modified":"2021-04-26T10:22:57","modified_gmt":"2021-04-26T13:22:57","slug":"situacion-critica-empeora-la-situacion-epidemiologica-en-lujan","status":"publish","type":"post","link":"https:\/\/www.hoymercedes.com.ar\/principal\/2021\/04\/24\/situacion-critica-empeora-la-situacion-epidemiologica-en-lujan\/","title":{"rendered":"Situaci\u00f3n cr\u00edtica: Empeora la situaci\u00f3n epidemiol\u00f3gica en Luj\u00e1n"},"content":{"rendered":"\n<p><em>\u201cLa situaci\u00f3n es cr\u00edtica, es el peor momento desde que estamos en pandemia\u201d, as\u00ed lo expres\u00f3 el director asociado del Hospital Municipal de la localidad de Luj\u00e1n, Diego Pagliaroo, al tiempo que pidi\u00f3 \u00aba la gente que disminuya la circulaci\u00f3n lo m\u00e1ximo que se puede. Solamente salir en casos de necesidad\u00bb. Y agreg\u00f3: \u00abEs un esfuerzo muy grande el que estamos haciendo, les pedimos que nos ayuden\u00bb<\/em>. <\/p>\n\n\n\n<div class=\"wp-block-image\"><figure class=\"aligncenter size-large\"><img loading=\"lazy\" decoding=\"async\" width=\"700\" height=\"462\" data-attachment-id=\"108988\" data-permalink=\"https:\/\/www.hoymercedes.com.ar\/principal\/2020\/04\/04\/coronavirus-lujan-suma-nuevos-casos-sospechosos\/hospitalfachada\/#main\" data-orig-file=\"https:\/\/www.hoymercedes.com.ar\/principal\/wp-content\/uploads\/2020\/04\/HospitalFachada.jpg\" data-orig-size=\"700,462\" data-comments-opened=\"0\" data-image-meta=\"{&quot;aperture&quot;:&quot;0&quot;,&quot;credit&quot;:&quot;&quot;,&quot;camera&quot;:&quot;&quot;,&quot;caption&quot;:&quot;&quot;,&quot;created_timestamp&quot;:&quot;0&quot;,&quot;copyright&quot;:&quot;&quot;,&quot;focal_length&quot;:&quot;0&quot;,&quot;iso&quot;:&quot;0&quot;,&quot;shutter_speed&quot;:&quot;0&quot;,&quot;title&quot;:&quot;&quot;,&quot;orientation&quot;:&quot;0&quot;}\" data-image-title=\"HospitalFachada\" data-image-description=\"\" data-image-caption=\"\" data-large-file=\"https:\/\/www.hoymercedes.com.ar\/principal\/wp-content\/uploads\/2020\/04\/HospitalFachada.jpg\" src=\"https:\/\/www.hoymercedes.com.ar\/principal\/wp-content\/uploads\/2020\/04\/HospitalFachada.jpg\" alt=\"\" class=\"wp-image-108988\"\/><\/figure><\/div>\n\n\n\n<p>En una entrevista realizada por el sitio web de noticias Luj\u00e1nHoy, el director asociado del Hospital Municipal Nuestra Se\u00f1ora de Luj\u00e1n, Diego Pagliaro, sostuvo que \u201cla situaci\u00f3n es cr\u00edtica, es el peor momento desde que estamos en pandemia y en franco aumento\u201d. Pero aclar\u00f3 que por el momento \u201cel Hospital no est\u00e1 colapsado\u201d.<\/p>\n\n\n\n<p>Y al respecto, explic\u00f3: \u201cEntiendo por colapso cuando ya dejamos de tener capacidad de respuesta y a\u00fan no llegamos a esa situaci\u00f3n. Estamos en un m\u00e1ximo esfuerzo, en un l\u00edmite. No es lo que m\u00e1s nos gusta pero no dejamos de atender a ning\u00fan paciente y no dejamos de brindarle la posibilidad de estar en un respirador a cada paciente que lo necesite\u201d.<\/p>\n\n\n\n<p>En esa l\u00ednea, Pagliaro cont\u00f3 que \u201ces un esfuerzo muy grande el que estamos haciendo. Estamos abriendo camas supernumerarias y manteniendo pacientes en guardias hasta que salen las derivaciones. Quiz\u00e1s los tiempos no son los que m\u00e1s nos gustar\u00eda pero seguimos con capacidad de dar respuesta\u201d.<\/p>\n\n\n\n<p>En cuanto al freno que se intenta ponerle a la circulaci\u00f3n, Pagliaro sostuvo que \u201cojal\u00e1 estas medidas den un respiro al sistema de salud. Creo que deber\u00edamos pensar en una mayor disminuci\u00f3n de la circulaci\u00f3n en horarios diurnos, tratando de que esto no afecte a la econom\u00eda pero limitar las salidas de tipo social y recreativas\u201d.<\/p>\n\n\n\n<p>\u201cLe pedimos a la gente que disminuya la circulaci\u00f3n lo m\u00e1ximo que se pueda. Solamente salir en casos de necesidad y evitar todas las salidas que est\u00e9n relacionadas a actividades recreativas de tipo numerosas. Evitar las reuniones, evitar el contacto entre familias y tratar de mantenerse entre su n\u00facleo de convivientes, el distanciamiento, el uso de tapabocas y la higienizaci\u00f3n de manos\u201d, insisti\u00f3 el director asociado del Hospital.<\/p>\n\n\n\n<p>Por \u00faltimo, subray\u00f3: \u201cEs una necesidad que se disminuya la circulaci\u00f3n. No se toman medidas restrictivas por el perjuicio de nadie sino que creemos que es necesario desde la salud para poder dar respuesta. Es muy triste cuando tenemos una situaci\u00f3n cr\u00edtica en el sistema de salud y tal vez no podemos brindar la respuesta que deber\u00edamos o nos gustar\u00eda dar\u201d.<\/p>\n\n\n\n<p>\u201cLo que m\u00e1s le pido a la poblaci\u00f3n es la compresi\u00f3n y el acompa\u00f1amiento. Si tomamos medidas es realmente para cuidarlos. Esperamos que lo puedan entender y nos acompa\u00f1en con esto\u201d, finaliz\u00f3.<\/p>\n\n\n\n<p>Este jueves, el Municipio inform\u00f3 que se instal\u00f3 una tienda de campa\u00f1a en la puerta del Hospital ante la demanda por Covid. \u201cEl objetivo es reforzar el ingreso y la atenci\u00f3n de la Guardia, ante el gran incremento de la demanda que genera la Emergencia Sanitaria\u201d, explicaron desde el Municipio.<\/p>\n\n\n\n<p>Fuente: Luj\u00e1nHoy.com<\/p>\n","protected":false},"excerpt":{"rendered":"<p>\u201cLa situaci\u00f3n es cr\u00edtica, es el peor momento desde que estamos en pandemia\u201d, as\u00ed lo expres\u00f3 el director asociado del &#8230; <a title=\"Situaci\u00f3n cr\u00edtica: Empeora la situaci\u00f3n epidemiol\u00f3gica en Luj\u00e1n\" class=\"read-more\" href=\"https:\/\/www.hoymercedes.com.ar\/principal\/2021\/04\/24\/situacion-critica-empeora-la-situacion-epidemiologica-en-lujan\/\" aria-label=\"Leer m\u00e1s sobre Situaci\u00f3n cr\u00edtica: Empeora la situaci\u00f3n epidemiol\u00f3gica en Luj\u00e1n\">Leer m\u00e1s<\/a><\/p>\n","protected":false},"author":1,"featured_media":108988,"comment_status":"closed","ping_status":"open","sticky":false,"template":"","format":"standard","meta":{"_monsterinsights_skip_tracking":false,"_monsterinsights_sitenote_active":false,"_monsterinsights_sitenote_note":"","_monsterinsights_sitenote_category":0,"jetpack_post_was_ever_published":false,"_jetpack_newsletter_access":"","_jetpack_dont_email_post_to_subs":false,"_jetpack_newsletter_tier_id":0,"_jetpack_memberships_contains_paywalled_content":false,"_jetpack_memberships_contains_paid_content":false,"footnotes":"","jetpack_publicize_message":"","jetpack_publicize_feature_enabled":true,"jetpack_social_post_already_shared":true,"jetpack_social_options":{"image_generator_settings":{"template":"highway","default_image_id":0,"font":"","enabled":false},"version":2},"_wpas_customize_per_network":false},"categories":[5501],"tags":[16819,86,9322,16771],"class_list":["post-128874","post","type-post","status-publish","format-standard","has-post-thumbnail","hentry","category-region","tag-covid","tag-lujan","tag-region","tag-situacion-epidemiologica","generate-columns","tablet-grid-50","mobile-grid-100","grid-parent","grid-50"],"jetpack_publicize_connections":[],"jetpack_featured_media_url":"https:\/\/www.hoymercedes.com.ar\/principal\/wp-content\/uploads\/2020\/04\/HospitalFachada.jpg","wps_subtitle":"Covid en la regi\u00f3n","jetpack_sharing_enabled":true,"_links":{"self":[{"href":"https:\/\/www.hoymercedes.com.ar\/principal\/wp-json\/wp\/v2\/posts\/128874","targetHints":{"allow":["GET"]}}],"collection":[{"href":"https:\/\/www.hoymercedes.com.ar\/principal\/wp-json\/wp\/v2\/posts"}],"about":[{"href":"https:\/\/www.hoymercedes.com.ar\/principal\/wp-json\/wp\/v2\/types\/post"}],"author":[{"embeddable":true,"href":"https:\/\/www.hoymercedes.com.ar\/principal\/wp-json\/wp\/v2\/users\/1"}],"replies":[{"embeddable":true,"href":"https:\/\/www.hoymercedes.com.ar\/principal\/wp-json\/wp\/v2\/comments?post=128874"}],"version-history":[{"count":0,"href":"https:\/\/www.hoymercedes.com.ar\/principal\/wp-json\/wp\/v2\/posts\/128874\/revisions"}],"wp:featuredmedia":[{"embeddable":true,"href":"https:\/\/www.hoymercedes.com.ar\/principal\/wp-json\/wp\/v2\/media\/108988"}],"wp:attachment":[{"href":"https:\/\/www.hoymercedes.com.ar\/principal\/wp-json\/wp\/v2\/media?parent=128874"}],"wp:term":[{"taxonomy":"category","embeddable":true,"href":"https:\/\/www.hoymercedes.com.ar\/principal\/wp-json\/wp\/v2\/categories?post=128874"},{"taxonomy":"post_tag","embeddable":true,"href":"https:\/\/www.hoymercedes.com.ar\/principal\/wp-json\/wp\/v2\/tags?post=128874"}],"curies":[{"name":"wp","href":"https:\/\/api.w.org\/{rel}","templated":true}]}}