{"id":12890,"date":"2012-05-15T11:35:17","date_gmt":"2012-05-15T11:35:17","guid":{"rendered":"http:\/\/www.hoymercedes.com.ar\/principal\/?p=12890"},"modified":"2012-05-15T11:35:17","modified_gmt":"2012-05-15T11:35:17","slug":"importante-encuentro-del-pro-en-mercedes","status":"publish","type":"post","link":"https:\/\/www.hoymercedes.com.ar\/principal\/2012\/05\/15\/importante-encuentro-del-pro-en-mercedes\/","title":{"rendered":"Importante encuentro del PRO en Mercedes"},"content":{"rendered":"<p><a href=\"https:\/\/www.hoymercedes.com.ar\/principal\/wp-content\/uploads\/2012\/05\/Reuni\u00f3n-PRO-Mercedes-2012-III.jpg\"><img loading=\"lazy\" decoding=\"async\" data-attachment-id=\"12892\" data-permalink=\"https:\/\/www.hoymercedes.com.ar\/principal\/2012\/05\/15\/importante-encuentro-del-pro-en-mercedes\/reunion-pro-mercedes-2012-iii\/#main\" data-orig-file=\"https:\/\/www.hoymercedes.com.ar\/principal\/wp-content\/uploads\/2012\/05\/Reuni\u00f3n-PRO-Mercedes-2012-III.jpg\" data-orig-size=\"612,459\" data-comments-opened=\"1\" data-image-meta=\"{&quot;aperture&quot;:&quot;2.8&quot;,&quot;credit&quot;:&quot;&quot;,&quot;camera&quot;:&quot;COOLPIX L10&quot;,&quot;caption&quot;:&quot;&quot;,&quot;created_timestamp&quot;:&quot;1336745643&quot;,&quot;copyright&quot;:&quot;Copyright 2006&quot;,&quot;focal_length&quot;:&quot;6.2&quot;,&quot;iso&quot;:&quot;800&quot;,&quot;shutter_speed&quot;:&quot;0.016666666666667&quot;,&quot;title&quot;:&quot;&quot;}\" data-image-title=\"Reuni\u00f3n-PRO-Mercedes-2012-III\" data-image-description=\"\" data-image-caption=\"\" data-large-file=\"https:\/\/www.hoymercedes.com.ar\/principal\/wp-content\/uploads\/2012\/05\/Reuni\u00f3n-PRO-Mercedes-2012-III.jpg\" class=\"aligncenter size-full wp-image-12892\" title=\"Reuni\u00f3n-PRO-Mercedes-2012-III\" src=\"https:\/\/www.hoymercedes.com.ar\/principal\/wp-content\/uploads\/2012\/05\/Reuni\u00f3n-PRO-Mercedes-2012-III.jpg\" alt=\"\" width=\"612\" height=\"459\" \/><\/a><\/p>\n<p>Un importante marco de p\u00fablico fue parte de la jornada organizada por el PRO en nuestra ciudad siendo la misma de car\u00e1cter regional.<\/p>\n<p>Dirigentes del PRO de diversos puntos de la regi\u00f3n, aunque sin la presencia de Macri y Michetti, se encontraron diferentes referentes del partido quienes tambi\u00e9n contaron con la presencia de representantes de las entidades rurales como CARBAP logrando tratar asuntos como el del potencial futuro impuesto a la propiedad de la tierra.<\/p>\n<p>Entre los presentes estaban el Jefe de gabinete de Gobierno de Daniel Scioli, Alberto Monzon, los Diputados Nacionales Federico Pinedo y Jorge Triaca y los senadores Alfredo Meckievi y An\u00edbal Asseff.<\/p>\n<p>L\u00eda Dulevich result\u00f3 la encargada de dar la bienvenida a los presentes sosteniendo<em> \u201crealmente estamos muy honrados en Mercedes de tener presentes a la casi totalidad de dirigentes de primera l\u00ednea del Partido Pro. Es\u00a0un honor tenerlos en nuestra ciudad dadas las circunstancias que vive el pa\u00eds. Nosotros vimos como se utilizaban de manera no discriminada fondos en las dos campa\u00f1as que vivimos, vimos pasar delante de nuestras narices dinero que seguramente parte del mismo era dinero p\u00fablico.<\/em><br \/>\n<em>Todos sabemos que los ciudadanos tenemos tres prioridades que son b\u00e1sicas, la educaci\u00f3n, la salud y la seguridad y viendo que es lo que se est\u00e1 haciendo invitamos a todos ustedes porque entendemos seriamente que este es el Partido para mejorar los tres aspectos se\u00f1alados.<\/em><br \/>\n<em>Gracias a los se\u00f1ores Diputados, Senadores y dirigentes que est\u00e9n hoy junto a nosotros.\u201d<\/em><\/p>\n<p>Los oradores fueron varios, incluso, los representantes de CARBAP. haciendo clara defensa del sector que representa y contra el gobierno provincial.<\/p>\n<p>La reuni\u00f3n se extendi\u00f3 durante varias horas dejando ampliamente conformes a los organizadores, participantes y representantes pol\u00edticos.<\/p>\n<p>&nbsp;<\/p>\n<p>&nbsp;<\/p>\n","protected":false},"excerpt":{"rendered":"<p>Un importante marco de p\u00fablico fue parte de la jornada organizada por el PRO en nuestra ciudad siendo la misma &#8230; <a title=\"Importante encuentro del PRO en Mercedes\" class=\"read-more\" href=\"https:\/\/www.hoymercedes.com.ar\/principal\/2012\/05\/15\/importante-encuentro-del-pro-en-mercedes\/\" aria-label=\"Leer m\u00e1s sobre Importante encuentro del PRO en Mercedes\">Leer m\u00e1s<\/a><\/p>\n","protected":false},"author":1,"featured_media":0,"comment_status":"open","ping_status":"open","sticky":false,"template":"","format":"standard","meta":{"_monsterinsights_skip_tracking":false,"_monsterinsights_sitenote_active":false,"_monsterinsights_sitenote_note":"","_monsterinsights_sitenote_category":0,"jetpack_post_was_ever_published":false,"_jetpack_newsletter_access":"","_jetpack_dont_email_post_to_subs":false,"_jetpack_newsletter_tier_id":0,"_jetpack_memberships_contains_paywalled_content":false,"_jetpack_memberships_contains_paid_content":false,"footnotes":"","jetpack_publicize_message":"","jetpack_publicize_feature_enabled":true,"jetpack_social_post_already_shared":false,"jetpack_social_options":{"image_generator_settings":{"template":"highway","default_image_id":0,"font":"","enabled":false},"version":2},"_wpas_customize_per_network":false},"categories":[5],"tags":[2186,2185],"class_list":["post-12890","post","type-post","status-publish","format-standard","hentry","category-politica","tag-encuentro-del-pro-en-mercedes","tag-pro-mercedes","generate-columns","tablet-grid-50","mobile-grid-100","grid-parent","grid-50"],"jetpack_publicize_connections":[],"jetpack_featured_media_url":"","wps_subtitle":"","jetpack_sharing_enabled":true,"_links":{"self":[{"href":"https:\/\/www.hoymercedes.com.ar\/principal\/wp-json\/wp\/v2\/posts\/12890","targetHints":{"allow":["GET"]}}],"collection":[{"href":"https:\/\/www.hoymercedes.com.ar\/principal\/wp-json\/wp\/v2\/posts"}],"about":[{"href":"https:\/\/www.hoymercedes.com.ar\/principal\/wp-json\/wp\/v2\/types\/post"}],"author":[{"embeddable":true,"href":"https:\/\/www.hoymercedes.com.ar\/principal\/wp-json\/wp\/v2\/users\/1"}],"replies":[{"embeddable":true,"href":"https:\/\/www.hoymercedes.com.ar\/principal\/wp-json\/wp\/v2\/comments?post=12890"}],"version-history":[{"count":0,"href":"https:\/\/www.hoymercedes.com.ar\/principal\/wp-json\/wp\/v2\/posts\/12890\/revisions"}],"wp:attachment":[{"href":"https:\/\/www.hoymercedes.com.ar\/principal\/wp-json\/wp\/v2\/media?parent=12890"}],"wp:term":[{"taxonomy":"category","embeddable":true,"href":"https:\/\/www.hoymercedes.com.ar\/principal\/wp-json\/wp\/v2\/categories?post=12890"},{"taxonomy":"post_tag","embeddable":true,"href":"https:\/\/www.hoymercedes.com.ar\/principal\/wp-json\/wp\/v2\/tags?post=12890"}],"curies":[{"name":"wp","href":"https:\/\/api.w.org\/{rel}","templated":true}]}}