{"id":128903,"date":"2021-04-24T20:00:00","date_gmt":"2021-04-24T23:00:00","guid":{"rendered":"https:\/\/www.hoymercedes.com.ar\/principal\/?p=128903"},"modified":"2021-04-26T10:18:05","modified_gmt":"2021-04-26T13:18:05","slug":"covid-en-el-pais-confirman-298-fallecimientos-y-21-220-contagios","status":"publish","type":"post","link":"https:\/\/www.hoymercedes.com.ar\/principal\/2021\/04\/24\/covid-en-el-pais-confirman-298-fallecimientos-y-21-220-contagios\/","title":{"rendered":"Covid en el pa\u00eds: confirman 298 fallecimientos y 21.220 contagios"},"content":{"rendered":"\n<p><strong><em>Suman 61.474 los fallecidos y 2.845.872 los contagiados desde el inicio de la pandemia, inform\u00f3 el Ministerio de Salud.<\/em><\/strong><\/p>\n\n\n\n<p>El Ministerio de Salud de la Naci\u00f3n inform\u00f3 este s\u00e1bado que, en las \u00faltimas 24 horas, se registraron 298 muertes y 21.220 nuevos contagios de coronavirus. Con estos n\u00fameros, el total de infectados desde que comenz\u00f3 la pandemia asciende a 2.845.872 y las v\u00edctimas fatales son 61.474.<\/p>\n\n\n\n<p>El reporte consign\u00f3 que murieron 142 hombres y 152 mujeres, mientras cuatro personas de la provincia de Buenos Aires fueron reportadas sin dato de sexo. Murieron 107 hombres en la provincia de Buenos Aires; 15 en la Ciudad de Buenos Aires; 4 en Corrientes; 3 en C\u00f3rdoba; 2 en Entre R\u00edos; 3 en Jujuy; 5 en Mendoza; 1 en San Luis y 2 en Santa Fe. Tambi\u00e9n fallecieron 120 mujeres en Buenos Aires; 15 en Ciudad de Buenos Aires; 1 en Chaco; 1 en Chubut; 1 en Corrientes; 4 en C\u00f3rdoba; 4 en Mendoza; 1 en Misiones; 1 en San Luis; 3 en Santa Fe; y 1 en Tucum\u00e1n.<\/p>\n\n\n\n<p>De los 21.220 nuevos casos, 10.156 son de la provincia de Buenos Aires, 3.008 de la ciudad de Buenos Aires, 145 de Catamarca, 240 de Chaco, 97 de Chubut, 340 de Corrientes, 1.195 de C\u00f3rdoba, 569 de Entre R\u00edos, 113 de Formosa, 90 de Jujuy, 182 de La Pampa, 118 de La Rioja, 730 de Mendoza, 145 de Misiones, 180 de Neuqu\u00e9n, 209 de R\u00edo Negro, 142 de Salta, 178 de San Juan, 771 de San Luis, 188 de Santa Cruz, 1.777 de Santa Fe, 232 de Santiago del Estero, 55 de Tierra del Fuego, y en Tucum\u00e1n 360.<\/p>\n\n\n\n<p>El total de acumulados por distrito indica que la provincia de Buenos Aires suma 1.238.059 casos; la Ciudad de Buenos Aires, 325.231; Catamarca, 13.874; Chaco, 43.442; Chubut, 53.856; Corrientes, 36.397; C\u00f3rdoba 217.631; Entre R\u00edos, 59.742; Formosa, 4.086; Jujuy, 24.262; La Pampa, 25.547; La Rioja, 13.023; Mendoza, 91.844; Misiones, 14.983; Neuqu\u00e9n, 69.174; R\u00edo Negro, 59.710; Salta, 33.615; San Juan, 21.920; San Luis, 34.162; Santa Cruz, 43.512; Santa Fe, 263.979; Santiago del Estero, 29.561; Tierra del Fuego, 25.996; y Tucum\u00e1n, 102.266.<\/p>\n","protected":false},"excerpt":{"rendered":"<p>Suman 61.474 los fallecidos y 2.845.872 los contagiados desde el inicio de la pandemia, inform\u00f3 el Ministerio de Salud. El &#8230; <a title=\"Covid en el pa\u00eds: confirman 298 fallecimientos y 21.220 contagios\" class=\"read-more\" href=\"https:\/\/www.hoymercedes.com.ar\/principal\/2021\/04\/24\/covid-en-el-pais-confirman-298-fallecimientos-y-21-220-contagios\/\" aria-label=\"Leer m\u00e1s sobre Covid en el pa\u00eds: confirman 298 fallecimientos y 21.220 contagios\">Leer m\u00e1s<\/a><\/p>\n","protected":false},"author":1,"featured_media":128077,"comment_status":"closed","ping_status":"open","sticky":false,"template":"","format":"standard","meta":{"_monsterinsights_skip_tracking":false,"_monsterinsights_sitenote_active":false,"_monsterinsights_sitenote_note":"","_monsterinsights_sitenote_category":0,"jetpack_post_was_ever_published":false,"_jetpack_newsletter_access":"","_jetpack_dont_email_post_to_subs":false,"_jetpack_newsletter_tier_id":0,"_jetpack_memberships_contains_paywalled_content":false,"_jetpack_memberships_contains_paid_content":false,"footnotes":"","jetpack_publicize_message":"","jetpack_publicize_feature_enabled":true,"jetpack_social_post_already_shared":true,"jetpack_social_options":{"image_generator_settings":{"template":"highway","default_image_id":0,"font":"","enabled":false},"version":2},"_wpas_customize_per_network":false},"categories":[17182],"tags":[16175,16819,15693],"class_list":["post-128903","post","type-post","status-publish","format-standard","has-post-thumbnail","hentry","category-nacion","tag-coronavirus","tag-covid","tag-informe-nacional","generate-columns","tablet-grid-50","mobile-grid-100","grid-parent","grid-50"],"jetpack_publicize_connections":[],"jetpack_featured_media_url":"https:\/\/www.hoymercedes.com.ar\/principal\/wp-content\/uploads\/2021\/04\/giphy.gif","wps_subtitle":"Informe nacional","jetpack_sharing_enabled":true,"_links":{"self":[{"href":"https:\/\/www.hoymercedes.com.ar\/principal\/wp-json\/wp\/v2\/posts\/128903","targetHints":{"allow":["GET"]}}],"collection":[{"href":"https:\/\/www.hoymercedes.com.ar\/principal\/wp-json\/wp\/v2\/posts"}],"about":[{"href":"https:\/\/www.hoymercedes.com.ar\/principal\/wp-json\/wp\/v2\/types\/post"}],"author":[{"embeddable":true,"href":"https:\/\/www.hoymercedes.com.ar\/principal\/wp-json\/wp\/v2\/users\/1"}],"replies":[{"embeddable":true,"href":"https:\/\/www.hoymercedes.com.ar\/principal\/wp-json\/wp\/v2\/comments?post=128903"}],"version-history":[{"count":0,"href":"https:\/\/www.hoymercedes.com.ar\/principal\/wp-json\/wp\/v2\/posts\/128903\/revisions"}],"wp:featuredmedia":[{"embeddable":true,"href":"https:\/\/www.hoymercedes.com.ar\/principal\/wp-json\/wp\/v2\/media\/128077"}],"wp:attachment":[{"href":"https:\/\/www.hoymercedes.com.ar\/principal\/wp-json\/wp\/v2\/media?parent=128903"}],"wp:term":[{"taxonomy":"category","embeddable":true,"href":"https:\/\/www.hoymercedes.com.ar\/principal\/wp-json\/wp\/v2\/categories?post=128903"},{"taxonomy":"post_tag","embeddable":true,"href":"https:\/\/www.hoymercedes.com.ar\/principal\/wp-json\/wp\/v2\/tags?post=128903"}],"curies":[{"name":"wp","href":"https:\/\/api.w.org\/{rel}","templated":true}]}}