{"id":128972,"date":"2021-04-26T07:03:00","date_gmt":"2021-04-26T10:03:00","guid":{"rendered":"https:\/\/www.hoymercedes.com.ar\/principal\/?p=128972"},"modified":"2021-04-26T10:01:24","modified_gmt":"2021-04-26T13:01:24","slug":"el-hospital-de-lujan-fue-declarado-en-fase-de-emergencia","status":"publish","type":"post","link":"https:\/\/www.hoymercedes.com.ar\/principal\/2021\/04\/26\/el-hospital-de-lujan-fue-declarado-en-fase-de-emergencia\/","title":{"rendered":"El Hospital de Luj\u00e1n fue declarado en fase de emergencia"},"content":{"rendered":"\n<p><em><strong>La decisi\u00f3n implica que el personal queda a disposici\u00f3n de las autoridades de la instituci\u00f3n para hacer frente al dif\u00edcil momento que atraviesa el pa\u00eds y Luj\u00e1n. Adem\u00e1s, en la zona del Hospital se reducir\u00e1 el tr\u00e1nsito a media calzada y se trasladar\u00e1n las paradas de colectivos y taxis para despejar la zona.<\/strong><\/em><\/p>\n\n\n\n<p>El Municipio inform\u00f3 que ante las consecuencias sanitarias generadas por la segunda ola de la pandemia Covid 19 y el creciente n\u00famero de casos, el Hospital Municipal pas\u00f3 a una Fase de Emergencia.<\/p>\n\n\n\n<p>Esta decisi\u00f3n implica que todo el personal queda a disposici\u00f3n de las autoridades de la instituci\u00f3n para hacer frente al dif\u00edcil momento que atraviesa el pa\u00eds y nuestra ciudad.<\/p>\n\n\n\n<p>Adem\u00e1s, en la zona del Hospital se dispondr\u00e1n medidas de tr\u00e1nsito para disminuir la circulaci\u00f3n. \u201cSe reducir\u00e1 el tr\u00e1nsito a media calzada y se trasladar\u00e1n las paradas de colectivos y taxis para despejar la zona\u201d, se\u00f1alaron desde la Comuna.<\/p>\n\n\n\n<p>Y agregaron que \u201ces una muestra m\u00e1s del enorme compromiso de todas y todos los trabajadores de la salud que con incansable esfuerzo se dedican a preservar la vida de nuestra comunidad\u201d.<\/p>\n\n\n\n<p>A su vez, \u201cesta situaci\u00f3n nos obliga a reforzar los protocolos, a cuidarnos m\u00e1s que nunca para colaborar con nuestro sistema sanitario, a los fines de que pueda seguir dando respuesta en el momento m\u00e1s dif\u00edcil de la pandemia\u201d, remarcaron.<\/p>\n\n\n\n<p>La situaci\u00f3n epidemiol\u00f3gica contin\u00faa siendo coordinada con la Regi\u00f3n Sanitaria VII, en un trabajo conjunto del Municipio con los efectores p\u00fablicos y privados del Partido de Luj\u00e1n.<\/p>\n\n\n\n<p>Fuente: Luj\u00e1n Hoy<\/p>\n","protected":false},"excerpt":{"rendered":"<p>La decisi\u00f3n implica que el personal queda a disposici\u00f3n de las autoridades de la instituci\u00f3n para hacer frente al dif\u00edcil &#8230; <a title=\"El Hospital de Luj\u00e1n fue declarado en fase de emergencia\" class=\"read-more\" href=\"https:\/\/www.hoymercedes.com.ar\/principal\/2021\/04\/26\/el-hospital-de-lujan-fue-declarado-en-fase-de-emergencia\/\" aria-label=\"Leer m\u00e1s sobre El Hospital de Luj\u00e1n fue declarado en fase de emergencia\">Leer m\u00e1s<\/a><\/p>\n","protected":false},"author":1,"featured_media":108988,"comment_status":"closed","ping_status":"open","sticky":false,"template":"","format":"standard","meta":{"_monsterinsights_skip_tracking":false,"_monsterinsights_sitenote_active":false,"_monsterinsights_sitenote_note":"","_monsterinsights_sitenote_category":0,"jetpack_post_was_ever_published":false,"_jetpack_newsletter_access":"","_jetpack_dont_email_post_to_subs":false,"_jetpack_newsletter_tier_id":0,"_jetpack_memberships_contains_paywalled_content":false,"_jetpack_memberships_contains_paid_content":false,"footnotes":"","jetpack_publicize_message":"","jetpack_publicize_feature_enabled":true,"jetpack_social_post_already_shared":true,"jetpack_social_options":{"image_generator_settings":{"template":"highway","default_image_id":0,"font":"","enabled":false},"version":2},"_wpas_customize_per_network":false},"categories":[5501],"tags":[17729,17728,9322],"class_list":["post-128972","post","type-post","status-publish","format-standard","has-post-thumbnail","hentry","category-region","tag-fase-de-emergencia","tag-hospital-de-lujan","tag-region","generate-columns","tablet-grid-50","mobile-grid-100","grid-parent","grid-50"],"jetpack_publicize_connections":[],"jetpack_featured_media_url":"https:\/\/www.hoymercedes.com.ar\/principal\/wp-content\/uploads\/2020\/04\/HospitalFachada.jpg","wps_subtitle":"Coronavirus en la regi\u00f3n","jetpack_sharing_enabled":true,"_links":{"self":[{"href":"https:\/\/www.hoymercedes.com.ar\/principal\/wp-json\/wp\/v2\/posts\/128972","targetHints":{"allow":["GET"]}}],"collection":[{"href":"https:\/\/www.hoymercedes.com.ar\/principal\/wp-json\/wp\/v2\/posts"}],"about":[{"href":"https:\/\/www.hoymercedes.com.ar\/principal\/wp-json\/wp\/v2\/types\/post"}],"author":[{"embeddable":true,"href":"https:\/\/www.hoymercedes.com.ar\/principal\/wp-json\/wp\/v2\/users\/1"}],"replies":[{"embeddable":true,"href":"https:\/\/www.hoymercedes.com.ar\/principal\/wp-json\/wp\/v2\/comments?post=128972"}],"version-history":[{"count":0,"href":"https:\/\/www.hoymercedes.com.ar\/principal\/wp-json\/wp\/v2\/posts\/128972\/revisions"}],"wp:featuredmedia":[{"embeddable":true,"href":"https:\/\/www.hoymercedes.com.ar\/principal\/wp-json\/wp\/v2\/media\/108988"}],"wp:attachment":[{"href":"https:\/\/www.hoymercedes.com.ar\/principal\/wp-json\/wp\/v2\/media?parent=128972"}],"wp:term":[{"taxonomy":"category","embeddable":true,"href":"https:\/\/www.hoymercedes.com.ar\/principal\/wp-json\/wp\/v2\/categories?post=128972"},{"taxonomy":"post_tag","embeddable":true,"href":"https:\/\/www.hoymercedes.com.ar\/principal\/wp-json\/wp\/v2\/tags?post=128972"}],"curies":[{"name":"wp","href":"https:\/\/api.w.org\/{rel}","templated":true}]}}