{"id":128975,"date":"2021-04-26T09:20:00","date_gmt":"2021-04-26T12:20:00","guid":{"rendered":"https:\/\/www.hoymercedes.com.ar\/principal\/?p=128975"},"modified":"2021-04-26T10:00:03","modified_gmt":"2021-04-26T13:00:03","slug":"el-programa-mercedes-aprende-en-la-escuela-n-26","status":"publish","type":"post","link":"https:\/\/www.hoymercedes.com.ar\/principal\/2021\/04\/26\/el-programa-mercedes-aprende-en-la-escuela-n-26\/","title":{"rendered":"El Programa Mercedes Aprende en la Escuela N\u00b0 26"},"content":{"rendered":"\n<p>Por Prensa Municipal  &#8211; El intendente Juan Ignacio Ustarroz junto al presidente del Consejo Escolar, Jos\u00e9 Pisano,\u00a0visitaron\u00a0la Escuela\u00a0Primaria Rural\u00a0N\u00b0 26 donde, adem\u00e1s, entregaron libros al primer ciclo de la escuela primaria en el marco del programa Mercedes Aprende. \u201cTenemos una alegr\u00eda muy grande, por estar hoy ac\u00e1, donde se refleja claramente el compromiso, la vocaci\u00f3n, el gran amor que ponen todos los d\u00edas para educar a los chicos\u201d manifest\u00f3 Ustarroz. \u00a0<\/p>\n\n\n\n<div class=\"wp-block-image\"><figure class=\"aligncenter size-large\"><img loading=\"lazy\" decoding=\"async\" width=\"800\" height=\"533\" data-attachment-id=\"128976\" data-permalink=\"https:\/\/www.hoymercedes.com.ar\/principal\/2021\/04\/26\/el-programa-mercedes-aprende-en-la-escuela-n-26\/dsc05945\/#main\" data-orig-file=\"https:\/\/www.hoymercedes.com.ar\/principal\/wp-content\/uploads\/2021\/04\/DSC05945.jpg\" data-orig-size=\"800,533\" data-comments-opened=\"0\" data-image-meta=\"{&quot;aperture&quot;:&quot;0&quot;,&quot;credit&quot;:&quot;&quot;,&quot;camera&quot;:&quot;&quot;,&quot;caption&quot;:&quot;&quot;,&quot;created_timestamp&quot;:&quot;1619426065&quot;,&quot;copyright&quot;:&quot;&quot;,&quot;focal_length&quot;:&quot;0&quot;,&quot;iso&quot;:&quot;0&quot;,&quot;shutter_speed&quot;:&quot;0&quot;,&quot;title&quot;:&quot;&quot;,&quot;orientation&quot;:&quot;1&quot;}\" data-image-title=\"DSC05945\" data-image-description=\"\" data-image-caption=\"\" data-large-file=\"https:\/\/www.hoymercedes.com.ar\/principal\/wp-content\/uploads\/2021\/04\/DSC05945.jpg\" src=\"https:\/\/www.hoymercedes.com.ar\/principal\/wp-content\/uploads\/2021\/04\/DSC05945.jpg\" alt=\"\" class=\"wp-image-128976\" srcset=\"https:\/\/www.hoymercedes.com.ar\/principal\/wp-content\/uploads\/2021\/04\/DSC05945.jpg 800w, https:\/\/www.hoymercedes.com.ar\/principal\/wp-content\/uploads\/2021\/04\/DSC05945-630x420.jpg 630w, https:\/\/www.hoymercedes.com.ar\/principal\/wp-content\/uploads\/2021\/04\/DSC05945-150x100.jpg 150w, https:\/\/www.hoymercedes.com.ar\/principal\/wp-content\/uploads\/2021\/04\/DSC05945-700x465.jpg 700w\" sizes=\"auto, (max-width: 800px) 100vw, 800px\" \/><\/figure><\/div>\n\n\n\n<p>Destac\u00f3 el jefe comunal que \u201cnos tenemos que cuidar mucho, no descuidarnos ante el avance del coronavirus, sin embargo, tambi\u00e9n debemos seguir gestionando en aquellos aspectos claves, como es la educaci\u00f3n\u201d, mencion\u00f3.&nbsp;&nbsp;<\/p>\n\n\n\n<p>Asimismo, el intendente Ustarroz se\u00f1al\u00f3 \u201cEl programa \u201cMercedes Aprende\u201d lo que viene a hacer es poner en concreto ese acompa\u00f1amiento y apoyo que tiene que brindar el Estado al sistema educativo\u201d y apunt\u00f3 \u201cver la cara de los ni\u00f1os y la alegr\u00eda que reflejan al recibir estos libros nos pone muy feliz\u201d. &nbsp;<\/p>\n\n\n\n<p>\u201cEstos libros van a servir para ayudar al proceso educativo que se da en esta escuela con un gran compromiso de los docentes\u201d afirm\u00f3 el intendente Ustarroz.&nbsp;&nbsp;&nbsp;&nbsp;<\/p>\n\n\n\n<p>El presidente del Consejo Escolar, Jos\u00e9 Pisano cont\u00f3 \u201cestuvimos durante toda la semana trabajando y llegando a todas las primarias de nuestra ciudad, lo que viene a reforzar el trabajo de los docentes, pero tambi\u00e9n viene a garantizar el derecho del acceso a la educaci\u00f3n de nuestros chicos\u201d y agreg\u00f3 \u201cen caso de tener que retirarnos un poquito de la presencialidad por cuestiones de emergencia sanitaria, esto va a fortalecer la relaci\u00f3n y el proceso de aprendizaje de los chicos en su casa\u201d. &nbsp;<\/p>\n\n\n\n<p>La Coordinadora de Educaci\u00f3n, la Profesora Pamela Herrera, expres\u00f3 \u201clo que nosotros hacemos es articular acciones para poder acompa\u00f1ar a toda la comunidad educativa en aquello que necesite y consideramos es fundamental. En este caso la entrega de los libros es un aporte pedag\u00f3gico muy importante\u201d y a\u00f1adi\u00f3 \u201choy existen protocolos sanitarios, por lo que cada nene pueda tener su libro es fundamental, no solo en su casa sino tambi\u00e9n en su instituci\u00f3n, para que pueda contar con su material en su banco\u201d. &nbsp;<\/p>\n\n\n\n<p>Karina Cretella, directora de la Escuela Primaria N\u00b0 26 se\u00f1al\u00f3 \u201cnosotros como instituci\u00f3n estamos totalmente agradecidos, este es un gran apoyo tanto para los alumnos como para los maestros, ya que este material did\u00e1ctico se nos hace fundamental para poder acompa\u00f1arlos desde la virtualidad esos d\u00edas que no asisten a la escuela, esto es muy significativo para los alumnos, las familias y los docentes\u201d y destac\u00f3 \u201cestamos totalmente agradecidos del acompa\u00f1amiento del Consejo Escolar y el Municipio que no nos dejan faltar nada, y de las familias que es sumamente importante\u201d. \u00a0<\/p>\n","protected":false},"excerpt":{"rendered":"<p>Por Prensa Municipal &#8211; El intendente Juan Ignacio Ustarroz junto al presidente del Consejo Escolar, Jos\u00e9 Pisano,\u00a0visitaron\u00a0la Escuela\u00a0Primaria Rural\u00a0N\u00b0 26 &#8230; <a title=\"El Programa Mercedes Aprende en la Escuela N\u00b0 26\" class=\"read-more\" href=\"https:\/\/www.hoymercedes.com.ar\/principal\/2021\/04\/26\/el-programa-mercedes-aprende-en-la-escuela-n-26\/\" aria-label=\"Leer m\u00e1s sobre El Programa Mercedes Aprende en la Escuela N\u00b0 26\">Leer m\u00e1s<\/a><\/p>\n","protected":false},"author":1,"featured_media":128976,"comment_status":"closed","ping_status":"open","sticky":false,"template":"","format":"standard","meta":{"_monsterinsights_skip_tracking":false,"_monsterinsights_sitenote_active":false,"_monsterinsights_sitenote_note":"","_monsterinsights_sitenote_category":0,"jetpack_post_was_ever_published":false,"_jetpack_newsletter_access":"","_jetpack_dont_email_post_to_subs":false,"_jetpack_newsletter_tier_id":0,"_jetpack_memberships_contains_paywalled_content":false,"_jetpack_memberships_contains_paid_content":false,"footnotes":"","jetpack_publicize_message":"","jetpack_publicize_feature_enabled":true,"jetpack_social_post_already_shared":true,"jetpack_social_options":{"image_generator_settings":{"template":"highway","default_image_id":0,"font":"","enabled":false},"version":2},"_wpas_customize_per_network":false},"categories":[30],"tags":[1317,47,13953,244],"class_list":["post-128975","post","type-post","status-publish","format-standard","has-post-thumbnail","hentry","category-municipio","tag-consejo-escolar","tag-educacion-2","tag-mercedes-aprende","tag-municipio-2","generate-columns","tablet-grid-50","mobile-grid-100","grid-parent","grid-50"],"jetpack_publicize_connections":[],"jetpack_featured_media_url":"https:\/\/www.hoymercedes.com.ar\/principal\/wp-content\/uploads\/2021\/04\/DSC05945.jpg","wps_subtitle":"Visita oficial comunal","jetpack_sharing_enabled":true,"_links":{"self":[{"href":"https:\/\/www.hoymercedes.com.ar\/principal\/wp-json\/wp\/v2\/posts\/128975","targetHints":{"allow":["GET"]}}],"collection":[{"href":"https:\/\/www.hoymercedes.com.ar\/principal\/wp-json\/wp\/v2\/posts"}],"about":[{"href":"https:\/\/www.hoymercedes.com.ar\/principal\/wp-json\/wp\/v2\/types\/post"}],"author":[{"embeddable":true,"href":"https:\/\/www.hoymercedes.com.ar\/principal\/wp-json\/wp\/v2\/users\/1"}],"replies":[{"embeddable":true,"href":"https:\/\/www.hoymercedes.com.ar\/principal\/wp-json\/wp\/v2\/comments?post=128975"}],"version-history":[{"count":0,"href":"https:\/\/www.hoymercedes.com.ar\/principal\/wp-json\/wp\/v2\/posts\/128975\/revisions"}],"wp:featuredmedia":[{"embeddable":true,"href":"https:\/\/www.hoymercedes.com.ar\/principal\/wp-json\/wp\/v2\/media\/128976"}],"wp:attachment":[{"href":"https:\/\/www.hoymercedes.com.ar\/principal\/wp-json\/wp\/v2\/media?parent=128975"}],"wp:term":[{"taxonomy":"category","embeddable":true,"href":"https:\/\/www.hoymercedes.com.ar\/principal\/wp-json\/wp\/v2\/categories?post=128975"},{"taxonomy":"post_tag","embeddable":true,"href":"https:\/\/www.hoymercedes.com.ar\/principal\/wp-json\/wp\/v2\/tags?post=128975"}],"curies":[{"name":"wp","href":"https:\/\/api.w.org\/{rel}","templated":true}]}}