{"id":12899,"date":"2012-05-15T12:10:33","date_gmt":"2012-05-15T12:10:33","guid":{"rendered":"http:\/\/www.hoymercedes.com.ar\/principal\/?p=12899"},"modified":"2012-05-15T12:10:33","modified_gmt":"2012-05-15T12:10:33","slug":"nafta-pedido-de-informe-sobre-su-consumo-al-ejecutivo","status":"publish","type":"post","link":"https:\/\/www.hoymercedes.com.ar\/principal\/2012\/05\/15\/nafta-pedido-de-informe-sobre-su-consumo-al-ejecutivo\/","title":{"rendered":"Nafta: pedido de informe sobre su consumo al ejecutivo"},"content":{"rendered":"<p><a href=\"https:\/\/www.hoymercedes.com.ar\/principal\/wp-content\/uploads\/2012\/05\/ConcejoDeliberante-2012-IV.jpg\"><img loading=\"lazy\" decoding=\"async\" data-attachment-id=\"12901\" data-permalink=\"https:\/\/www.hoymercedes.com.ar\/principal\/2012\/05\/15\/nafta-pedido-de-informe-sobre-su-consumo-al-ejecutivo\/concejodeliberante-2012-iv\/#main\" data-orig-file=\"https:\/\/www.hoymercedes.com.ar\/principal\/wp-content\/uploads\/2012\/05\/ConcejoDeliberante-2012-IV.jpg\" data-orig-size=\"612,192\" data-comments-opened=\"1\" data-image-meta=\"{&quot;aperture&quot;:&quot;2.8&quot;,&quot;credit&quot;:&quot;&quot;,&quot;camera&quot;:&quot;COOLPIX L10&quot;,&quot;caption&quot;:&quot;&quot;,&quot;created_timestamp&quot;:&quot;1336746465&quot;,&quot;copyright&quot;:&quot;Copyright 2006&quot;,&quot;focal_length&quot;:&quot;6.2&quot;,&quot;iso&quot;:&quot;200&quot;,&quot;shutter_speed&quot;:&quot;0.016666666666667&quot;,&quot;title&quot;:&quot;&quot;}\" data-image-title=\"ConcejoDeliberante-2012-IV\" data-image-description=\"\" data-image-caption=\"\" data-large-file=\"https:\/\/www.hoymercedes.com.ar\/principal\/wp-content\/uploads\/2012\/05\/ConcejoDeliberante-2012-IV.jpg\" class=\"aligncenter size-full wp-image-12901\" title=\"ConcejoDeliberante-2012-IV\" src=\"https:\/\/www.hoymercedes.com.ar\/principal\/wp-content\/uploads\/2012\/05\/ConcejoDeliberante-2012-IV.jpg\" alt=\"\" width=\"612\" height=\"192\" \/><\/a><\/p>\n<p>Durante la \u00faltima sesi\u00f3n el Honorable Concejo Deliberante solicit\u00f3 al Ejecutivo un informe relacionado a la cantidad y uso del combustible que se hace en nuestra comuna.<\/p>\n<p>El Bloque de Frente Mercedino para la Victoria impuls\u00f3 la medida. In\u00e9s Ghione tambi\u00e9n present\u00f3 un proyecto siendo en t\u00e9rminos generales similar al del FMPV.<\/p>\n<p>Los ediles buscan poder contar con datos que les permitan efectuar comparaciones con lo informado de uso del a\u00f1o pasado claramente impulsados por los \u00faltimos acontecimientos vividos donde existen sospechas de faltantes de manera indebida.<\/p>\n<p>Como cuesti\u00f3n fina han solicitado saber qu\u00e9 utiliza y cantidad cada m\u00e1quina as\u00ed como de qu\u00e9 manera se proveen, si dentro de una estaci\u00f3n de servicio o trasladando el combustible directamente a dependencias municipales.<\/p>\n<p>In\u00e9s Mar\u00eda Ghione \u00a0sostuvo \u201ctom\u00e9 conocimiento por una nota dentro de un semanario local que daba cuenta de la posibilidad de cometerse un hecho il\u00edcito como es el robo de combustibles depositados en los talleres municipales, pretend\u00eda conocer si el Departamento Ejecutivo hab\u00eda procedido a investigar de manera interna lo aparecido en el medio gr\u00e1fico, a que resultado se hab\u00eda llegado si as\u00ed hab\u00eda sido y si\u00a0se hab\u00eda iniciado alg\u00fan tipo de sumario administrativo a empleados, jefes o funcionarios que pudieron haber tenido algo que ver con el caso\u00bb<\/p>\n<p>En lo que todos estuvieron de acuerdo, durante la \u00faltima sesi\u00f3n, fue en rendirse un\u00a0homenaje\u00a0a Jos\u00e9 Pocho Spina que hace pocos d\u00edas perdi\u00f3 la vida luego de una vida de lucha y acci\u00f3n pol\u00edtica<\/p>\n","protected":false},"excerpt":{"rendered":"<p>Durante la \u00faltima sesi\u00f3n el Honorable Concejo Deliberante solicit\u00f3 al Ejecutivo un informe relacionado a la cantidad y uso del &#8230; <a title=\"Nafta: pedido de informe sobre su consumo al ejecutivo\" class=\"read-more\" href=\"https:\/\/www.hoymercedes.com.ar\/principal\/2012\/05\/15\/nafta-pedido-de-informe-sobre-su-consumo-al-ejecutivo\/\" aria-label=\"Leer m\u00e1s sobre Nafta: pedido de informe sobre su consumo al ejecutivo\">Leer m\u00e1s<\/a><\/p>\n","protected":false},"author":1,"featured_media":0,"comment_status":"open","ping_status":"open","sticky":false,"template":"","format":"standard","meta":{"_monsterinsights_skip_tracking":false,"_monsterinsights_sitenote_active":false,"_monsterinsights_sitenote_note":"","_monsterinsights_sitenote_category":0,"jetpack_post_was_ever_published":false,"_jetpack_newsletter_access":"","_jetpack_dont_email_post_to_subs":false,"_jetpack_newsletter_tier_id":0,"_jetpack_memberships_contains_paywalled_content":false,"_jetpack_memberships_contains_paid_content":false,"footnotes":"","jetpack_publicize_message":"","jetpack_publicize_feature_enabled":true,"jetpack_social_post_already_shared":false,"jetpack_social_options":{"image_generator_settings":{"template":"highway","default_image_id":0,"font":"","enabled":false},"version":2},"_wpas_customize_per_network":false},"categories":[5],"tags":[2187,2188],"class_list":["post-12899","post","type-post","status-publish","format-standard","hentry","category-politica","tag-combustible-mercedes","tag-robo-de-nafta-mercedes","generate-columns","tablet-grid-50","mobile-grid-100","grid-parent","grid-50"],"jetpack_publicize_connections":[],"jetpack_featured_media_url":"","wps_subtitle":"","jetpack_sharing_enabled":true,"_links":{"self":[{"href":"https:\/\/www.hoymercedes.com.ar\/principal\/wp-json\/wp\/v2\/posts\/12899","targetHints":{"allow":["GET"]}}],"collection":[{"href":"https:\/\/www.hoymercedes.com.ar\/principal\/wp-json\/wp\/v2\/posts"}],"about":[{"href":"https:\/\/www.hoymercedes.com.ar\/principal\/wp-json\/wp\/v2\/types\/post"}],"author":[{"embeddable":true,"href":"https:\/\/www.hoymercedes.com.ar\/principal\/wp-json\/wp\/v2\/users\/1"}],"replies":[{"embeddable":true,"href":"https:\/\/www.hoymercedes.com.ar\/principal\/wp-json\/wp\/v2\/comments?post=12899"}],"version-history":[{"count":0,"href":"https:\/\/www.hoymercedes.com.ar\/principal\/wp-json\/wp\/v2\/posts\/12899\/revisions"}],"wp:attachment":[{"href":"https:\/\/www.hoymercedes.com.ar\/principal\/wp-json\/wp\/v2\/media?parent=12899"}],"wp:term":[{"taxonomy":"category","embeddable":true,"href":"https:\/\/www.hoymercedes.com.ar\/principal\/wp-json\/wp\/v2\/categories?post=12899"},{"taxonomy":"post_tag","embeddable":true,"href":"https:\/\/www.hoymercedes.com.ar\/principal\/wp-json\/wp\/v2\/tags?post=12899"}],"curies":[{"name":"wp","href":"https:\/\/api.w.org\/{rel}","templated":true}]}}