{"id":12908,"date":"2012-05-16T02:04:24","date_gmt":"2012-05-16T02:04:24","guid":{"rendered":"http:\/\/www.hoymercedes.com.ar\/principal\/?p=12908"},"modified":"2012-05-16T02:04:24","modified_gmt":"2012-05-16T02:04:24","slug":"concluye-conciliacion-obligatoria-entre-el-gobierno-y-los-empleados-de-la-afip","status":"publish","type":"post","link":"https:\/\/www.hoymercedes.com.ar\/principal\/2012\/05\/16\/concluye-conciliacion-obligatoria-entre-el-gobierno-y-los-empleados-de-la-afip\/","title":{"rendered":"Concluye Conciliaci\u00f3n Obligatoria entre el gobierno y los empleados de la AFIP"},"content":{"rendered":"<p>En caso de no llegarse a una soluci\u00f3n por ley autom\u00e1ticamente se incorporan otros cinco d\u00edas h\u00e1biles que las partes deben respetar para ver si finalmente logran una soluci\u00f3n. El 19 de mayo es el D\u00eda del trabajador Impositivo.<\/p>\n<p>El viernes venidero vence el plazo otorgado en Conciliaci\u00f3n Obligatoria para intentar encontrar una soluci\u00f3n al conflicto que ya desde hace una a\u00f1o mantiene la A.E.F.I.P debido a los cambios en los horarios laborales del Ente Recaudador que ha colocado su administrador general.<\/p>\n<p>Sobre el particular el titular del gremio en nuestra Regi\u00f3n, Juan Mart\u00edn Andr\u00e9s sostuvo \u201cestos d\u00edas son muy importantes para nosotros porque el viernes pr\u00f3ximo vence el plazo otorgado en el marcho de la conciliaci\u00f3n Obligatoria y hasta ahora en las reuniones que se han llevado a cabo es muy poco lo que se logr\u00f3 adelantar.<\/p>\n<p>Ma\u00f1ana, por hoy, se llevar\u00e1 a cabo la ultima reuni\u00f3n pactada entre las partes, al menos la ultima prevista ya que puede ocurrir que haya antes del viernes alguna otra.<\/p>\n<p>La verdad es que todo ven\u00eda muy pero muy trabado pero luego de la reuni\u00f3n que se concret\u00f3 entre el Administrador General y nuestro conductor a nivel nacional Jorge Burgos parece como que el conflicto quiera comenzar a destrabarse as\u00ed que estamos realmente muy esperanzados en lo que puede ocurrir este mi\u00e9rcoles.<\/p>\n<p>En la \u00faltima reuni\u00f3n que se llev\u00f3 a cabo hace ya unos d\u00edas, hubo en algunos puntos y temas que los que se logr\u00f3 un principio de acuerdo, ahora vamos a ver si realmente ello es as\u00ed y la<\/p>\n<p>AFIP firma el acta-acuerdo correspondiente<\/p>\n<p>Desgraciadamente a nosotros nos toca negociar con un Administrador federal que es realmente muy particular, Etchegaray, yo lo he dicho en reiteradas oportunidades, y si bien lo puso el mismo gobierno que el que yo tambi\u00e9n represento es un hombre que cumple bien su funci\u00f3n en el tema recaudaci\u00f3n pero no tiene absolutamente ning\u00fan respeto por los empleados de la AFIP, hay muchos casos muy bien comprobables que no ha respetado el Convenio Colectivo de Trabajo, no respeta a los trabajadores, no se puede confiar mucho en lo que uno habla con el porque luego se desdice a trav\u00e9s de funcionarios de segunda o tercera l\u00ednea muy f\u00e1cilmente, es un Administrador muy diferente, muy distinto a lo que nosotros est\u00e1bamos acostumbrados a tener, es con lo que desde hace tres a\u00f1os venimos luchando y esperamos llegar a una respuesta que tenga que ver con darle al compa\u00f1ero trabajador impositivo un nuevo horario de trabajo, poder tratar la paritaria de este a\u00f1o y otra serie de puntos que son los que lamentablemente han provocado este conflicto entre ellos el respecto por la carrera y el escalaf\u00f3n que hacen a la igualdad de los trabajadores<\/p>\n<p>Ahora el s\u00e1bado 19 de mayo nosotros celebramos el D\u00eda del Trabajador Impositivo, desde ya que nos vamos a reunir como todos los a\u00f1os y que bueno estar\u00eda poder decir dicho d\u00eda que las cosas se solucionaron, que hubo cambios importantes que terminan beneficiando al trabajador pero como Etchegaray es una persona que vive dilatando las cosas no nos extra\u00f1ar\u00eda si resuelve tomarse los cinco d\u00edas adicionales que como ya expres\u00e9 fija la ley.<\/p>\n<p>Hemos pasados meses muy bravos, por ejemplo diciembre cuando todo d}se desat\u00f3 el 23 de dicho mes, y lo seguimos sufriendo en A\u00f1o Nuevo y para pascuas nos vimos obligados directamente a convocar a un paro general, as\u00ed que ahora esperamos realmente poder pasar nuestro d\u00eda con una sonrisa en nuestras bocas\u201d<\/p>\n","protected":false},"excerpt":{"rendered":"<p>En caso de no llegarse a una soluci\u00f3n por ley autom\u00e1ticamente se incorporan otros cinco d\u00edas h\u00e1biles que las partes &#8230; <a title=\"Concluye Conciliaci\u00f3n Obligatoria entre el gobierno y los empleados de la AFIP\" class=\"read-more\" href=\"https:\/\/www.hoymercedes.com.ar\/principal\/2012\/05\/16\/concluye-conciliacion-obligatoria-entre-el-gobierno-y-los-empleados-de-la-afip\/\" aria-label=\"Leer m\u00e1s sobre Concluye Conciliaci\u00f3n Obligatoria entre el gobierno y los empleados de la AFIP\">Leer m\u00e1s<\/a><\/p>\n","protected":false},"author":1,"featured_media":0,"comment_status":"open","ping_status":"open","sticky":false,"template":"","format":"standard","meta":{"_monsterinsights_skip_tracking":false,"_monsterinsights_sitenote_active":false,"_monsterinsights_sitenote_note":"","_monsterinsights_sitenote_category":0,"jetpack_post_was_ever_published":false,"_jetpack_newsletter_access":"","_jetpack_dont_email_post_to_subs":false,"_jetpack_newsletter_tier_id":0,"_jetpack_memberships_contains_paywalled_content":false,"_jetpack_memberships_contains_paid_content":false,"footnotes":"","jetpack_publicize_message":"","jetpack_publicize_feature_enabled":true,"jetpack_social_post_already_shared":false,"jetpack_social_options":{"image_generator_settings":{"template":"highway","default_image_id":0,"font":"","enabled":false},"version":2},"_wpas_customize_per_network":false},"categories":[8],"tags":[1998],"class_list":["post-12908","post","type-post","status-publish","format-standard","hentry","category-sociedad","tag-afip-mercedes","generate-columns","tablet-grid-50","mobile-grid-100","grid-parent","grid-50"],"jetpack_publicize_connections":[],"jetpack_featured_media_url":"","wps_subtitle":"","jetpack_sharing_enabled":true,"_links":{"self":[{"href":"https:\/\/www.hoymercedes.com.ar\/principal\/wp-json\/wp\/v2\/posts\/12908","targetHints":{"allow":["GET"]}}],"collection":[{"href":"https:\/\/www.hoymercedes.com.ar\/principal\/wp-json\/wp\/v2\/posts"}],"about":[{"href":"https:\/\/www.hoymercedes.com.ar\/principal\/wp-json\/wp\/v2\/types\/post"}],"author":[{"embeddable":true,"href":"https:\/\/www.hoymercedes.com.ar\/principal\/wp-json\/wp\/v2\/users\/1"}],"replies":[{"embeddable":true,"href":"https:\/\/www.hoymercedes.com.ar\/principal\/wp-json\/wp\/v2\/comments?post=12908"}],"version-history":[{"count":0,"href":"https:\/\/www.hoymercedes.com.ar\/principal\/wp-json\/wp\/v2\/posts\/12908\/revisions"}],"wp:attachment":[{"href":"https:\/\/www.hoymercedes.com.ar\/principal\/wp-json\/wp\/v2\/media?parent=12908"}],"wp:term":[{"taxonomy":"category","embeddable":true,"href":"https:\/\/www.hoymercedes.com.ar\/principal\/wp-json\/wp\/v2\/categories?post=12908"},{"taxonomy":"post_tag","embeddable":true,"href":"https:\/\/www.hoymercedes.com.ar\/principal\/wp-json\/wp\/v2\/tags?post=12908"}],"curies":[{"name":"wp","href":"https:\/\/api.w.org\/{rel}","templated":true}]}}