{"id":129102,"date":"2021-04-27T22:08:00","date_gmt":"2021-04-28T01:08:00","guid":{"rendered":"https:\/\/www.hoymercedes.com.ar\/principal\/?p=129102"},"modified":"2021-04-27T22:05:56","modified_gmt":"2021-04-28T01:05:56","slug":"segunda-ola-1-fallecido-y-36-nuevos-positivos-con-ocupacion-de-camas-que-no-desciende","status":"publish","type":"post","link":"https:\/\/www.hoymercedes.com.ar\/principal\/2021\/04\/27\/segunda-ola-1-fallecido-y-36-nuevos-positivos-con-ocupacion-de-camas-que-no-desciende\/","title":{"rendered":"Segunda ola: 1 fallecido y 36 nuevos positivos con ocupaci\u00f3n de camas que no desciende"},"content":{"rendered":"\n<p>Lamentamos informar el fallecimiento de un paciente de 74 a\u00f1os de edad portador del virus en el marco de la segunda y grav\u00edsima ola de covid que vive el pa\u00eds y el mundo. A su vez, en el Laboratorio de Virolog\u00eda Molecular detectaron 36 nuevos positivos en un total de 110 testeos. &nbsp;<\/p>\n\n\n\n<p>&nbsp;A su vez 3342 personas obtuvieron el alta m\u00e9dica.<\/p>\n\n\n\n<p>El total de casos activos es de 535 en la actualidad.<\/p>\n\n\n\n<p>Desde el inicio de la pandemia 3954 vecinos y vecinas dieron positivos.<\/p>\n\n\n\n<p>El total de testeo de laboratorio arriba 17198 realizados hasta la fecha.<\/p>\n\n\n\n<p>Las v\u00edctimas fatales ascienden a 77 desde iniciada la pandemia.<\/p>\n\n\n\n<p>En cuanto a la ocupaci\u00f3n de camas arriba 75% en terapia intensiva en el sistema de salud mercedino.<\/p>\n\n\n\n<div class=\"wp-block-image\"><figure class=\"aligncenter size-large\"><img loading=\"lazy\" decoding=\"async\" width=\"800\" height=\"800\" data-attachment-id=\"129103\" data-permalink=\"https:\/\/www.hoymercedes.com.ar\/principal\/2021\/04\/27\/segunda-ola-1-fallecido-y-36-nuevos-positivos-con-ocupacion-de-camas-que-no-desciende\/27-04-2021\/#main\" data-orig-file=\"https:\/\/www.hoymercedes.com.ar\/principal\/wp-content\/uploads\/2021\/04\/27.04.2021.jpg\" data-orig-size=\"800,800\" data-comments-opened=\"0\" data-image-meta=\"{&quot;aperture&quot;:&quot;0&quot;,&quot;credit&quot;:&quot;&quot;,&quot;camera&quot;:&quot;&quot;,&quot;caption&quot;:&quot;&quot;,&quot;created_timestamp&quot;:&quot;0&quot;,&quot;copyright&quot;:&quot;&quot;,&quot;focal_length&quot;:&quot;0&quot;,&quot;iso&quot;:&quot;0&quot;,&quot;shutter_speed&quot;:&quot;0&quot;,&quot;title&quot;:&quot;&quot;,&quot;orientation&quot;:&quot;0&quot;}\" data-image-title=\"27.04.2021\" data-image-description=\"\" data-image-caption=\"\" data-large-file=\"https:\/\/www.hoymercedes.com.ar\/principal\/wp-content\/uploads\/2021\/04\/27.04.2021.jpg\" src=\"https:\/\/www.hoymercedes.com.ar\/principal\/wp-content\/uploads\/2021\/04\/27.04.2021.jpg\" alt=\"\" class=\"wp-image-129103\" srcset=\"https:\/\/www.hoymercedes.com.ar\/principal\/wp-content\/uploads\/2021\/04\/27.04.2021.jpg 800w, https:\/\/www.hoymercedes.com.ar\/principal\/wp-content\/uploads\/2021\/04\/27.04.2021-620x620.jpg 620w, https:\/\/www.hoymercedes.com.ar\/principal\/wp-content\/uploads\/2021\/04\/27.04.2021-150x150.jpg 150w\" sizes=\"auto, (max-width: 800px) 100vw, 800px\" \/><\/figure><\/div>\n","protected":false},"excerpt":{"rendered":"<p>Lamentamos informar el fallecimiento de un paciente de 74 a\u00f1os de edad portador del virus en el marco de la &#8230; <a title=\"Segunda ola: 1 fallecido y 36 nuevos positivos con ocupaci\u00f3n de camas que no desciende\" class=\"read-more\" href=\"https:\/\/www.hoymercedes.com.ar\/principal\/2021\/04\/27\/segunda-ola-1-fallecido-y-36-nuevos-positivos-con-ocupacion-de-camas-que-no-desciende\/\" aria-label=\"Leer m\u00e1s sobre Segunda ola: 1 fallecido y 36 nuevos positivos con ocupaci\u00f3n de camas que no desciende\">Leer m\u00e1s<\/a><\/p>\n","protected":false},"author":1,"featured_media":129103,"comment_status":"closed","ping_status":"open","sticky":false,"template":"","format":"standard","meta":{"_monsterinsights_skip_tracking":false,"_monsterinsights_sitenote_active":false,"_monsterinsights_sitenote_note":"","_monsterinsights_sitenote_category":0,"jetpack_post_was_ever_published":false,"_jetpack_newsletter_access":"","_jetpack_dont_email_post_to_subs":false,"_jetpack_newsletter_tier_id":0,"_jetpack_memberships_contains_paywalled_content":false,"_jetpack_memberships_contains_paid_content":false,"footnotes":"","jetpack_publicize_message":"","jetpack_publicize_feature_enabled":true,"jetpack_social_post_already_shared":true,"jetpack_social_options":{"image_generator_settings":{"template":"highway","default_image_id":0,"font":"","enabled":false},"version":2},"_wpas_customize_per_network":false},"categories":[9791],"tags":[16175,16655,11433,17562],"class_list":["post-129102","post","type-post","status-publish","format-standard","has-post-thumbnail","hentry","category-salud","tag-coronavirus","tag-covid-mercedes","tag-fallecido","tag-parte-del-dia","generate-columns","tablet-grid-50","mobile-grid-100","grid-parent","grid-50"],"jetpack_publicize_connections":[],"jetpack_featured_media_url":"https:\/\/www.hoymercedes.com.ar\/principal\/wp-content\/uploads\/2021\/04\/27.04.2021.jpg","wps_subtitle":"#Coronavirus","jetpack_sharing_enabled":true,"_links":{"self":[{"href":"https:\/\/www.hoymercedes.com.ar\/principal\/wp-json\/wp\/v2\/posts\/129102","targetHints":{"allow":["GET"]}}],"collection":[{"href":"https:\/\/www.hoymercedes.com.ar\/principal\/wp-json\/wp\/v2\/posts"}],"about":[{"href":"https:\/\/www.hoymercedes.com.ar\/principal\/wp-json\/wp\/v2\/types\/post"}],"author":[{"embeddable":true,"href":"https:\/\/www.hoymercedes.com.ar\/principal\/wp-json\/wp\/v2\/users\/1"}],"replies":[{"embeddable":true,"href":"https:\/\/www.hoymercedes.com.ar\/principal\/wp-json\/wp\/v2\/comments?post=129102"}],"version-history":[{"count":0,"href":"https:\/\/www.hoymercedes.com.ar\/principal\/wp-json\/wp\/v2\/posts\/129102\/revisions"}],"wp:featuredmedia":[{"embeddable":true,"href":"https:\/\/www.hoymercedes.com.ar\/principal\/wp-json\/wp\/v2\/media\/129103"}],"wp:attachment":[{"href":"https:\/\/www.hoymercedes.com.ar\/principal\/wp-json\/wp\/v2\/media?parent=129102"}],"wp:term":[{"taxonomy":"category","embeddable":true,"href":"https:\/\/www.hoymercedes.com.ar\/principal\/wp-json\/wp\/v2\/categories?post=129102"},{"taxonomy":"post_tag","embeddable":true,"href":"https:\/\/www.hoymercedes.com.ar\/principal\/wp-json\/wp\/v2\/tags?post=129102"}],"curies":[{"name":"wp","href":"https:\/\/api.w.org\/{rel}","templated":true}]}}