{"id":129149,"date":"2021-04-28T21:00:00","date_gmt":"2021-04-29T00:00:00","guid":{"rendered":"https:\/\/www.hoymercedes.com.ar\/principal\/?p=129149"},"modified":"2021-04-28T20:43:48","modified_gmt":"2021-04-28T23:43:48","slug":"plan-de-vacunacion-y-el-positivo-impacto-en-adultos-mayores","status":"publish","type":"post","link":"https:\/\/www.hoymercedes.com.ar\/principal\/2021\/04\/28\/plan-de-vacunacion-y-el-positivo-impacto-en-adultos-mayores\/","title":{"rendered":"Plan de vacunaci\u00f3n y el positivo impacto en adultos mayores"},"content":{"rendered":"\n<figure class=\"wp-block-image size-large\"><img loading=\"lazy\" decoding=\"async\" width=\"939\" height=\"626\" data-attachment-id=\"129152\" data-permalink=\"https:\/\/www.hoymercedes.com.ar\/principal\/2021\/04\/28\/plan-de-vacunacion-y-el-positivo-impacto-en-adultos-mayores\/dsc05608\/#main\" data-orig-file=\"https:\/\/www.hoymercedes.com.ar\/principal\/wp-content\/uploads\/2021\/04\/DSC05608.jpg\" data-orig-size=\"939,626\" data-comments-opened=\"0\" data-image-meta=\"{&quot;aperture&quot;:&quot;0&quot;,&quot;credit&quot;:&quot;&quot;,&quot;camera&quot;:&quot;&quot;,&quot;caption&quot;:&quot;&quot;,&quot;created_timestamp&quot;:&quot;0&quot;,&quot;copyright&quot;:&quot;&quot;,&quot;focal_length&quot;:&quot;0&quot;,&quot;iso&quot;:&quot;0&quot;,&quot;shutter_speed&quot;:&quot;0&quot;,&quot;title&quot;:&quot;&quot;,&quot;orientation&quot;:&quot;0&quot;}\" data-image-title=\"DSC05608\" data-image-description=\"\" data-image-caption=\"\" data-large-file=\"https:\/\/www.hoymercedes.com.ar\/principal\/wp-content\/uploads\/2021\/04\/DSC05608.jpg\" src=\"https:\/\/www.hoymercedes.com.ar\/principal\/wp-content\/uploads\/2021\/04\/DSC05608.jpg\" alt=\"\" class=\"wp-image-129152\" srcset=\"https:\/\/www.hoymercedes.com.ar\/principal\/wp-content\/uploads\/2021\/04\/DSC05608.jpg 939w, https:\/\/www.hoymercedes.com.ar\/principal\/wp-content\/uploads\/2021\/04\/DSC05608-630x420.jpg 630w, https:\/\/www.hoymercedes.com.ar\/principal\/wp-content\/uploads\/2021\/04\/DSC05608-150x100.jpg 150w\" sizes=\"auto, (max-width: 939px) 100vw, 939px\" \/><\/figure>\n\n\n\n<p>El covid-19 sigue golpeando a las sociedades de todo el mundo. El a\u00f1o pasado los adultos mayores eran sin duda el sector m\u00e1s vulnerable. Desde geri\u00e1tricos a los barrios. En todos lados era una gran preocupaci\u00f3n que se sostiene, pero gracias a la inoculaci\u00f3n el panorama de este sector denominado \u201cpoblaci\u00f3n objetivo\u201d viene mejorando.<\/p>\n\n\n\n<p>&nbsp;\u201cLas instituciones geri\u00e1tricas han pasado por duras situaciones con el Covid. Ya hoy en d\u00eda, 16 instituciones tienen las dos dosis de vacunas aplicadas y eso nos da una alegr\u00eda enorme. Pero eso no significa que se hayan relajado los protocolos ni nada\u201d, agreg\u00f3 Victoria Odell, directora de Adultos Mayores de la ciudad.<\/p>\n\n\n\n<p>Otro problema que se suscitaba el a\u00f1o pasado era el tr\u00e1nsito del virus a trav\u00e9s del personal de la salud que trabaja en los hogares o geri\u00e1tricos. Estas personas muchas veces eran los transmisores involuntarios del Covid. \u201cEs muy importante tambi\u00e9n la vacunaci\u00f3n que se dio en el personal de salud que nos ayud\u00f3 a tener mayores cuidados todav\u00eda con los adultos mayores\u201d, enfatiz\u00f3 Odell.<\/p>\n\n\n\n<p>La Direcci\u00f3n de Adultos Mayores es un \u00e1rea municipal muy activa. Ha realizado actividades pedag\u00f3gicas, encuentros, procesos de inclusi\u00f3n, de cuidado de la salud, e incluso hasta una comparsa. La pandemia dej\u00f3 de lado muchas actividades sociales y recreativas y desde la direcci\u00f3n tuvieron que reformular estrategias.<\/p>\n\n\n\n<p>\u201cFue un aprendizaje para muchos los que no pas\u00f3 el a\u00f1o pasado. Estamos trabajando a trav\u00e9s de distintos medios tecnol\u00f3gicos con los abuelos. Hemos hasta llevado actividades a los domicilios y despu\u00e9s las hemos retirado. Hicimos actividades para el D\u00eda del Ni\u00f1o y adem\u00e1s seguimos trabajando con las abuelas tejedoras\u201d, cont\u00f3 Victoria Odell.<\/p>\n","protected":false},"excerpt":{"rendered":"<p>El covid-19 sigue golpeando a las sociedades de todo el mundo. El a\u00f1o pasado los adultos mayores eran sin duda &#8230; <a title=\"Plan de vacunaci\u00f3n y el positivo impacto en adultos mayores\" class=\"read-more\" href=\"https:\/\/www.hoymercedes.com.ar\/principal\/2021\/04\/28\/plan-de-vacunacion-y-el-positivo-impacto-en-adultos-mayores\/\" aria-label=\"Leer m\u00e1s sobre Plan de vacunaci\u00f3n y el positivo impacto en adultos mayores\">Leer m\u00e1s<\/a><\/p>\n","protected":false},"author":1,"featured_media":129152,"comment_status":"closed","ping_status":"open","sticky":false,"template":"","format":"standard","meta":{"_monsterinsights_skip_tracking":false,"_monsterinsights_sitenote_active":false,"_monsterinsights_sitenote_note":"","_monsterinsights_sitenote_category":0,"jetpack_post_was_ever_published":false,"_jetpack_newsletter_access":"","_jetpack_dont_email_post_to_subs":false,"_jetpack_newsletter_tier_id":0,"_jetpack_memberships_contains_paywalled_content":false,"_jetpack_memberships_contains_paid_content":false,"footnotes":"","jetpack_publicize_message":"","jetpack_publicize_feature_enabled":true,"jetpack_social_post_already_shared":true,"jetpack_social_options":{"image_generator_settings":{"template":"highway","default_image_id":0,"font":"","enabled":false},"version":2},"_wpas_customize_per_network":false},"categories":[30],"tags":[17742],"class_list":["post-129149","post","type-post","status-publish","format-standard","has-post-thumbnail","hentry","category-municipio","tag-vacunacion-contra-el-covid","generate-columns","tablet-grid-50","mobile-grid-100","grid-parent","grid-50"],"jetpack_publicize_connections":[],"jetpack_featured_media_url":"https:\/\/www.hoymercedes.com.ar\/principal\/wp-content\/uploads\/2021\/04\/DSC05608.jpg","wps_subtitle":"Campa\u00f1a de vacunaci\u00f3n","jetpack_sharing_enabled":true,"_links":{"self":[{"href":"https:\/\/www.hoymercedes.com.ar\/principal\/wp-json\/wp\/v2\/posts\/129149","targetHints":{"allow":["GET"]}}],"collection":[{"href":"https:\/\/www.hoymercedes.com.ar\/principal\/wp-json\/wp\/v2\/posts"}],"about":[{"href":"https:\/\/www.hoymercedes.com.ar\/principal\/wp-json\/wp\/v2\/types\/post"}],"author":[{"embeddable":true,"href":"https:\/\/www.hoymercedes.com.ar\/principal\/wp-json\/wp\/v2\/users\/1"}],"replies":[{"embeddable":true,"href":"https:\/\/www.hoymercedes.com.ar\/principal\/wp-json\/wp\/v2\/comments?post=129149"}],"version-history":[{"count":0,"href":"https:\/\/www.hoymercedes.com.ar\/principal\/wp-json\/wp\/v2\/posts\/129149\/revisions"}],"wp:featuredmedia":[{"embeddable":true,"href":"https:\/\/www.hoymercedes.com.ar\/principal\/wp-json\/wp\/v2\/media\/129152"}],"wp:attachment":[{"href":"https:\/\/www.hoymercedes.com.ar\/principal\/wp-json\/wp\/v2\/media?parent=129149"}],"wp:term":[{"taxonomy":"category","embeddable":true,"href":"https:\/\/www.hoymercedes.com.ar\/principal\/wp-json\/wp\/v2\/categories?post=129149"},{"taxonomy":"post_tag","embeddable":true,"href":"https:\/\/www.hoymercedes.com.ar\/principal\/wp-json\/wp\/v2\/tags?post=129149"}],"curies":[{"name":"wp","href":"https:\/\/api.w.org\/{rel}","templated":true}]}}