{"id":129283,"date":"2021-04-30T18:28:55","date_gmt":"2021-04-30T21:28:55","guid":{"rendered":"https:\/\/www.hoymercedes.com.ar\/principal\/?p=129283"},"modified":"2021-04-30T18:46:15","modified_gmt":"2021-04-30T21:46:15","slug":"concejales-sesionaron-de-manera-presencial-y-virtual","status":"publish","type":"post","link":"https:\/\/www.hoymercedes.com.ar\/principal\/2021\/04\/30\/concejales-sesionaron-de-manera-presencial-y-virtual\/","title":{"rendered":"Concejales sesionaron de manera presencial y virtual"},"content":{"rendered":"\n<p>Tras la postergaci\u00f3n de la sesi\u00f3n ordinaria prevista para el lunes pasado, durante la tarde del viernes, el Concejo Deliberante de Mercedes sesion\u00f3 con dos modalidades en paralelas. Mientras en el recinto se encontraban la presidencia del cuerpo, los tres presidentes de bloques y la secretar\u00eda, a trav\u00e9s de una plataforma virtual participaron el resto de los concejales que pudieron votar y hablar desde sus casas u oficinas. <\/p>\n\n\n\n<figure class=\"wp-block-gallery columns-3 is-cropped wp-block-gallery-1 is-layout-flex wp-block-gallery-is-layout-flex\"><ul class=\"blocks-gallery-grid\"><li class=\"blocks-gallery-item\"><figure><img loading=\"lazy\" decoding=\"async\" width=\"800\" height=\"534\" data-attachment-id=\"129284\" data-permalink=\"https:\/\/www.hoymercedes.com.ar\/principal\/2021\/04\/30\/concejales-sesionaron-de-manera-presencial-y-virtual\/30-sesion-4\/#main\" data-orig-file=\"https:\/\/www.hoymercedes.com.ar\/principal\/wp-content\/uploads\/2021\/04\/30-sesion-4.png\" data-orig-size=\"800,534\" data-comments-opened=\"0\" data-image-meta=\"{&quot;aperture&quot;:&quot;0&quot;,&quot;credit&quot;:&quot;&quot;,&quot;camera&quot;:&quot;&quot;,&quot;caption&quot;:&quot;&quot;,&quot;created_timestamp&quot;:&quot;0&quot;,&quot;copyright&quot;:&quot;&quot;,&quot;focal_length&quot;:&quot;0&quot;,&quot;iso&quot;:&quot;0&quot;,&quot;shutter_speed&quot;:&quot;0&quot;,&quot;title&quot;:&quot;&quot;,&quot;orientation&quot;:&quot;0&quot;}\" data-image-title=\"30-sesion-4\" data-image-description=\"\" data-image-caption=\"\" data-large-file=\"https:\/\/www.hoymercedes.com.ar\/principal\/wp-content\/uploads\/2021\/04\/30-sesion-4.png\" src=\"https:\/\/www.hoymercedes.com.ar\/principal\/wp-content\/uploads\/2021\/04\/30-sesion-4.png\" alt=\"\" data-id=\"129284\" data-full-url=\"https:\/\/www.hoymercedes.com.ar\/principal\/wp-content\/uploads\/2021\/04\/30-sesion-4.png\" data-link=\"https:\/\/www.hoymercedes.com.ar\/principal\/?attachment_id=129284\" class=\"wp-image-129284\" srcset=\"https:\/\/www.hoymercedes.com.ar\/principal\/wp-content\/uploads\/2021\/04\/30-sesion-4.png 800w, https:\/\/www.hoymercedes.com.ar\/principal\/wp-content\/uploads\/2021\/04\/30-sesion-4-630x421.png 630w, https:\/\/www.hoymercedes.com.ar\/principal\/wp-content\/uploads\/2021\/04\/30-sesion-4-150x100.png 150w\" sizes=\"auto, (max-width: 800px) 100vw, 800px\" \/><\/figure><\/li><li class=\"blocks-gallery-item\"><figure><img loading=\"lazy\" decoding=\"async\" width=\"800\" height=\"534\" data-attachment-id=\"129286\" data-permalink=\"https:\/\/www.hoymercedes.com.ar\/principal\/2021\/04\/30\/concejales-sesionaron-de-manera-presencial-y-virtual\/30-sesion-2\/#main\" data-orig-file=\"https:\/\/www.hoymercedes.com.ar\/principal\/wp-content\/uploads\/2021\/04\/30-sesion-2.png\" data-orig-size=\"800,534\" data-comments-opened=\"0\" data-image-meta=\"{&quot;aperture&quot;:&quot;0&quot;,&quot;credit&quot;:&quot;&quot;,&quot;camera&quot;:&quot;&quot;,&quot;caption&quot;:&quot;&quot;,&quot;created_timestamp&quot;:&quot;0&quot;,&quot;copyright&quot;:&quot;&quot;,&quot;focal_length&quot;:&quot;0&quot;,&quot;iso&quot;:&quot;0&quot;,&quot;shutter_speed&quot;:&quot;0&quot;,&quot;title&quot;:&quot;&quot;,&quot;orientation&quot;:&quot;0&quot;}\" data-image-title=\"30-sesion-2\" data-image-description=\"\" data-image-caption=\"\" data-large-file=\"https:\/\/www.hoymercedes.com.ar\/principal\/wp-content\/uploads\/2021\/04\/30-sesion-2.png\" src=\"https:\/\/www.hoymercedes.com.ar\/principal\/wp-content\/uploads\/2021\/04\/30-sesion-2.png\" alt=\"\" data-id=\"129286\" data-full-url=\"https:\/\/www.hoymercedes.com.ar\/principal\/wp-content\/uploads\/2021\/04\/30-sesion-2.png\" data-link=\"https:\/\/www.hoymercedes.com.ar\/principal\/?attachment_id=129286\" class=\"wp-image-129286\" srcset=\"https:\/\/www.hoymercedes.com.ar\/principal\/wp-content\/uploads\/2021\/04\/30-sesion-2.png 800w, https:\/\/www.hoymercedes.com.ar\/principal\/wp-content\/uploads\/2021\/04\/30-sesion-2-630x421.png 630w, https:\/\/www.hoymercedes.com.ar\/principal\/wp-content\/uploads\/2021\/04\/30-sesion-2-150x100.png 150w\" sizes=\"auto, (max-width: 800px) 100vw, 800px\" \/><\/figure><\/li><li class=\"blocks-gallery-item\"><figure><img loading=\"lazy\" decoding=\"async\" width=\"800\" height=\"533\" data-attachment-id=\"129287\" data-permalink=\"https:\/\/www.hoymercedes.com.ar\/principal\/2021\/04\/30\/concejales-sesionaron-de-manera-presencial-y-virtual\/30-sesion-1\/#main\" data-orig-file=\"https:\/\/www.hoymercedes.com.ar\/principal\/wp-content\/uploads\/2021\/04\/30-sesion-1.png\" data-orig-size=\"800,533\" data-comments-opened=\"0\" data-image-meta=\"{&quot;aperture&quot;:&quot;0&quot;,&quot;credit&quot;:&quot;&quot;,&quot;camera&quot;:&quot;&quot;,&quot;caption&quot;:&quot;&quot;,&quot;created_timestamp&quot;:&quot;0&quot;,&quot;copyright&quot;:&quot;&quot;,&quot;focal_length&quot;:&quot;0&quot;,&quot;iso&quot;:&quot;0&quot;,&quot;shutter_speed&quot;:&quot;0&quot;,&quot;title&quot;:&quot;&quot;,&quot;orientation&quot;:&quot;0&quot;}\" data-image-title=\"30-sesion-1\" data-image-description=\"\" data-image-caption=\"\" data-large-file=\"https:\/\/www.hoymercedes.com.ar\/principal\/wp-content\/uploads\/2021\/04\/30-sesion-1.png\" src=\"https:\/\/www.hoymercedes.com.ar\/principal\/wp-content\/uploads\/2021\/04\/30-sesion-1.png\" alt=\"\" data-id=\"129287\" data-full-url=\"https:\/\/www.hoymercedes.com.ar\/principal\/wp-content\/uploads\/2021\/04\/30-sesion-1.png\" data-link=\"https:\/\/www.hoymercedes.com.ar\/principal\/?attachment_id=129287\" class=\"wp-image-129287\" srcset=\"https:\/\/www.hoymercedes.com.ar\/principal\/wp-content\/uploads\/2021\/04\/30-sesion-1.png 800w, https:\/\/www.hoymercedes.com.ar\/principal\/wp-content\/uploads\/2021\/04\/30-sesion-1-630x420.png 630w, https:\/\/www.hoymercedes.com.ar\/principal\/wp-content\/uploads\/2021\/04\/30-sesion-1-150x100.png 150w, https:\/\/www.hoymercedes.com.ar\/principal\/wp-content\/uploads\/2021\/04\/30-sesion-1-700x465.png 700w\" sizes=\"auto, (max-width: 800px) 100vw, 800px\" \/><\/figure><\/li><li class=\"blocks-gallery-item\"><figure><img loading=\"lazy\" decoding=\"async\" width=\"800\" height=\"534\" data-attachment-id=\"129285\" data-permalink=\"https:\/\/www.hoymercedes.com.ar\/principal\/2021\/04\/30\/concejales-sesionaron-de-manera-presencial-y-virtual\/30-sesion-3\/#main\" data-orig-file=\"https:\/\/www.hoymercedes.com.ar\/principal\/wp-content\/uploads\/2021\/04\/30-sesion-3.png\" data-orig-size=\"800,534\" data-comments-opened=\"0\" data-image-meta=\"{&quot;aperture&quot;:&quot;0&quot;,&quot;credit&quot;:&quot;&quot;,&quot;camera&quot;:&quot;&quot;,&quot;caption&quot;:&quot;&quot;,&quot;created_timestamp&quot;:&quot;0&quot;,&quot;copyright&quot;:&quot;&quot;,&quot;focal_length&quot;:&quot;0&quot;,&quot;iso&quot;:&quot;0&quot;,&quot;shutter_speed&quot;:&quot;0&quot;,&quot;title&quot;:&quot;&quot;,&quot;orientation&quot;:&quot;0&quot;}\" data-image-title=\"30-sesion-3\" data-image-description=\"\" data-image-caption=\"\" data-large-file=\"https:\/\/www.hoymercedes.com.ar\/principal\/wp-content\/uploads\/2021\/04\/30-sesion-3.png\" src=\"https:\/\/www.hoymercedes.com.ar\/principal\/wp-content\/uploads\/2021\/04\/30-sesion-3.png\" alt=\"\" data-id=\"129285\" data-full-url=\"https:\/\/www.hoymercedes.com.ar\/principal\/wp-content\/uploads\/2021\/04\/30-sesion-3.png\" data-link=\"https:\/\/www.hoymercedes.com.ar\/principal\/?attachment_id=129285\" class=\"wp-image-129285\" srcset=\"https:\/\/www.hoymercedes.com.ar\/principal\/wp-content\/uploads\/2021\/04\/30-sesion-3.png 800w, https:\/\/www.hoymercedes.com.ar\/principal\/wp-content\/uploads\/2021\/04\/30-sesion-3-630x421.png 630w, https:\/\/www.hoymercedes.com.ar\/principal\/wp-content\/uploads\/2021\/04\/30-sesion-3-150x100.png 150w\" sizes=\"auto, (max-width: 800px) 100vw, 800px\" \/><\/figure><\/li><\/ul><\/figure>\n\n\n\n<p>Promediando la tarde de este viernes, en el recinto se dieron cita, el presidente del HCD Mercedes, Mat\u00edas Dematei, la secretaria del cuerpo Yolanda Gorosito y los tres presidentes de los bloques de concejales Mariana San Mart\u00edn (Frente de Todos), Sabrina Vi\u00f1ales (Partido Fe) y Edgard Killmeatte (Juntos por el Cambio). Mientras tanto, del otro lado de una pantalla, pudo verse al resto de los concejales de los bloques que levantaban la mano y prend\u00edan sus micr\u00f3fonos a medida que quer\u00edan tomar la palabra. <\/p>\n\n\n\n<p>Al principio, la sesi\u00f3n parec\u00eda algo confusa y de hecho empez\u00f3 una poco m\u00e1s tarde del horario convocado. No obstante, en casi una hora, pudieron llevar a<a href=\"https:\/\/www.hoymercedes.com.ar\/principal\/2021\/04\/26\/postergan-sesion-del-hcd-de-este-lunes\/\" data-type=\"post\" data-id=\"129000\">delante la sesi\u00f3n <\/a>en la cual aprobaron algunos proyectos, derivaron otros para ser trabajados en las comisiones espec\u00edficas que mantienen sus reuniones semanales e ingresaron propuestas nuevas para ser analizadas.<\/p>\n\n\n\n<p>Una experiencia para los legisladores de la ciudad que presentaron los inconvenientes t\u00e9cnicos frecuentes de una primera vez en esto de mezclar la presencialidad con la virtualidad que caus\u00f3 risas varias entre los presentes. Cabe destacarse que entre los leguisladores, se comunicaron con una plataforma de video llamadas, mientras que a la vez, se transimiti\u00f3 en vivo desde el perfil del Concejo Deliberante de la red social facebook. <\/p>\n\n\n\n<p>Mira la sesi\u00f3n. <\/p>\n\n\n\n<figure class=\"wp-block-embed is-type-rich is-provider-gestor-del-servicio wp-block-embed-gestor-del-servicio\"><div class=\"wp-block-embed__wrapper\">\n<div class=\"fb-video\" data-allowfullscreen=\"true\" data-href=\"https:\/\/www.facebook.com\/100042549144307\/videos\/478632360231731\/\" style=\"background-color: #fff; display: inline-block;\"><\/div>\n<\/div><\/figure>\n","protected":false},"excerpt":{"rendered":"<p>Tras la postergaci\u00f3n de la sesi\u00f3n ordinaria prevista para el lunes pasado, durante la tarde del viernes, el Concejo Deliberante &#8230; <a title=\"Concejales sesionaron de manera presencial y virtual\" class=\"read-more\" href=\"https:\/\/www.hoymercedes.com.ar\/principal\/2021\/04\/30\/concejales-sesionaron-de-manera-presencial-y-virtual\/\" aria-label=\"Leer m\u00e1s sobre Concejales sesionaron de manera presencial y virtual\">Leer m\u00e1s<\/a><\/p>\n","protected":false},"author":1,"featured_media":129285,"comment_status":"closed","ping_status":"open","sticky":false,"template":"","format":"standard","meta":{"_monsterinsights_skip_tracking":false,"_monsterinsights_sitenote_active":false,"_monsterinsights_sitenote_note":"","_monsterinsights_sitenote_category":0,"jetpack_post_was_ever_published":false,"_jetpack_newsletter_access":"","_jetpack_dont_email_post_to_subs":false,"_jetpack_newsletter_tier_id":0,"_jetpack_memberships_contains_paywalled_content":false,"_jetpack_memberships_contains_paid_content":false,"footnotes":"","jetpack_publicize_message":"","jetpack_publicize_feature_enabled":true,"jetpack_social_post_already_shared":true,"jetpack_social_options":{"image_generator_settings":{"template":"highway","default_image_id":0,"font":"","enabled":false},"version":2},"_wpas_customize_per_network":false},"categories":[5],"tags":[],"class_list":["post-129283","post","type-post","status-publish","format-standard","has-post-thumbnail","hentry","category-politica","generate-columns","tablet-grid-50","mobile-grid-100","grid-parent","grid-50"],"jetpack_publicize_connections":[],"jetpack_featured_media_url":"https:\/\/www.hoymercedes.com.ar\/principal\/wp-content\/uploads\/2021\/04\/30-sesion-3.png","wps_subtitle":"","jetpack_sharing_enabled":true,"_links":{"self":[{"href":"https:\/\/www.hoymercedes.com.ar\/principal\/wp-json\/wp\/v2\/posts\/129283","targetHints":{"allow":["GET"]}}],"collection":[{"href":"https:\/\/www.hoymercedes.com.ar\/principal\/wp-json\/wp\/v2\/posts"}],"about":[{"href":"https:\/\/www.hoymercedes.com.ar\/principal\/wp-json\/wp\/v2\/types\/post"}],"author":[{"embeddable":true,"href":"https:\/\/www.hoymercedes.com.ar\/principal\/wp-json\/wp\/v2\/users\/1"}],"replies":[{"embeddable":true,"href":"https:\/\/www.hoymercedes.com.ar\/principal\/wp-json\/wp\/v2\/comments?post=129283"}],"version-history":[{"count":0,"href":"https:\/\/www.hoymercedes.com.ar\/principal\/wp-json\/wp\/v2\/posts\/129283\/revisions"}],"wp:featuredmedia":[{"embeddable":true,"href":"https:\/\/www.hoymercedes.com.ar\/principal\/wp-json\/wp\/v2\/media\/129285"}],"wp:attachment":[{"href":"https:\/\/www.hoymercedes.com.ar\/principal\/wp-json\/wp\/v2\/media?parent=129283"}],"wp:term":[{"taxonomy":"category","embeddable":true,"href":"https:\/\/www.hoymercedes.com.ar\/principal\/wp-json\/wp\/v2\/categories?post=129283"},{"taxonomy":"post_tag","embeddable":true,"href":"https:\/\/www.hoymercedes.com.ar\/principal\/wp-json\/wp\/v2\/tags?post=129283"}],"curies":[{"name":"wp","href":"https:\/\/api.w.org\/{rel}","templated":true}]}}