{"id":12929,"date":"2012-05-16T11:36:25","date_gmt":"2012-05-16T11:36:25","guid":{"rendered":"http:\/\/www.hoymercedes.com.ar\/principal\/?p=12929"},"modified":"2012-05-16T11:36:25","modified_gmt":"2012-05-16T11:36:25","slug":"trabajadores-judiciales-continuan-con-medidas-de-lucha","status":"publish","type":"post","link":"https:\/\/www.hoymercedes.com.ar\/principal\/2012\/05\/16\/trabajadores-judiciales-continuan-con-medidas-de-lucha\/","title":{"rendered":"Trabajadores judiciales contin\u00faan con medidas de lucha"},"content":{"rendered":"<p>La AJB entiende que el Ministerio de Trabajo de la Provincia es parte involucrada en el conflicto por lo tanto no puede aplicar unilateralmente la conciliaci\u00f3n, ese es el motivo por lo cual la desconocen y hasta consideran ilegal.<\/p>\n<p>A pesar que durante la tarde del viernes pasado se conoci\u00f3 la resoluci\u00f3n del Ministerio de Trabajo de la Provincia de decretar con la firma de su titular el Ministro Oscar Cuartango, la conciliaci\u00f3n obligatoria en el conflicto generado, ello indica que las partes deben volver al comienzo del conflicto por lo cual por el momento quedaban suspendidas las asambleas y los paros, pero no fue as\u00ed ya que la Asociaci\u00f3n Judicial Bonaerense sigui\u00f3 ayer adelante con su programa de lucha y protesta realizando en nuestra ciudad a partir de las 8.00hs. una asamblea y a su finalizaci\u00f3n un importante retiro de trabajadores que dejaron varia dependencias tribunalicias sin atenci\u00f3n.<\/p>\n<p>El Secretario General de la AJB Mercedes junto a otros dirigentes locales viajaron ayer a la ciudad de La Plata para participar de reuniones programadas por la Mesa de Conducci\u00f3n Provincial del Gremio, preparando lo que ser\u00e1 para este martes un paro judicial a nivel nacional con una concentraci\u00f3n que promete ser muy importante en Capital Federal.<\/p>\n<p>Consultados los dirigentes que se encontraban ayer el la sede de la AJB ocal en la calle 22 acerca de la conciliaci\u00f3n obligatoria respondieron\u201d la conciliaci\u00f3n fue determinada y dictada por el Ministerio de Trabajo de la Provincia de Buenos Aires, justamente una de las es patas del conflicto existente en estos momentos por o tanto volvemos a la discusi\u00f3n de siempre, de muchos a\u00f1o acerca de la validez de la misma porque todos entienden que de ninguna manera se puede ser juez y parte en un conflicto, realmente no tiene ningun sentido sentarse a cnbversar con un sector que al mismo tiempo es que debe dictaminar justicia pero da la casualidad que es una de las pates involucradas, es decir el gobierno de la provincia es parte primordial en el conflicto y el Ministerio de Trabajo depende directamente de las ordenes que emanen desde el propio gobernador Daniel Scioli, eso nos da la posibilidad a nosotros de declarar directamente inconstitucional la Conciliaci\u00f3n Obligatoria dictada por el Ministerio, y atenci\u00f3n que a lo largo de los \u00faltimos a\u00f1os han sido varias las oportunidades en el que lo hicieron y nunca tuvieron un resultado ampliamente satisfactorio.<\/p>\n<p>Por lo tanto hoy finalizada la asamblea hubo un grupo importante de compa\u00f1eros que decidieron retirarse y directamente ma\u00f1ana (por hoy) no ir\u00e1n ya que como se sabe se hace la gran protesta judicial a nivel nacional con una marcha que esperamos sea espectacular en la Capital Federal\u201d.<\/p>\n","protected":false},"excerpt":{"rendered":"<p>La AJB entiende que el Ministerio de Trabajo de la Provincia es parte involucrada en el conflicto por lo tanto &#8230; <a title=\"Trabajadores judiciales contin\u00faan con medidas de lucha\" class=\"read-more\" href=\"https:\/\/www.hoymercedes.com.ar\/principal\/2012\/05\/16\/trabajadores-judiciales-continuan-con-medidas-de-lucha\/\" aria-label=\"Leer m\u00e1s sobre Trabajadores judiciales contin\u00faan con medidas de lucha\">Leer m\u00e1s<\/a><\/p>\n","protected":false},"author":1,"featured_media":0,"comment_status":"open","ping_status":"open","sticky":false,"template":"","format":"standard","meta":{"_monsterinsights_skip_tracking":false,"_monsterinsights_sitenote_active":false,"_monsterinsights_sitenote_note":"","_monsterinsights_sitenote_category":0,"jetpack_post_was_ever_published":false,"_jetpack_newsletter_access":"","_jetpack_dont_email_post_to_subs":false,"_jetpack_newsletter_tier_id":0,"_jetpack_memberships_contains_paywalled_content":false,"_jetpack_memberships_contains_paid_content":false,"footnotes":"","jetpack_publicize_message":"","jetpack_publicize_feature_enabled":true,"jetpack_social_post_already_shared":false,"jetpack_social_options":{"image_generator_settings":{"template":"highway","default_image_id":0,"font":"","enabled":false},"version":2},"_wpas_customize_per_network":false},"categories":[1],"tags":[95,2193],"class_list":["post-12929","post","type-post","status-publish","format-standard","hentry","category-opinion","tag-ajb","tag-trabajadores-judiciales","generate-columns","tablet-grid-50","mobile-grid-100","grid-parent","grid-50"],"jetpack_publicize_connections":[],"jetpack_featured_media_url":"","wps_subtitle":"","jetpack_sharing_enabled":true,"_links":{"self":[{"href":"https:\/\/www.hoymercedes.com.ar\/principal\/wp-json\/wp\/v2\/posts\/12929","targetHints":{"allow":["GET"]}}],"collection":[{"href":"https:\/\/www.hoymercedes.com.ar\/principal\/wp-json\/wp\/v2\/posts"}],"about":[{"href":"https:\/\/www.hoymercedes.com.ar\/principal\/wp-json\/wp\/v2\/types\/post"}],"author":[{"embeddable":true,"href":"https:\/\/www.hoymercedes.com.ar\/principal\/wp-json\/wp\/v2\/users\/1"}],"replies":[{"embeddable":true,"href":"https:\/\/www.hoymercedes.com.ar\/principal\/wp-json\/wp\/v2\/comments?post=12929"}],"version-history":[{"count":0,"href":"https:\/\/www.hoymercedes.com.ar\/principal\/wp-json\/wp\/v2\/posts\/12929\/revisions"}],"wp:attachment":[{"href":"https:\/\/www.hoymercedes.com.ar\/principal\/wp-json\/wp\/v2\/media?parent=12929"}],"wp:term":[{"taxonomy":"category","embeddable":true,"href":"https:\/\/www.hoymercedes.com.ar\/principal\/wp-json\/wp\/v2\/categories?post=12929"},{"taxonomy":"post_tag","embeddable":true,"href":"https:\/\/www.hoymercedes.com.ar\/principal\/wp-json\/wp\/v2\/tags?post=12929"}],"curies":[{"name":"wp","href":"https:\/\/api.w.org\/{rel}","templated":true}]}}