{"id":129339,"date":"2021-05-01T13:30:00","date_gmt":"2021-05-01T16:30:00","guid":{"rendered":"https:\/\/www.hoymercedes.com.ar\/principal\/?p=129339"},"modified":"2021-05-02T20:59:22","modified_gmt":"2021-05-02T23:59:22","slug":"el-club-velez-recibio-subsidio-para-la-construccion-del-sum","status":"publish","type":"post","link":"https:\/\/www.hoymercedes.com.ar\/principal\/2021\/05\/01\/el-club-velez-recibio-subsidio-para-la-construccion-del-sum\/","title":{"rendered":"El Club Velez recibi\u00f3 subsidio para la construcci\u00f3n del SUM"},"content":{"rendered":"\n<p>En el marco del Programa \u201cEsfuerzos Compartidos\u201d, el Club V\u00e9lez recibi\u00f3 un subsidio de manos del Jefe Comunal . El monto ser\u00e1 destinado para avanzar en la construcci\u00f3n del SUM en el predio que la instituci\u00f3n tiene en la intersecci\u00f3n de las avenidas 1 y 2. \u00a0<\/p>\n\n\n\n<div class=\"wp-block-image\"><figure class=\"aligncenter size-large\"><img loading=\"lazy\" decoding=\"async\" width=\"800\" height=\"534\" data-attachment-id=\"129340\" data-permalink=\"https:\/\/www.hoymercedes.com.ar\/principal\/2021\/05\/01\/el-club-velez-recibio-subsidio-para-la-construccion-del-sum\/dsc06445\/#main\" data-orig-file=\"https:\/\/www.hoymercedes.com.ar\/principal\/wp-content\/uploads\/2021\/05\/DSC06445.jpg\" data-orig-size=\"800,534\" data-comments-opened=\"0\" data-image-meta=\"{&quot;aperture&quot;:&quot;0&quot;,&quot;credit&quot;:&quot;&quot;,&quot;camera&quot;:&quot;&quot;,&quot;caption&quot;:&quot;&quot;,&quot;created_timestamp&quot;:&quot;1619868422&quot;,&quot;copyright&quot;:&quot;&quot;,&quot;focal_length&quot;:&quot;0&quot;,&quot;iso&quot;:&quot;0&quot;,&quot;shutter_speed&quot;:&quot;0&quot;,&quot;title&quot;:&quot;&quot;,&quot;orientation&quot;:&quot;1&quot;}\" data-image-title=\"DSC06445\" data-image-description=\"\" data-image-caption=\"\" data-large-file=\"https:\/\/www.hoymercedes.com.ar\/principal\/wp-content\/uploads\/2021\/05\/DSC06445.jpg\" src=\"https:\/\/www.hoymercedes.com.ar\/principal\/wp-content\/uploads\/2021\/05\/DSC06445.jpg\" alt=\"\" class=\"wp-image-129340\" srcset=\"https:\/\/www.hoymercedes.com.ar\/principal\/wp-content\/uploads\/2021\/05\/DSC06445.jpg 800w, https:\/\/www.hoymercedes.com.ar\/principal\/wp-content\/uploads\/2021\/05\/DSC06445-630x421.jpg 630w, https:\/\/www.hoymercedes.com.ar\/principal\/wp-content\/uploads\/2021\/05\/DSC06445-150x100.jpg 150w\" sizes=\"auto, (max-width: 800px) 100vw, 800px\" \/><\/figure><\/div>\n\n\n\n<p>El presidente del Club V\u00e9lez, Jos\u00e9 Alfonso, recibi\u00f3 el subsidio de manos del Intendente Juan Ignacio Ustarroz. \u201cEste subsidio nos permite comprar todo lo relacionado al techo y poder terminar de pagar otros materiales utilizados en la obra. La obra avanz\u00f3 bien y el SUM ya se encuentra en la parte final, s\u00f3lo restan las canaletas y el techado\u201d, cont\u00f3 sobre el SUM ubicado dentro del campo de deportes y su construcci\u00f3n comenz\u00f3 en el mes de febrero. <\/p>\n\n\n\n<p>Por su parte, el intendente Ustarroz explic\u00f3 que \u201cse trata de un apoyo como los que venimos dando a todos los clubes. Es algo que nos llena de orgullo, seguir gestionando en pos de la inclusi\u00f3n, del desarrollo social y deportivo, de la uni\u00f3n de las y los mercedinos y en ese sentido los clubes son fundamentales\u201d \u00a0<\/p>\n","protected":false},"excerpt":{"rendered":"<p>En el marco del Programa \u201cEsfuerzos Compartidos\u201d, el Club V\u00e9lez recibi\u00f3 un subsidio de manos del Jefe Comunal . El &#8230; <a title=\"El Club Velez recibi\u00f3 subsidio para la construcci\u00f3n del SUM\" class=\"read-more\" href=\"https:\/\/www.hoymercedes.com.ar\/principal\/2021\/05\/01\/el-club-velez-recibio-subsidio-para-la-construccion-del-sum\/\" aria-label=\"Leer m\u00e1s sobre El Club Velez recibi\u00f3 subsidio para la construcci\u00f3n del SUM\">Leer m\u00e1s<\/a><\/p>\n","protected":false},"author":1,"featured_media":129340,"comment_status":"closed","ping_status":"open","sticky":false,"template":"","format":"standard","meta":{"_monsterinsights_skip_tracking":false,"_monsterinsights_sitenote_active":false,"_monsterinsights_sitenote_note":"","_monsterinsights_sitenote_category":0,"jetpack_post_was_ever_published":false,"_jetpack_newsletter_access":"","_jetpack_dont_email_post_to_subs":false,"_jetpack_newsletter_tier_id":0,"_jetpack_memberships_contains_paywalled_content":false,"_jetpack_memberships_contains_paid_content":false,"footnotes":"","jetpack_publicize_message":"","jetpack_publicize_feature_enabled":true,"jetpack_social_post_already_shared":true,"jetpack_social_options":{"image_generator_settings":{"template":"highway","default_image_id":0,"font":"","enabled":false},"version":2},"_wpas_customize_per_network":false},"categories":[21],"tags":[204,244,2843],"class_list":["post-129339","post","type-post","status-publish","format-standard","has-post-thumbnail","hentry","category-deportes","tag-deportes-2","tag-municipio-2","tag-subsidio","generate-columns","tablet-grid-50","mobile-grid-100","grid-parent","grid-50"],"jetpack_publicize_connections":[],"jetpack_featured_media_url":"https:\/\/www.hoymercedes.com.ar\/principal\/wp-content\/uploads\/2021\/05\/DSC06445.jpg","wps_subtitle":"De manos del Municipio","jetpack_sharing_enabled":true,"_links":{"self":[{"href":"https:\/\/www.hoymercedes.com.ar\/principal\/wp-json\/wp\/v2\/posts\/129339","targetHints":{"allow":["GET"]}}],"collection":[{"href":"https:\/\/www.hoymercedes.com.ar\/principal\/wp-json\/wp\/v2\/posts"}],"about":[{"href":"https:\/\/www.hoymercedes.com.ar\/principal\/wp-json\/wp\/v2\/types\/post"}],"author":[{"embeddable":true,"href":"https:\/\/www.hoymercedes.com.ar\/principal\/wp-json\/wp\/v2\/users\/1"}],"replies":[{"embeddable":true,"href":"https:\/\/www.hoymercedes.com.ar\/principal\/wp-json\/wp\/v2\/comments?post=129339"}],"version-history":[{"count":0,"href":"https:\/\/www.hoymercedes.com.ar\/principal\/wp-json\/wp\/v2\/posts\/129339\/revisions"}],"wp:featuredmedia":[{"embeddable":true,"href":"https:\/\/www.hoymercedes.com.ar\/principal\/wp-json\/wp\/v2\/media\/129340"}],"wp:attachment":[{"href":"https:\/\/www.hoymercedes.com.ar\/principal\/wp-json\/wp\/v2\/media?parent=129339"}],"wp:term":[{"taxonomy":"category","embeddable":true,"href":"https:\/\/www.hoymercedes.com.ar\/principal\/wp-json\/wp\/v2\/categories?post=129339"},{"taxonomy":"post_tag","embeddable":true,"href":"https:\/\/www.hoymercedes.com.ar\/principal\/wp-json\/wp\/v2\/tags?post=129339"}],"curies":[{"name":"wp","href":"https:\/\/api.w.org\/{rel}","templated":true}]}}