{"id":12934,"date":"2012-05-16T15:27:28","date_gmt":"2012-05-16T15:27:28","guid":{"rendered":"http:\/\/www.hoymercedes.com.ar\/principal\/?p=12934"},"modified":"2012-05-16T15:27:28","modified_gmt":"2012-05-16T15:27:28","slug":"impulsan-crear-registro-de-accidentologia-local","status":"publish","type":"post","link":"https:\/\/www.hoymercedes.com.ar\/principal\/2012\/05\/16\/impulsan-crear-registro-de-accidentologia-local\/","title":{"rendered":"Impulsan crear registro de accidentolog\u00eda local"},"content":{"rendered":"<p>Impulsan la creaci\u00f3n en nuestra ciudad de un Registro de Accidentolog\u00eda que permita analizar causas y consecuencias y as\u00ed legislar de manera preventiva. Pedir\u00e1n informes a Control Urbano<\/p>\n<p>Desde hace ya algunos d\u00edas, el Movimiento Mercedino para la Victoria viene trabajando en acciones directas que tienen mucho que ver con el tr\u00e1nsito y os accidentes que se producen en nuestra ciudad peo ahora ya han tomado un impulso mucho mayor a punto tal que pretenden que se puedan introducir en Mercedes el llamado Registro de Accidentolog\u00eda.<\/p>\n<p>Consultada la concejal Celeste Burone explic\u00f3 \u201cexiste en la provincia de Buenos Aires una ley a la cual nuestro municipio en su momento adhiri\u00f3 y es por ello que pedimos que se la respete y se la haga respetar y esto va de la mano por nuestra preocupaci\u00f3n relacionada con la elevada cantidad de accidentes de tr\u00e1nsito que se registran por d\u00eda en Mercedes siendo en la gran mayor\u00eda de los casos al menos uno de los protagonista una moto.<\/p>\n<p>Se trata de la ley 13927 que tiene en su art\u00edculo 12 que haya un registro de accidentolog\u00eda y que cada una de las ciudades donde dicho registro se implementa se pueda trabajar con el mismo buscando un diagn\u00f3stico de los tipos de accidentes que ocurrieron para poder dar formaci\u00f3n a pol\u00edticas p\u00fablicas de trabajo orientadas a la prevenci\u00f3n de accidentes.<\/p>\n<p>Lamentablemente chocamos con una respuesta en el Concejo un tanto asombrosa, que no hab\u00edan le\u00eddo la ley y eso llama la atenci\u00f3n porque no se trata de concejales nuevos, son la mayor\u00eda quienes ya est\u00e1n desde hace dos a\u00f1os y conocen perfectamente que si recibimos el Orden del D\u00eda los viernes es para poder durante el fin de semana y el propio lunes poder leer los temas y si hace falta consultar alguna ley poder hacerlo sin problemas por lo cual no nos dieron la tabla para el tratamiento del proyecto y el mismo fue girado a comisi\u00f3n para poder evaluarla.<\/p>\n<p>En definitiva en la reuni\u00f3n de Comisi\u00f3n de Acci\u00f3n Social que realizamos esta ma\u00f1ana (por ayer martes) se resolvi\u00f3 solicitar a la Secretar\u00eda de Control Urbano que nos remita un informe si en dicha \u00e1rea se lleva un registro accidentol\u00f3gico.<\/p>\n<p>En lo personal no estaba muy de acuerdo pero lo importante es tratar de sacar el proyecto y en el mismo deber\u00eda tambi\u00e9n trabajar el Hospital porque los accidentes de transito constituyen la tercera causa m\u00e1s importante de muertes en todo el pa\u00eds.<\/p>\n<p>Este municipio est\u00e1 cumpliendo con su tercera gesti\u00f3n entonces es muy probable que tenga alg\u00fan tipo de registro pero lo m\u00e1s importante es que haya uno bien hecho, con todos los detalles y de esa manera poder trabajar legislando de manera preventiva\u201d<\/p>\n<p>M\u00e1s adelante la edil del Frente Mercedino se refiri\u00f3 a una serie de murales que est\u00e1n pint\u00e1ndose en diferentes sectores de la ciudad expresando \u201ces verdad, junto los integrantes del bloque decidimos esta campa\u00f1a a trav\u00e9s de dibujos con contenidos explicativos, de esa manera la gente que separa a ver lo que est\u00e1 dibujado puede leer el mensaje que dejamos teniendo siempre como punto de partida evitar cualquier tipo de accidente en materia vial.<\/p>\n<p>Queremos ocuparnos de manera plena en el tema transito, yo veo que todo el mundo se muestra preocupado, pero falta justamente la ocupaci\u00f3n, es decir que aporten algo para que los mismo disminuyan, nosotros como partido pol\u00edtico estamos muy preocupados y ocupados en el tema entonces como proyecto de protecci\u00f3n a los Derechos Humanos salimos todo el fin de semana a pintar dibujo con el personaje de Clemente tambi\u00e9n como un homenaje a Caloi recientemente fallecido porque clemente es un personaje netamente nuestro, es decir netamente argentino\u201d<\/p>\n","protected":false},"excerpt":{"rendered":"<p>Impulsan la creaci\u00f3n en nuestra ciudad de un Registro de Accidentolog\u00eda que permita analizar causas y consecuencias y as\u00ed legislar &#8230; <a title=\"Impulsan crear registro de accidentolog\u00eda local\" class=\"read-more\" href=\"https:\/\/www.hoymercedes.com.ar\/principal\/2012\/05\/16\/impulsan-crear-registro-de-accidentologia-local\/\" aria-label=\"Leer m\u00e1s sobre Impulsan crear registro de accidentolog\u00eda local\">Leer m\u00e1s<\/a><\/p>\n","protected":false},"author":1,"featured_media":0,"comment_status":"open","ping_status":"open","sticky":false,"template":"","format":"standard","meta":{"_monsterinsights_skip_tracking":false,"_monsterinsights_sitenote_active":false,"_monsterinsights_sitenote_note":"","_monsterinsights_sitenote_category":0,"jetpack_post_was_ever_published":false,"_jetpack_newsletter_access":"","_jetpack_dont_email_post_to_subs":false,"_jetpack_newsletter_tier_id":0,"_jetpack_memberships_contains_paywalled_content":false,"_jetpack_memberships_contains_paid_content":false,"footnotes":"","jetpack_publicize_message":"","jetpack_publicize_feature_enabled":true,"jetpack_social_post_already_shared":false,"jetpack_social_options":{"image_generator_settings":{"template":"highway","default_image_id":0,"font":"","enabled":false},"version":2},"_wpas_customize_per_network":false},"categories":[5],"tags":[379],"class_list":["post-12934","post","type-post","status-publish","format-standard","hentry","category-politica","tag-frente-mercedino-para-la-victoria","generate-columns","tablet-grid-50","mobile-grid-100","grid-parent","grid-50"],"jetpack_publicize_connections":[],"jetpack_featured_media_url":"","wps_subtitle":"","jetpack_sharing_enabled":true,"_links":{"self":[{"href":"https:\/\/www.hoymercedes.com.ar\/principal\/wp-json\/wp\/v2\/posts\/12934","targetHints":{"allow":["GET"]}}],"collection":[{"href":"https:\/\/www.hoymercedes.com.ar\/principal\/wp-json\/wp\/v2\/posts"}],"about":[{"href":"https:\/\/www.hoymercedes.com.ar\/principal\/wp-json\/wp\/v2\/types\/post"}],"author":[{"embeddable":true,"href":"https:\/\/www.hoymercedes.com.ar\/principal\/wp-json\/wp\/v2\/users\/1"}],"replies":[{"embeddable":true,"href":"https:\/\/www.hoymercedes.com.ar\/principal\/wp-json\/wp\/v2\/comments?post=12934"}],"version-history":[{"count":0,"href":"https:\/\/www.hoymercedes.com.ar\/principal\/wp-json\/wp\/v2\/posts\/12934\/revisions"}],"wp:attachment":[{"href":"https:\/\/www.hoymercedes.com.ar\/principal\/wp-json\/wp\/v2\/media?parent=12934"}],"wp:term":[{"taxonomy":"category","embeddable":true,"href":"https:\/\/www.hoymercedes.com.ar\/principal\/wp-json\/wp\/v2\/categories?post=12934"},{"taxonomy":"post_tag","embeddable":true,"href":"https:\/\/www.hoymercedes.com.ar\/principal\/wp-json\/wp\/v2\/tags?post=12934"}],"curies":[{"name":"wp","href":"https:\/\/api.w.org\/{rel}","templated":true}]}}